{"id":65996,"date":"2026-03-04T00:35:51","date_gmt":"2026-03-04T03:35:51","guid":{"rendered":"https:\/\/mussicom.com\/pre-libertadores-botafogo-arranca-empate-com-barcelona-em-guayaquil\/"},"modified":"2026-03-04T00:35:51","modified_gmt":"2026-03-04T03:35:51","slug":"pre-libertadores-botafogo-arranca-empate-com-barcelona-em-guayaquil","status":"publish","type":"post","link":"https:\/\/mussicom.com\/noticias\/pre-libertadores-botafogo-arranca-empate-com-barcelona-em-guayaquil\/","title":{"rendered":"Pr\u00e9-Libertadores: Botafogo arranca empate com Barcelona em Guayaquil"},"content":{"rendered":"<p> <br \/>\n<\/p>\n<div>\n<p>O Botafogo arrancou um empate de 1 a 1 com o Barcelona de Guayaquil (Equador), na noite desta ter\u00e7a-feira (3) no est\u00e1dio Monumental de Guayaquil, na partida de ida da terceira fase pr\u00e9via da Copa Libertadores da Am\u00e9rica, a primeira antes da fase de grupos.<img decoding=\"async\" src=\"https:\/\/agenciabrasil.ebc.com.br\/ebc.gif?id=1680452&amp;o=node\" style=\"width:1px; height:1px; display:inline;\"\/><\/p>\n<blockquote class=\"twitter-tweet\">\n<p dir=\"ltr\" lang=\"pt\" xml:lang=\"pt\">\ud83c\uddea\ud83c\udde8\ud83c\udde7\ud83c\uddf7 Tudo igual!<\/p>\n<p>\ud83d\udcaa<a href=\"https:\/\/twitter.com\/BarcelonaSC?ref_src=twsrc%5Etfw\">@BarcelonaSC<\/a> e <a href=\"https:\/\/twitter.com\/Botafogo?ref_src=twsrc%5Etfw\">@Botafogo<\/a> empataram por 1-1 na abertura da Fase 3 da CONMEBOL <a href=\"https:\/\/twitter.com\/hashtag\/Libertadores?src=hash&amp;ref_src=twsrc%5Etfw\">#Libertadores<\/a>!<a href=\"https:\/\/twitter.com\/hashtag\/GloriaEterna?src=hash&amp;ref_src=twsrc%5Etfw\">#GloriaEterna<\/a> <a href=\"https:\/\/t.co\/Sp7L1Mxtkh\">pic.twitter.com\/Sp7L1Mxtkh<\/a><\/p>\n<p>\u2014 CONMEBOL Libertadores (@LibertadoresBR) <a href=\"https:\/\/twitter.com\/LibertadoresBR\/status\/2029019965945151812?ref_src=twsrc%5Etfw\">March 4, 2026<\/a><\/p><\/blockquote>\n<p>Gra\u00e7as a este resultado, o Alvinegro de General Severiano precisa apenas de uma vit\u00f3ria simples, no confronto de volta, que ser\u00e1 disputado no est\u00e1dio General Severiano, no Rio de Janeiro, na pr\u00f3xima ter\u00e7a-feira (10) a partir das 21h30 (hor\u00e1rio de Bras\u00edlia).<\/p>\n<p>Com a sua equipe atuando fora de casa, o t\u00e9cnico argentino Mart\u00edn Anselmi optou por uma estrat\u00e9gia pragm\u00e1tica no primeiro tempo, aguardando pelo advers\u00e1rio no campo de defesa e apostando nas transi\u00e7\u00f5es r\u00e1pidas para o ataque. Por\u00e9m, esta aposta n\u00e3o foi efetiva, e o time equatoriano, que for\u00e7ou as bolas levantadas na \u00e1rea botafoguense, foi mais eficiente para abrir o marcador.<\/p>\n<p>Aos 22 minutos o goleiro L\u00e9o Linck deu um chut\u00e3o. Por\u00e9m, rapidamente a equipe equatoriana rebateu a bola, que sobrou\u00a0para o atacante Villalba, que finalizou duas vezes seguidas para superar o goleiro brasileiro.<\/p>\n<p>Em desvantagem no marcador, o Botafogo passou a se arriscar mais, e chegou a criar boas oportunidades de marcar. Por\u00e9m, o empate s\u00f3 foi alcan\u00e7ado ap\u00f3s o intervalo.<\/p>\n<p>Aos 20 minutos, o meia colombiano Jordan Barrera avan\u00e7ou pela direita e cruzou para o meio da \u00e1rea, onde o volante C\u00e9liz furou e a bola sobrou para Matheus Martins, que bateu colocado para superar o goleiro Contreras e\u00a0dar n\u00fameros finais ao marcador.<\/p>\n<p>      <!-- Relacionada --><\/p>\n<p>            <!-- Relacionada -->\n    <\/div>\n<p><script async src=\"\/\/platform.twitter.com\/widgets.js\" charset=\"utf-8\"><\/script><br \/>\n<br \/><br \/>\n<br \/>Fonte: <a href=\"https:\/\/agenciabrasil.ebc.com.br\/esportes\/noticia\/2026-03\/pre-libertadores-botafogo-arranca-empate-com-barcelona-em-guayaquil\">Ag\u00eancia Brasil<\/a><\/p>\n","protected":false},"excerpt":{"rendered":"<p>O Botafogo arrancou um empate de 1 a 1 com o Barcelona de Guayaquil (Equador), na noite desta ter\u00e7a-feira (3) no est\u00e1dio Monumental de Guayaquil, na partida de ida da terceira fase pr\u00e9via da Copa Libertadores da Am\u00e9rica, a primeira antes da fase de grupos. \ud83c\uddea\ud83c\udde8\ud83c\udde7\ud83c\uddf7 Tudo igual! \ud83d\udcaa@BarcelonaSC e @Botafogo empataram por 1-1 na [&hellip;]<\/p>\n","protected":false},"author":5,"featured_media":65997,"comment_status":"open","ping_status":"open","sticky":false,"template":"","format":"standard","meta":{"_seopress_robots_primary_cat":"","_seopress_titles_title":"","_seopress_titles_desc":"","_seopress_robots_index":"","footnotes":""},"categories":[40],"tags":[],"class_list":["post-65996","post","type-post","status-publish","format-standard","has-post-thumbnail","hentry","category-esportes"],"_links":{"self":[{"href":"https:\/\/mussicom.com\/noticias\/wp-json\/wp\/v2\/posts\/65996","targetHints":{"allow":["GET"]}}],"collection":[{"href":"https:\/\/mussicom.com\/noticias\/wp-json\/wp\/v2\/posts"}],"about":[{"href":"https:\/\/mussicom.com\/noticias\/wp-json\/wp\/v2\/types\/post"}],"author":[{"embeddable":true,"href":"https:\/\/mussicom.com\/noticias\/wp-json\/wp\/v2\/users\/5"}],"replies":[{"embeddable":true,"href":"https:\/\/mussicom.com\/noticias\/wp-json\/wp\/v2\/comments?post=65996"}],"version-history":[{"count":0,"href":"https:\/\/mussicom.com\/noticias\/wp-json\/wp\/v2\/posts\/65996\/revisions"}],"wp:featuredmedia":[{"embeddable":true,"href":"https:\/\/mussicom.com\/noticias\/wp-json\/wp\/v2\/media\/65997"}],"wp:attachment":[{"href":"https:\/\/mussicom.com\/noticias\/wp-json\/wp\/v2\/media?parent=65996"}],"wp:term":[{"taxonomy":"category","embeddable":true,"href":"https:\/\/mussicom.com\/noticias\/wp-json\/wp\/v2\/categories?post=65996"},{"taxonomy":"post_tag","embeddable":true,"href":"https:\/\/mussicom.com\/noticias\/wp-json\/wp\/v2\/tags?post=65996"}],"curies":[{"name":"wp","href":"https:\/\/api.w.org\/{rel}","templated":true}]}}