{"id":65937,"date":"2026-03-03T19:29:33","date_gmt":"2026-03-03T22:29:33","guid":{"rendered":"https:\/\/mussicom.com\/filipe-martins-volta-a-cadeia-considerada-insegura-apos-ordem-de-moraes\/"},"modified":"2026-03-03T19:29:33","modified_gmt":"2026-03-03T22:29:33","slug":"filipe-martins-volta-a-cadeia-considerada-insegura-apos-ordem-de-moraes","status":"publish","type":"post","link":"https:\/\/mussicom.com\/noticias\/filipe-martins-volta-a-cadeia-considerada-insegura-apos-ordem-de-moraes\/","title":{"rendered":"Filipe Martins volta a cadeia considerada insegura ap\u00f3s ordem de Moraes"},"content":{"rendered":"<p> <br \/>\n<\/p>\n<div id=\"tp-post-content\">\n<p class=\"postParagraph_post-paragraph__juWZN postParagraph_post-paragraph-innerHtml__Q5vwc\">O ex-assessor Filipe Martins voltou \u00e0 Casa de Cust\u00f3dia de Ponta Grossa (PR) na tarde desta ter\u00e7a-feira (3). A Pol\u00edcia Penal do Paran\u00e1 informou a transfer\u00eancia em of\u00edcio ao ministro do Supremo Tribunal Federal (STF) Alexandre de Moraes. A opera\u00e7\u00e3o ocorre em cumprimento \u00e0 determina\u00e7\u00e3o do ministro, que questionou a transfer\u00eancia para o Complexo M\u00e9dico Penal do Paran\u00e1 (CMP) sem a sua autoriza\u00e7\u00e3o.<\/p>\n<p class=\"postParagraph_post-paragraph__juWZN postParagraph_post-paragraph-innerHtml__Q5vwc\">O retorno ocorreu sob escolta policial e levou pouco mais de duas horas. No of\u00edcio, a Pol\u00edcia Penal apenas informa que cumpre a ordem do ministro, sem citar se houve a melhora nas condi\u00e7\u00f5es prisionais da cadeia de Ponta Grossa.<\/p>\n<div class=\"postViewMore_post-view-more-container___5wai\" data-mrf-recirculation=\"Post - Veja tamb\u00e9m\">\n<p class=\"gp-styles-module-size-small-afeYRa gp-styles-module-font-family2-afeYRa gp-styles-module-color-secondary-afeYRa gp-styles-module-weight-bold-afeYRa\">VEJA TAMB\u00c9M:<\/p>\n<ul class=\"postViewMore_post-view-more-list__CU_CE\">\n<li class=\"postViewMore_post-view-more-item__2MzRb\"><span class=\"postViewMore_post-view-more-link-icon___stPC\"><svg xmlns=\"http:\/\/www.w3.org\/2000\/svg\" width=\"16\" height=\"16\" viewbox=\"0 0 16 16\"><rect width=\"16\" height=\"16\" fill=\"none\"\/><g transform=\"translate(3 3)\"><path d=\"M22.5,15l3.4,3.4-3.4,3.4\" transform=\"translate(-15.896 -11.793)\" fill=\"none\" stroke=\"#717171\" stroke-linecap=\"round\" stroke-width=\"1.4\"\/><path d=\"M6,6v4.2a2.452,2.452,0,0,0,2.5,2.4H16\" transform=\"translate(-6 -6)\" fill=\"none\" stroke=\"#717171\" stroke-linecap=\"round\" stroke-width=\"1.4\"\/><\/g><\/svg><\/span><span class=\"postViewMore_post-view-more-link-text__hO_kM\">Pol\u00edcia Penal alega urg\u00eancia ao explicar transfer\u00eancia de Filipe Martins sem aval de Moraes<\/span><\/li>\n<li class=\"postViewMore_post-view-more-item__2MzRb\"><span class=\"postViewMore_post-view-more-link-icon___stPC\"><svg xmlns=\"http:\/\/www.w3.org\/2000\/svg\" width=\"16\" height=\"16\" viewbox=\"0 0 16 16\"><rect width=\"16\" height=\"16\" fill=\"none\"\/><g transform=\"translate(3 3)\"><path d=\"M22.5,15l3.4,3.4-3.4,3.4\" transform=\"translate(-15.896 -11.793)\" fill=\"none\" stroke=\"#717171\" stroke-linecap=\"round\" stroke-width=\"1.4\"\/><path d=\"M6,6v4.2a2.452,2.452,0,0,0,2.5,2.4H16\" transform=\"translate(-6 -6)\" fill=\"none\" stroke=\"#717171\" stroke-linecap=\"round\" stroke-width=\"1.4\"\/><\/g><\/svg><\/span><span class=\"postViewMore_post-view-more-link-text__hO_kM\">Moraes cobra autoridades do PR sobre transfer\u00eancia de Filipe Martins sem ser consultado<\/span><\/li>\n<\/ul>\n<\/div>\n<h2 class=\"postParagraph_post-paragraph__juWZN postParagraph_post-paragraph-innerHtml__Q5vwc postParagraph_type-tag-h2__TtFkT\">Transfer\u00eancia gerou advert\u00eancia de Moraes e pedido de explica\u00e7\u00f5es<\/h2>\n<div class=\"postImage_post-content-image__2CJdu\"><picture class=\"imageDefault_image-container__XGd8_\"><source type=\"image\/webp\" srcset=\"https:\/\/media.gazetadopovo.com.br\/2026\/03\/03175955\/54973694974_f07ab48c6e_c-660x372.jpg.webp 660w, https:\/\/media.gazetadopovo.com.br\/2026\/03\/03175955\/54973694974_f07ab48c6e_c-540x360.jpg.webp 540w, https:\/\/media.gazetadopovo.com.br\/2026\/03\/03175955\/54973694974_f07ab48c6e_c-380x214.jpg.webp 380w, https:\/\/media.gazetadopovo.com.br\/2026\/03\/03175955\/54973694974_f07ab48c6e_c-372x372.jpg.webp 372w, https:\/\/media.gazetadopovo.com.br\/2026\/03\/03175955\/54973694974_f07ab48c6e_c-214x214.jpg.webp 214w, https:\/\/media.gazetadopovo.com.br\/2026\/03\/03175955\/54973694974_f07ab48c6e_c.jpg.webp 799w\" sizes=\"(max-width: 767px) 328px, 638px\"\/><source type=\"image\/jpeg\" srcset=\"https:\/\/media.gazetadopovo.com.br\/2026\/03\/03175955\/54973694974_f07ab48c6e_c-660x372.jpg.webp 660w, https:\/\/media.gazetadopovo.com.br\/2026\/03\/03175955\/54973694974_f07ab48c6e_c-540x360.jpg.webp 540w, https:\/\/media.gazetadopovo.com.br\/2026\/03\/03175955\/54973694974_f07ab48c6e_c-380x214.jpg.webp 380w, https:\/\/media.gazetadopovo.com.br\/2026\/03\/03175955\/54973694974_f07ab48c6e_c-372x372.jpg.webp 372w, https:\/\/media.gazetadopovo.com.br\/2026\/03\/03175955\/54973694974_f07ab48c6e_c-214x214.jpg.webp 214w, https:\/\/media.gazetadopovo.com.br\/2026\/03\/03175955\/54973694974_f07ab48c6e_c.jpg.webp 799w\" sizes=\"(max-width: 767px) 328px, 638px\"\/><\/picture><i class=\"postImage_post-image-caption__yoE82\">Ap\u00f3s transfer\u00eancia n\u00e3o autorizada, equipe m\u00e9dica constatou pr\u00e9-diabetes e iniciou monitoramento. Mesmo assim, Pol\u00edcia Penal cumpriu ordem de Moraes e retirou Filipe Martins de complexo m\u00e9dico. <!-- --> <!-- -->(Foto: Rosinei Coutinho\/STF)<\/i><\/div>\n<p class=\"postParagraph_post-paragraph__juWZN postParagraph_post-paragraph-innerHtml__Q5vwc\">Ao justificar a transfer\u00eancia n\u00e3o autorizada por Moraes, a Pol\u00edcia Penal argumentou que havia uma &#8220;urg\u00eancia operacional&#8221; em raz\u00e3o da necessidade de preservar a seguran\u00e7a de Filipe Martins. A coordena\u00e7\u00e3o em Ponta Grossa argumentou que &#8220;o custodiado possui hist\u00f3rico de exerc\u00edcio em fun\u00e7\u00e3o p\u00fablica, o que o coloca em condi\u00e7\u00e3o diferenciada de risco no conv\u00edvio com a popula\u00e7\u00e3o carcer\u00e1ria comum&#8221;.<\/p>\n<p class=\"postParagraph_post-paragraph__juWZN postParagraph_post-paragraph-innerHtml__Q5vwc\">A transfer\u00eancia ocorreu no dia 6 de janeiro. Na ocasi\u00e3o, foi realizado um exame m\u00e9dico que constatou pr\u00e9-diabetes, ac\u00famulo de gordura no f\u00edgado e pedras nos rins. Apesar de ter sido classificado como de baixo risco, ele ficou sob observa\u00e7\u00e3o da equipe.<\/p>\n<p class=\"postParagraph_post-paragraph__juWZN postParagraph_post-paragraph-innerHtml__Q5vwc\">Filipe Martins foi condenado a 21 anos de pris\u00e3o, acusado de participar da elabora\u00e7\u00e3o da chamada &#8220;minuta do golpe&#8221;, parte do suposto plano de golpe de Estado que teria como mentor e benefici\u00e1rio principal o ex-presidente Jair Bolsonaro (PL). Durante o processo, o controle de fronteiras dos Estados Unidos veio a p\u00fablico para negar que o ex-assessor viajou ao pa\u00eds, afirma\u00e7\u00e3o utilizada para embasar sua pris\u00e3o preventiva.<\/p>\n<\/div>\n<p><br \/>\n<br \/>Fonte: <a href=\"https:\/\/www.gazetadopovo.com.br\/republica\/filipe-martins-volta-a-cadeia-considerada-insegura-apos-ordem-de-moraes\/\">Revista Oeste<\/a><\/p>\n","protected":false},"excerpt":{"rendered":"<p>O ex-assessor Filipe Martins voltou \u00e0 Casa de Cust\u00f3dia de Ponta Grossa (PR) na tarde desta ter\u00e7a-feira (3). A Pol\u00edcia Penal do Paran\u00e1 informou a transfer\u00eancia em of\u00edcio ao ministro do Supremo Tribunal Federal (STF) Alexandre de Moraes. A opera\u00e7\u00e3o ocorre em cumprimento \u00e0 determina\u00e7\u00e3o do ministro, que questionou a transfer\u00eancia para o Complexo M\u00e9dico [&hellip;]<\/p>\n","protected":false},"author":5,"featured_media":65938,"comment_status":"open","ping_status":"open","sticky":false,"template":"","format":"standard","meta":{"_seopress_robots_primary_cat":"","_seopress_titles_title":"","_seopress_titles_desc":"","_seopress_robots_index":"","footnotes":""},"categories":[1],"tags":[],"class_list":["post-65937","post","type-post","status-publish","format-standard","has-post-thumbnail","hentry","category-ultimas-noticias"],"_links":{"self":[{"href":"https:\/\/mussicom.com\/noticias\/wp-json\/wp\/v2\/posts\/65937","targetHints":{"allow":["GET"]}}],"collection":[{"href":"https:\/\/mussicom.com\/noticias\/wp-json\/wp\/v2\/posts"}],"about":[{"href":"https:\/\/mussicom.com\/noticias\/wp-json\/wp\/v2\/types\/post"}],"author":[{"embeddable":true,"href":"https:\/\/mussicom.com\/noticias\/wp-json\/wp\/v2\/users\/5"}],"replies":[{"embeddable":true,"href":"https:\/\/mussicom.com\/noticias\/wp-json\/wp\/v2\/comments?post=65937"}],"version-history":[{"count":0,"href":"https:\/\/mussicom.com\/noticias\/wp-json\/wp\/v2\/posts\/65937\/revisions"}],"wp:featuredmedia":[{"embeddable":true,"href":"https:\/\/mussicom.com\/noticias\/wp-json\/wp\/v2\/media\/65938"}],"wp:attachment":[{"href":"https:\/\/mussicom.com\/noticias\/wp-json\/wp\/v2\/media?parent=65937"}],"wp:term":[{"taxonomy":"category","embeddable":true,"href":"https:\/\/mussicom.com\/noticias\/wp-json\/wp\/v2\/categories?post=65937"},{"taxonomy":"post_tag","embeddable":true,"href":"https:\/\/mussicom.com\/noticias\/wp-json\/wp\/v2\/tags?post=65937"}],"curies":[{"name":"wp","href":"https:\/\/api.w.org\/{rel}","templated":true}]}}