{"id":65933,"date":"2026-03-03T19:26:32","date_gmt":"2026-03-03T22:26:32","guid":{"rendered":"https:\/\/mussicom.com\/ze-manoel-leva-o-seu-novo-show-do-sambalanco-ao-pagode-90-ao-sesc-santos\/"},"modified":"2026-03-03T19:26:32","modified_gmt":"2026-03-03T22:26:32","slug":"ze-manoel-leva-o-seu-novo-show-do-sambalanco-ao-pagode-90-ao-sesc-santos","status":"publish","type":"post","link":"https:\/\/mussicom.com\/noticias\/ze-manoel-leva-o-seu-novo-show-do-sambalanco-ao-pagode-90-ao-sesc-santos\/","title":{"rendered":"Z\u00e9 Manoel leva o seu novo show &#8220;Do Sambalan\u00e7o ao Pagode 90&#8221; ao SESC Santos"},"content":{"rendered":"<p> <br \/>\n<\/p>\n<div id=\"texto\">\n<p>Aten\u00e7\u00e3o, ouvintes: a nostalgia e o pagode se fazem presentes para fazer o p\u00fablico dan\u00e7ar. O cantor, compositor e pianista Z\u00e9 Manoel apresenta o show &#8220;Do Sambalan\u00e7o ao Pagode 90&#8221; no SESC Santos, no dia 07 de mar\u00e7o, \u00e0s 20h, com participa\u00e7\u00f5es especiais de Eliana Pittman, Evandro Okan e Thalma de Freitas.\u00a0<\/p>\n<p>\u00a0<\/p>\n<p>O espet\u00e1culo prop\u00f5e uma viagem musical e dan\u00e7ante pela hist\u00f3ria do samba urbano brasileiro, especialmente aquele forjado nas pistas, nos clubes, nos bailinhos suburbanos e no inconsciente coletivo. S\u00e3o Paulo criou, ao longo das d\u00e9cadas, um estilo popular, dominantemente negro, que ecoou nos r\u00e1dios, no com\u00e9rcio de rua, na televis\u00e3o e nas festas de bairro \u2014 um hit popular que entrou sem pedir licen\u00e7a e permanece at\u00e9 hoje como marca indel\u00e9vel da cultura brasileira.<\/p>\n<p>\u00a0<\/p>\n<p>Resultado de um projeto de pesquisa idealizado por Z\u00e9 Manoel, o show constr\u00f3i uma linha do tempo sonora que parte do samba-jazz e do sambalan\u00e7o dos anos 1960, atravessa a ginga do samba-rock \u2014 com refer\u00eancias diretas ao lend\u00e1rio Trio Mocot\u00f3 \u2014 e desemboca na pulsa\u00e7\u00e3o afetiva do pagode rom\u00e2ntico dos anos 1990. Mais do que um roteiro fechado, o espet\u00e1culo se organiza como um exerc\u00edcio de mem\u00f3ria em movimento: flex\u00edvel, aberto a encontros, criando pontes entre o passado e o presente.<\/p>\n<p>\u00a0<\/p>\n<p>Em um tempo pr\u00e9-internet, bailes eram territ\u00f3rios de sociabilidade, desejo e conquista. Festas de anivers\u00e1rio, eventos de bairro, equipes de som e atra\u00e7\u00f5es locais eram o cen\u00e1rio ideal para vestir a melhor roupa, caprichar no perfume e deixar a dan\u00e7a falar. Namoros e casamentos come\u00e7aram \u2014 e terminaram \u2014 em sal\u00f5es que iam da Lapa ao Jabaquara. Esses afetos cotidianos, entre frustra\u00e7\u00f5es e esperan\u00e7as, tornaram-se mat\u00e9ria-prima de melodias e letras que o p\u00fablico reconhecia como suas.<\/p>\n<p>\u00a0<\/p>\n<p>Exemplo emblem\u00e1tico dessa cena foi o baile do Chic Show, no Gin\u00e1sio do Palmeiras, s\u00edmbolo de como a m\u00fasica de qualidade, aliada \u00e0 for\u00e7a popular, sustentou por anos o sucesso dos grandes bailes. Mesmo estruturas modestas foram suficientes para marcar gera\u00e7\u00f5es \u2014 basta percorrer os coment\u00e1rios de can\u00e7\u00f5es no YouTube para perceber o quanto essas m\u00fasicas permanecem vivas.<\/p>\n<p>\u00a0<\/p>\n<p>Nesse universo, entender a l\u00f3gica da pista era papel dos discotec\u00e1rios \u2014 n\u00e3o confundir com DJs \u2014, guardi\u00f5es da mem\u00f3ria dos bailes de nostalgia e do samba rock. Com equipamentos simples, arquivos raros e profundo conhecimento hist\u00f3rico e social, esses her\u00f3is do som difundiam verdadeiros tesouros musicais, muitas vezes mantidos em segredo por rivalidades entre equipes. Can\u00e7\u00f5es como &#8220;Grilos da Vida&#8221;, de Jardes, ou &#8220;You Send Me&#8221;, de Roy Ayers, foram redescobertas anos depois, assim como a fus\u00e3o entre funk e soul estrangeiros com o ethos brasileiro que deu origem ao samba rock: Jorge Ben, Tim Maia, Benito di Paula, al\u00e9m de nomes como Luiz Vagner, Bebeto, Marku Ribas, Di Melo, Originais do Samba e Willie Santanna.<\/p>\n<p>\u00a0<\/p>\n<p>As d\u00e9cadas de 1980 e 1990 viram florescer uma nova juventude, ainda mais ecl\u00e9tica, que ocupou o espa\u00e7o urbano por meio do pagode rom\u00e2ntico \u2014 movimento que teve S\u00e3o Paulo como ber\u00e7o. Ra\u00e7a Negra, Negritude Jr., S\u00f3 Pra Contrariar, Eliana de Lima, Exaltasamba, Soweto e tantas outras bandas transformaram garotos humildes em estrelas nacionais, impulsionadas por programas populares e revistas de m\u00fasica.<\/p>\n<p>\u00a0<\/p>\n<p>Por isso, can\u00e7\u00f5es como &#8220;Meu Guarda-Chuva&#8221;, &#8220;Fato Consumado&#8221;, &#8220;Charlie Brown&#8221; e &#8220;Falador Passa Mal&#8221; n\u00e3o poderiam ficar de fora. Com dire\u00e7\u00e3o musical de Thiaguinho Silva e produ\u00e7\u00e3o executiva da Nova Raiz Produ\u00e7\u00f5es, no Carnaval do Recife, &#8220;Do Sambalan\u00e7o ao Pagode 90&#8221; se afirma como um grande baile coletivo, onde swing, pulsa\u00e7\u00e3o e mem\u00f3ria conduzem o corpo. \u00d3timo baile \u2014 e tenha f\u00e9: amanh\u00e3 um lindo dia vai nascer.<\/p>\n<p>\u00a0<\/p>\n<p><strong>Sobre Z\u00e9 Manoel<\/strong><\/p>\n<p>Jos\u00e9 Manoel de Carvalho Neto, conhecido artisticamente como Z\u00e9 Manoel, nasceu em Petrolina, Pernambuco. Desde cedo, demonstrou talento e paix\u00e3o pela m\u00fasica, o que o levou a estudar na Universidade Federal de Pernambuco. Sua carreira come\u00e7ou a ganhar destaque com o lan\u00e7amento de seu disco de estreia, &#8220;Z\u00e9 Manoel&#8221;, em 2012, seguido por &#8220;Can\u00e7\u00e3o e Sil\u00eancio&#8221; em 2015, e &#8220;Del\u00edrio de um Romance a C\u00e9u Aberto&#8221;, em 2016, sendo este, vencedor do Pr\u00eamio da M\u00fasica Brasileira na categoria Projeto Especial. Aclamado pela cr\u00edtica, Z\u00e9 Manoel rapidamente se estabeleceu como um dos grandes nomes da nova MPB.<\/p>\n<p>\u00a0<\/p>\n<p>Em 2021, seu \u00e1lbum &#8220;Do Meu Cora\u00e7\u00e3o Nu&#8221; foi indicado ao Grammy Latino de Melhor \u00c1lbum de M\u00fasica Popular Brasileira. Z\u00e9 Manoel \u00e9 conhecido por suas composi\u00e7\u00f5es sutis e profundas, influenciadas pelas \u00e1guas do rio S\u00e3o Francisco e pela rica cultura nordestina. Ao longo de sua carreira, ele colaborou com renomados artistas brasileiros como Ala\u00edde Costa, Adriana Calcanhoto, Maria Beth\u00e2nia, N\u00e1 Ozzeti, Jussara Mar\u00e7al, Elba Ramalho, Faf\u00e1 de Bel\u00e9m, Ana Carolina e Vanessa da Mata. Atualmente est\u00e1 em turn\u00ea por todo o Brasil com o show &#8220;Amaro Freitas e Z\u00e9 Manoel interpretam Clube da Esquina&#8221;, ao lado do pianista Amaro Freitas.<\/p>\n<p>\u00a0<\/p>\n<p>Z\u00e9 Manoel continua a inovar e evoluir em sua m\u00fasica, sempre buscando novas formas de expressar suas experi\u00eancias e emo\u00e7\u00f5es. Seu trabalho \u00e9 uma fus\u00e3o de tradi\u00e7\u00e3o e modernidade, resultando em uma sonoridade \u00fanica e cativante que ressoa profundamente com o p\u00fablico.<\/p>\n<p>\u00a0<\/p>\n<p>&#13;<br \/>\n\u00a0<\/p>\n<p>\u00a0<\/p>\n<p>\u00a0<\/p>\n<p><strong>Servi\u00e7o:<\/strong><\/p>\n<p><strong>Z\u00e9 Manoel \u2013 &#8220;Do Sambalan\u00e7o ao Pagode 90&#8221;<\/strong><br \/>&#13;<br \/>\n<strong\/><strong>\u00a0SESC Santos<\/strong><br \/>&#13;<br \/>\n\u00a0<strong>07 de mar\u00e7o de 2026 (s\u00e1bado)<\/strong><br \/>&#13;<br \/>\n\u00a0<strong>20h<\/strong><br \/>&#13;<br \/>\n\ufe0f\u00a0<strong>Ingressos:\u00a0https:\/\/www.sescsp.org.br\/programacao\/ze-manoel-thalma-de-freitas-evandro-okan-e-eliana-pittman\/<\/strong><\/p>\n<\/p><\/div>\n<p><script async defer crossorigin=\"anonymous\" src=\"https:\/\/connect.facebook.net\/pt_BR\/sdk.js#xfbml=1&#038;version=v12.0&#038;appId=&#038;autoLogAppEvents=1\" nonce=\"ou0fI1lo\"><\/script><br \/>\n<br \/><br \/>\n<br \/>Fonte: <a href=\"https:\/\/www.bs9.com.br\/variedades\/ze-manoel-leva-o-seu-novo-show-do-sambalanco-ao-pagode-90-ao-sesc\/37962\/\">BS9<\/a><\/p>\n","protected":false},"excerpt":{"rendered":"<p>Aten\u00e7\u00e3o, ouvintes: a nostalgia e o pagode se fazem presentes para fazer o p\u00fablico dan\u00e7ar. O cantor, compositor e pianista Z\u00e9 Manoel apresenta o show &#8220;Do Sambalan\u00e7o ao Pagode 90&#8221; no SESC Santos, no dia 07 de mar\u00e7o, \u00e0s 20h, com participa\u00e7\u00f5es especiais de Eliana Pittman, Evandro Okan e Thalma de Freitas.\u00a0 \u00a0 O espet\u00e1culo [&hellip;]<\/p>\n","protected":false},"author":5,"featured_media":65934,"comment_status":"open","ping_status":"open","sticky":false,"template":"","format":"standard","meta":{"_seopress_robots_primary_cat":"","_seopress_titles_title":"","_seopress_titles_desc":"","_seopress_robots_index":"","footnotes":""},"categories":[52],"tags":[],"class_list":["post-65933","post","type-post","status-publish","format-standard","has-post-thumbnail","hentry","category-santoseregiao"],"_links":{"self":[{"href":"https:\/\/mussicom.com\/noticias\/wp-json\/wp\/v2\/posts\/65933","targetHints":{"allow":["GET"]}}],"collection":[{"href":"https:\/\/mussicom.com\/noticias\/wp-json\/wp\/v2\/posts"}],"about":[{"href":"https:\/\/mussicom.com\/noticias\/wp-json\/wp\/v2\/types\/post"}],"author":[{"embeddable":true,"href":"https:\/\/mussicom.com\/noticias\/wp-json\/wp\/v2\/users\/5"}],"replies":[{"embeddable":true,"href":"https:\/\/mussicom.com\/noticias\/wp-json\/wp\/v2\/comments?post=65933"}],"version-history":[{"count":0,"href":"https:\/\/mussicom.com\/noticias\/wp-json\/wp\/v2\/posts\/65933\/revisions"}],"wp:featuredmedia":[{"embeddable":true,"href":"https:\/\/mussicom.com\/noticias\/wp-json\/wp\/v2\/media\/65934"}],"wp:attachment":[{"href":"https:\/\/mussicom.com\/noticias\/wp-json\/wp\/v2\/media?parent=65933"}],"wp:term":[{"taxonomy":"category","embeddable":true,"href":"https:\/\/mussicom.com\/noticias\/wp-json\/wp\/v2\/categories?post=65933"},{"taxonomy":"post_tag","embeddable":true,"href":"https:\/\/mussicom.com\/noticias\/wp-json\/wp\/v2\/tags?post=65933"}],"curies":[{"name":"wp","href":"https:\/\/api.w.org\/{rel}","templated":true}]}}