{"id":65863,"date":"2026-03-03T14:15:04","date_gmt":"2026-03-03T17:15:04","guid":{"rendered":"https:\/\/mussicom.com\/trump-diz-que-e-tarde-demais-para-negociar-com-o-ira\/"},"modified":"2026-03-03T14:15:04","modified_gmt":"2026-03-03T17:15:04","slug":"trump-diz-que-e-tarde-demais-para-negociar-com-o-ira","status":"publish","type":"post","link":"https:\/\/mussicom.com\/noticias\/trump-diz-que-e-tarde-demais-para-negociar-com-o-ira\/","title":{"rendered":"Trump diz que \u00e9 \u201ctarde demais\u201d para negociar com o Ir\u00e3"},"content":{"rendered":"<p> <br \/>\n<\/p>\n<div id=\"tp-post-content\">\n<p class=\"postParagraph_post-paragraph__juWZN postParagraph_post-paragraph-innerHtml__Q5vwc\">O presidente dos Estados Unidos, Donald Trump, afirmou nesta ter\u00e7a-feira (3) que o Ir\u00e3 tenta abrir di\u00e1logo para conter a guerra no Oriente M\u00e9dio, mas declarou que as condi\u00e7\u00f5es j\u00e1 n\u00e3o permitem negocia\u00e7\u00e3o.<\/p>\n<p class=\"postParagraph_post-paragraph__juWZN postParagraph_post-paragraph-innerHtml__Q5vwc\">\u201cSua defesa a\u00e9rea, sua For\u00e7a A\u00e9rea, sua Marinha e sua lideran\u00e7a n\u00e3o existem mais. Eles querem conversar. Eu disse: \u2018Tarde demais!\u2019\u201d, escreveu Trump na rede Truth Social, ao compartilhar um artigo favor\u00e1vel aos ataques publicado pelo jornal The Washington Post.<\/p>\n<p class=\"postParagraph_post-paragraph__juWZN postParagraph_post-paragraph-innerHtml__Q5vwc\">A declara\u00e7\u00e3o ocorre em meio \u00e0 escalada militar iniciada no s\u00e1bado, quando Washington, em coordena\u00e7\u00e3o com Israel, lan\u00e7ou uma opera\u00e7\u00e3o contra a Rep\u00fablica Isl\u00e2mica. A ofensiva resultou na morte do l\u00edder supremo iraniano, o aiatol\u00e1 Ali Khamenei, al\u00e9m de centenas de outras pessoas, segundo relatos.<\/p>\n<p class=\"postParagraph_post-paragraph__juWZN postParagraph_post-paragraph-innerHtml__Q5vwc\">Em entrevista \u00e0 revista The Atlantic, Trump j\u00e1 havia afirmado que autoridades iranianas buscavam contato para deter o conflito.<\/p>\n<p class=\"postParagraph_post-paragraph__juWZN postParagraph_post-paragraph-innerHtml__Q5vwc\">Do lado iraniano, o secret\u00e1rio do Conselho Supremo de Seguran\u00e7a Nacional, Ali Larijani, negou qualquer inten\u00e7\u00e3o de negocia\u00e7\u00e3o e tamb\u00e9m descartou planos de atacar diretamente os Estados Unidos. Segundo ele, a opera\u00e7\u00e3o americana foi justificada por Washington como a\u00e7\u00e3o \u201cpreventiva\u201d.<\/p>\n<h2 class=\"postParagraph_post-paragraph__juWZN postParagraph_post-paragraph-innerHtml__Q5vwc postParagraph_type-tag-h2__TtFkT\">Retalia\u00e7\u00f5es e mortes<\/h2>\n<p class=\"postParagraph_post-paragraph__juWZN postParagraph_post-paragraph-innerHtml__Q5vwc\">Ap\u00f3s os bombardeios, Teer\u00e3 respondeu com ataques a\u00e9reos contra Israel e contra pa\u00edses que abrigam bases militares americanas, como Kuwait, Bahrein, Catar, Ar\u00e1bia Saudita e Emirados \u00c1rabes Unidos.<\/p>\n<p class=\"postParagraph_post-paragraph__juWZN postParagraph_post-paragraph-innerHtml__Q5vwc\">Pelo menos seis militares americanos morreram desde o in\u00edcio da opera\u00e7\u00e3o contra o Ir\u00e3.<\/p>\n<p class=\"postParagraph_post-paragraph__juWZN postParagraph_post-paragraph-innerHtml__Q5vwc\">Diante da deteriora\u00e7\u00e3o do cen\u00e1rio, Washington fechou temporariamente sua embaixada na Ar\u00e1bia Saudita e suspendeu atividades diplom\u00e1ticas no Kuwait. O governo tamb\u00e9m recomendou que cidad\u00e3os americanos deixem 14 pa\u00edses do Oriente M\u00e9dio, entre eles Israel, L\u00edbano, Catar, Egito, Jord\u00e2nia e I\u00eamen.<\/p>\n<p class=\"postParagraph_post-paragraph__juWZN postParagraph_post-paragraph-innerHtml__Q5vwc\">Trump afirmou que a ofensiva continuar\u00e1 at\u00e9 que sejam destru\u00eddos o programa de m\u00edsseis iraniano, sua Marinha e suas capacidades nucleares. O presidente advertiu ainda que os Estados Unidos n\u00e3o lan\u00e7aram a \u201cgrande onda\u201d de ataques \u2014 o que, segundo ele, pode ocorrer \u201cmuito em breve\u201d.<\/p>\n<div class=\"postViewMore_post-view-more-container___5wai\" data-mrf-recirculation=\"Post - Veja tamb\u00e9m\">\n<p class=\"gp-styles-module-size-small-afeYRa gp-styles-module-font-family2-afeYRa gp-styles-module-color-secondary-afeYRa gp-styles-module-weight-bold-afeYRa\">VEJA TAMB\u00c9M:<\/p>\n<ul class=\"postViewMore_post-view-more-list__CU_CE\">\n<li class=\"postViewMore_post-view-more-item__2MzRb\">\n<div class=\"postViewMore_post-view-more-image__5gUSe\"><picture class=\"imageDefault_image-container__XGd8_\"><\/picture><\/div>\n<p>Ex-assessor de Trump repercute not\u00edcia brit\u00e2nica sobre Moraes \u201cestar em apuros\u201d<\/li>\n<li class=\"postViewMore_post-view-more-item__2MzRb\">\n<div class=\"postViewMore_post-view-more-image__5gUSe\"><picture class=\"imageDefault_image-container__XGd8_\"><img decoding=\"async\" class=\"imageDefault_image-item__lU2Dk\" src=\"https:\/\/media.gazetadopovo.com.br\/2026\/03\/02185148\/trump-ira-2-380x214.jpg.webp\" alt=\"Trump ir\u00e3\" width=\"72\" height=\"72\"\/><\/picture><\/div>\n<p>O c\u00e1lculo de Trump ao atacar o Ir\u00e3 \u2014 e os cen\u00e1rios que emergem no Oriente M\u00e9dio e nos EUA<\/li>\n<\/ul>\n<\/div>\n<\/div>\n<p><br \/>\n<br \/>Fonte: <a href=\"https:\/\/www.gazetadopovo.com.br\/mundo\/trump-diz-que-e-tarde-demais-para-negociar-com-o-ira-apos-ofensiva-militar\/\">Revista Oeste<\/a><\/p>\n","protected":false},"excerpt":{"rendered":"<p>O presidente dos Estados Unidos, Donald Trump, afirmou nesta ter\u00e7a-feira (3) que o Ir\u00e3 tenta abrir di\u00e1logo para conter a guerra no Oriente M\u00e9dio, mas declarou que as condi\u00e7\u00f5es j\u00e1 n\u00e3o permitem negocia\u00e7\u00e3o. \u201cSua defesa a\u00e9rea, sua For\u00e7a A\u00e9rea, sua Marinha e sua lideran\u00e7a n\u00e3o existem mais. Eles querem conversar. Eu disse: \u2018Tarde demais!\u2019\u201d, escreveu [&hellip;]<\/p>\n","protected":false},"author":5,"featured_media":65864,"comment_status":"open","ping_status":"open","sticky":false,"template":"","format":"standard","meta":{"_seopress_robots_primary_cat":"","_seopress_titles_title":"","_seopress_titles_desc":"","_seopress_robots_index":"","footnotes":""},"categories":[48],"tags":[],"class_list":["post-65863","post","type-post","status-publish","format-standard","has-post-thumbnail","hentry","category-internacional"],"_links":{"self":[{"href":"https:\/\/mussicom.com\/noticias\/wp-json\/wp\/v2\/posts\/65863","targetHints":{"allow":["GET"]}}],"collection":[{"href":"https:\/\/mussicom.com\/noticias\/wp-json\/wp\/v2\/posts"}],"about":[{"href":"https:\/\/mussicom.com\/noticias\/wp-json\/wp\/v2\/types\/post"}],"author":[{"embeddable":true,"href":"https:\/\/mussicom.com\/noticias\/wp-json\/wp\/v2\/users\/5"}],"replies":[{"embeddable":true,"href":"https:\/\/mussicom.com\/noticias\/wp-json\/wp\/v2\/comments?post=65863"}],"version-history":[{"count":0,"href":"https:\/\/mussicom.com\/noticias\/wp-json\/wp\/v2\/posts\/65863\/revisions"}],"wp:featuredmedia":[{"embeddable":true,"href":"https:\/\/mussicom.com\/noticias\/wp-json\/wp\/v2\/media\/65864"}],"wp:attachment":[{"href":"https:\/\/mussicom.com\/noticias\/wp-json\/wp\/v2\/media?parent=65863"}],"wp:term":[{"taxonomy":"category","embeddable":true,"href":"https:\/\/mussicom.com\/noticias\/wp-json\/wp\/v2\/categories?post=65863"},{"taxonomy":"post_tag","embeddable":true,"href":"https:\/\/mussicom.com\/noticias\/wp-json\/wp\/v2\/tags?post=65863"}],"curies":[{"name":"wp","href":"https:\/\/api.w.org\/{rel}","templated":true}]}}