{"id":65857,"date":"2026-03-03T13:20:32","date_gmt":"2026-03-03T16:20:32","guid":{"rendered":"https:\/\/mussicom.com\/vias-e-escadarias-do-morro-do-marape-em-santos-ja-contam-com-iluminacao-em-led\/"},"modified":"2026-03-03T13:20:32","modified_gmt":"2026-03-03T16:20:32","slug":"vias-e-escadarias-do-morro-do-marape-em-santos-ja-contam-com-iluminacao-em-led","status":"publish","type":"post","link":"https:\/\/mussicom.com\/noticias\/vias-e-escadarias-do-morro-do-marape-em-santos-ja-contam-com-iluminacao-em-led\/","title":{"rendered":"Vias e escadarias do Morro do Marap\u00e9, em Santos, j\u00e1 contam com ilumina\u00e7\u00e3o em LED"},"content":{"rendered":"<p> <br \/>\n<\/p>\n<div id=\"texto\">\n<p>Os trabalhos de moderniza\u00e7\u00e3o da ilumina\u00e7\u00e3o p\u00fablica promovidos pela Prefeitura, iniciados em 19 de janeiro, terminaram na \u00faltima semana, com a substitui\u00e7\u00e3o dos 111 pontos com l\u00e2mpadas de vapor de s\u00f3dio de 150 watts por lumin\u00e1rias de LED de 60W, com alta luminosidade e durabilidade.\u00a0<\/p>\n<p>\u00a0<\/p>\n<p>&#8220;Ainda nesse projeto, est\u00e1 a moderniza\u00e7\u00e3o dos 11 pontos da ilumina\u00e7\u00e3o p\u00fablica da Nilo Pe\u00e7anha com lumin\u00e1rias de 70 watts, que dever\u00e1 estar conclu\u00edda at\u00e9 o final desta semana, dependendo das condi\u00e7\u00f5es do tempo&#8221;, explicou o secret\u00e1rio Fabr\u00edcio Cardoso, titular da Secretaria de Infraestrutura e Servi\u00e7os P\u00fablicos (Seinfra).\u00a0<\/p>\n<p>\u00a0<\/p>\n<p>\u00a0J\u00e1 na Rua Romeu Acceturi, na encosta do morro, encontra-se na etapa final a moderniza\u00e7\u00e3o de 19 pontos. Dezesseis deles, antes com l\u00e2mpadas de 250W de vapor de s\u00f3dio, j\u00e1 contam com LED de 70W.<\/p>\n<p>\u00a0<\/p>\n<p>A vida \u00fatil das lumin\u00e1rias de LED \u00e9 superior a 100 mil horas, o que reduz significativamente a manuten\u00e7\u00e3o e gera maior economia de recursos financeiros com reparos e interven\u00e7\u00f5es, de acordo com o engenheiro eletricista Paulo Aguina, da Seinfra, respons\u00e1vel pela supervis\u00e3o e coordena\u00e7\u00e3o dos trabalhos.<\/p>\n<p>\u00a0<\/p>\n<p>As lumin\u00e1rias antigas j\u00e1 apresentavam alto n\u00edvel de deprecia\u00e7\u00e3o e possu\u00edam pouca efici\u00eancia.<\/p>\n<p>\u00a0<\/p>\n<p>\u00a0<\/p>\n<p>MORRO DO MARAP\u00c9<\/p>\n<p>\u00a0<\/p>\n<p>Pr\u00f3ximo ao Nova Cintra e ao Santa Terezinha, o Morro do Marap\u00e9 est\u00e1 localizado no final da Rua Dr. Carvalho de Mendon\u00e7a.<\/p>\n<p>\u00a0<\/p>\n<p>O nome \u00e9 evolu\u00e7\u00e3o de Perap\u00e9, da l\u00edngua Tupi, que significa Caminho do Mar, e transformado depois em Parap\u00e9 e finalmente Marap\u00e9. Bairro e morro foram assim denominados por serem o primeiro caminho dos ind\u00edgenas, o \u00fanico existente em s\u00e9culos, interligando o que hoje \u00e9 o Centro Hist\u00f3rico \u00e0 praia.<\/p>\n<p>\u00a0<\/p>\n<p>Em novembro de 1977, a Prefeitura iniciou as obras de liga\u00e7\u00e3o do Morro do Marap\u00e9 ao Morro da Nova Cintra, primeira etapa do Plano de Interliga\u00e7\u00e3o dos Morros.<\/p>\n<p>\u00a0<\/p>\n<p>MODERNIZA\u00c7\u00c3O<\/p>\n<p>No m\u00eas passado, a moderniza\u00e7\u00e3o atendeu os cerca de 20 mil moradores do BNH Aparecida, onde os 187 pontos das 47 ruas ganharam lumin\u00e1rias de 70W.<\/p>\n<p>\u00a0<\/p>\n<p>Em 2025, 11 bairros tiveram a ilumina\u00e7\u00e3o modernizada, totalizando 3.955 lumin\u00e1rias de LED, em um investimento de R$ 7.907.715,68. Em 2024, haviam sido instalados 4.743 pontos de LED.<\/p>\n<p>\u00a0<\/p>\n<p>\u00a0<\/p>\n<p>\u00a0<\/p>\n<p>\u00a0<\/p>\n<p>\u00a0<\/p>\n<p>Secretaria de Comunica\u00e7\u00e3o e Economia Criativa<\/p>\n<\/p><\/div>\n<p><script async defer crossorigin=\"anonymous\" src=\"https:\/\/connect.facebook.net\/pt_BR\/sdk.js#xfbml=1&#038;version=v12.0&#038;appId=&#038;autoLogAppEvents=1\" nonce=\"ou0fI1lo\"><\/script><br \/>\n<br \/><br \/>\n<br \/>Fonte: <a href=\"https:\/\/www.bs9.com.br\/litoral\/vias-e-escadarias-do-morro-do-marape-em-santos-ja-contam-com\/38000\/\">BS9<\/a><\/p>\n","protected":false},"excerpt":{"rendered":"<p>Os trabalhos de moderniza\u00e7\u00e3o da ilumina\u00e7\u00e3o p\u00fablica promovidos pela Prefeitura, iniciados em 19 de janeiro, terminaram na \u00faltima semana, com a substitui\u00e7\u00e3o dos 111 pontos com l\u00e2mpadas de vapor de s\u00f3dio de 150 watts por lumin\u00e1rias de LED de 60W, com alta luminosidade e durabilidade.\u00a0 \u00a0 &#8220;Ainda nesse projeto, est\u00e1 a moderniza\u00e7\u00e3o dos 11 pontos [&hellip;]<\/p>\n","protected":false},"author":5,"featured_media":65858,"comment_status":"open","ping_status":"open","sticky":false,"template":"","format":"standard","meta":{"_seopress_robots_primary_cat":"","_seopress_titles_title":"","_seopress_titles_desc":"","_seopress_robots_index":"","footnotes":""},"categories":[52],"tags":[],"class_list":["post-65857","post","type-post","status-publish","format-standard","has-post-thumbnail","hentry","category-santoseregiao"],"_links":{"self":[{"href":"https:\/\/mussicom.com\/noticias\/wp-json\/wp\/v2\/posts\/65857","targetHints":{"allow":["GET"]}}],"collection":[{"href":"https:\/\/mussicom.com\/noticias\/wp-json\/wp\/v2\/posts"}],"about":[{"href":"https:\/\/mussicom.com\/noticias\/wp-json\/wp\/v2\/types\/post"}],"author":[{"embeddable":true,"href":"https:\/\/mussicom.com\/noticias\/wp-json\/wp\/v2\/users\/5"}],"replies":[{"embeddable":true,"href":"https:\/\/mussicom.com\/noticias\/wp-json\/wp\/v2\/comments?post=65857"}],"version-history":[{"count":0,"href":"https:\/\/mussicom.com\/noticias\/wp-json\/wp\/v2\/posts\/65857\/revisions"}],"wp:featuredmedia":[{"embeddable":true,"href":"https:\/\/mussicom.com\/noticias\/wp-json\/wp\/v2\/media\/65858"}],"wp:attachment":[{"href":"https:\/\/mussicom.com\/noticias\/wp-json\/wp\/v2\/media?parent=65857"}],"wp:term":[{"taxonomy":"category","embeddable":true,"href":"https:\/\/mussicom.com\/noticias\/wp-json\/wp\/v2\/categories?post=65857"},{"taxonomy":"post_tag","embeddable":true,"href":"https:\/\/mussicom.com\/noticias\/wp-json\/wp\/v2\/tags?post=65857"}],"curies":[{"name":"wp","href":"https:\/\/api.w.org\/{rel}","templated":true}]}}