{"id":65808,"date":"2026-03-03T08:15:17","date_gmt":"2026-03-03T11:15:17","guid":{"rendered":"https:\/\/mussicom.com\/parada-santos-na-lagoa-e-marcada-pela-diversidade-e-inclusao\/"},"modified":"2026-03-03T08:15:17","modified_gmt":"2026-03-03T11:15:17","slug":"parada-santos-na-lagoa-e-marcada-pela-diversidade-e-inclusao","status":"publish","type":"post","link":"https:\/\/mussicom.com\/noticias\/parada-santos-na-lagoa-e-marcada-pela-diversidade-e-inclusao\/","title":{"rendered":"Parada Santos na Lagoa \u00e9 marcada pela diversidade e inclus\u00e3o"},"content":{"rendered":"<p> <br \/>\n<\/p>\n<div id=\"texto\">\n<p>Marcada pela diversidade, inclus\u00e3o e celebra\u00e7\u00e3o, a 2\u00aa edi\u00e7\u00e3o da Parada Santos na Lagoa foi realizada no domingo (1\u00ba), das 17h \u00e0s 21h, na Lagoa da Saudade, no Morro da Nova Cintra. Criada para celebrar os direitos dos LGBT+ e fortalecer os la\u00e7os comunit\u00e1rios, a iniciativa reuniu fam\u00edlias, jovens e moradores da proximidade.<\/p>\n<p>\u00a0<\/p>\n<p>Entre os destaques da festa, a performance do core\u00f3grafo Jocelino Phaiva e sua equipe, que animou o p\u00fablico com coreografias vibrantes e muita intera\u00e7\u00e3o. Um DJ e o show de Yara Mansur movimentaram o palco, com um repert\u00f3rio que fez o p\u00fablico cantar e dan\u00e7ar.<\/p>\n<p>\u00a0<\/p>\n<p>Para a aut\u00f4noma Daniela Braga, 36 anos, eventos como este s\u00e3o importantes para sensibilizar as pessoas e refor\u00e7ar a necessidade de mais respeito. &#8220;Hoje em dia, n\u00e3o se trata apenas de falar sobre a popula\u00e7\u00e3o LGBT+, mas de dar visibilidade \u00e0 popula\u00e7\u00e3o trans, que muitas vezes ainda \u00e9 esquecida e exclu\u00edda. \u00c9 uma forma de abrir espa\u00e7o para toda a Cidade, mostrar que existimos, que estamos aqui e que seguimos lutando pelos nossos direitos&#8221;.<\/p>\n<p>\u00a0<\/p>\n<p>A condu\u00e7\u00e3o da festa ficou por conta da drag queen Magentinha, que trouxe carisma, humor e uma presen\u00e7a contagiante. A artista Ariella Plin integrou a programa\u00e7\u00e3o, refor\u00e7ando a representatividade e a conex\u00e3o com o p\u00fablico que lotou a Lagoa da Saudade.<\/p>\n<p>\u00a0<\/p>\n<p>Al\u00e9m das atra\u00e7\u00f5es culturais e musicais, a Parada Santos contou com pra\u00e7a de alimenta\u00e7\u00e3o, organizada pelos ambulantes fixos da Lagoa da Saudade, garantindo op\u00e7\u00f5es variadas para quem aproveitou o evento.<\/p>\n<p>\u00a0<\/p>\n<p>OCUPAR ESPA\u00c7OS<\/p>\n<p>\u00a0<\/p>\n<p>Segundo a titular da Coordenadoria de Diversidade (Codiver) de Santos, vinculada \u00e0 Secretaria da Mulher, Cidadania e Direitos Humanos (Semulher), Taiane Miyake Alves, um evento dessa import\u00e2ncia precisa ocupar outros espa\u00e7os da Cidade. &#8220;\u00c9 fundamental que a gente n\u00e3o esteja somente na Pra\u00e7a Mau\u00e1, onde tradicionalmente acontece a Parada, mas na Ponta da Praia, no Quebra-Mar e em diferentes regi\u00f5es. Precisamos estar em todos os espa\u00e7os. \u00c9 uma forma de ampliar o alcance e aproximar ainda mais as pessoas da causa LGBT+ e mostrar que a nossa luta \u00e9 por respeito e dignidade&#8221;.<\/p>\n<p>\u00a0<\/p>\n<p>A 2\u00aa edi\u00e7\u00e3o da Parada Santos na Lagoa foi uma realiza\u00e7\u00e3o da Prefeitura Regional dos Morros, unidade da Secretaria das Prefeituras Regionais (Sepref) da Prefeitura de Santos, em parceria com a Associa\u00e7\u00e3o da Parada do Orgulho LGBT de Santos.<\/p>\n<p>\u00a0<\/p>\n<p>\u00a0<\/p>\n<p>\u00a0<\/p>\n<p>Secretaria de Comunica\u00e7\u00e3o e Economia Criativa<\/p>\n<\/p><\/div>\n<p><script async defer crossorigin=\"anonymous\" src=\"https:\/\/connect.facebook.net\/pt_BR\/sdk.js#xfbml=1&#038;version=v12.0&#038;appId=&#038;autoLogAppEvents=1\" nonce=\"ou0fI1lo\"><\/script><br \/>\n<br \/><br \/>\n<br \/>Fonte: <a href=\"https:\/\/www.bs9.com.br\/brasil\/parada-santos-na-lagoa-e-marcada-pela-diversidade-e-inclusao\/37990\/\">BS9<\/a><\/p>\n","protected":false},"excerpt":{"rendered":"<p>Marcada pela diversidade, inclus\u00e3o e celebra\u00e7\u00e3o, a 2\u00aa edi\u00e7\u00e3o da Parada Santos na Lagoa foi realizada no domingo (1\u00ba), das 17h \u00e0s 21h, na Lagoa da Saudade, no Morro da Nova Cintra. Criada para celebrar os direitos dos LGBT+ e fortalecer os la\u00e7os comunit\u00e1rios, a iniciativa reuniu fam\u00edlias, jovens e moradores da proximidade. \u00a0 Entre [&hellip;]<\/p>\n","protected":false},"author":5,"featured_media":65809,"comment_status":"open","ping_status":"open","sticky":false,"template":"","format":"standard","meta":{"_seopress_robots_primary_cat":"","_seopress_titles_title":"","_seopress_titles_desc":"","_seopress_robots_index":"","footnotes":""},"categories":[52],"tags":[],"class_list":["post-65808","post","type-post","status-publish","format-standard","has-post-thumbnail","hentry","category-santoseregiao"],"_links":{"self":[{"href":"https:\/\/mussicom.com\/noticias\/wp-json\/wp\/v2\/posts\/65808","targetHints":{"allow":["GET"]}}],"collection":[{"href":"https:\/\/mussicom.com\/noticias\/wp-json\/wp\/v2\/posts"}],"about":[{"href":"https:\/\/mussicom.com\/noticias\/wp-json\/wp\/v2\/types\/post"}],"author":[{"embeddable":true,"href":"https:\/\/mussicom.com\/noticias\/wp-json\/wp\/v2\/users\/5"}],"replies":[{"embeddable":true,"href":"https:\/\/mussicom.com\/noticias\/wp-json\/wp\/v2\/comments?post=65808"}],"version-history":[{"count":0,"href":"https:\/\/mussicom.com\/noticias\/wp-json\/wp\/v2\/posts\/65808\/revisions"}],"wp:featuredmedia":[{"embeddable":true,"href":"https:\/\/mussicom.com\/noticias\/wp-json\/wp\/v2\/media\/65809"}],"wp:attachment":[{"href":"https:\/\/mussicom.com\/noticias\/wp-json\/wp\/v2\/media?parent=65808"}],"wp:term":[{"taxonomy":"category","embeddable":true,"href":"https:\/\/mussicom.com\/noticias\/wp-json\/wp\/v2\/categories?post=65808"},{"taxonomy":"post_tag","embeddable":true,"href":"https:\/\/mussicom.com\/noticias\/wp-json\/wp\/v2\/tags?post=65808"}],"curies":[{"name":"wp","href":"https:\/\/api.w.org\/{rel}","templated":true}]}}