{"id":65806,"date":"2026-03-03T08:09:18","date_gmt":"2026-03-03T11:09:18","guid":{"rendered":"https:\/\/mussicom.com\/israel-lanca-novos-ataques-e-ira-mira-o-golfo\/"},"modified":"2026-03-03T08:09:18","modified_gmt":"2026-03-03T11:09:18","slug":"israel-lanca-novos-ataques-e-ira-mira-o-golfo","status":"publish","type":"post","link":"https:\/\/mussicom.com\/noticias\/israel-lanca-novos-ataques-e-ira-mira-o-golfo\/","title":{"rendered":"Israel lan\u00e7a novos ataques e Ir\u00e3 mira o Golfo"},"content":{"rendered":"<p> <br \/>\n<\/p>\n<div id=\"tp-post-content\">\n<p class=\"postParagraph_post-paragraph__juWZN postParagraph_post-paragraph-innerHtml__Q5vwc\">O quarto dia da guerra no Oriente M\u00e9dio come\u00e7ou com novos bombardeios simult\u00e2neos do ex\u00e9rcito israelense no Ir\u00e3 e no L\u00edbano, depois que o grupo terrorista Hezbollah anunciou o lan\u00e7amento de drones contra uma base israelense e a Guarda Revolucion\u00e1ria iraniana reivindicou um ataque destrutivo a uma instala\u00e7\u00e3o militar dos EUA no Bahrein.<\/p>\n<p class=\"postParagraph_post-paragraph__juWZN postParagraph_post-paragraph-innerHtml__Q5vwc\">Para o presidente dos EUA, Donald Trump, a grande surpresa do conflito \u00e9 o fato de Teer\u00e3 estar atacando pa\u00edses do Golfo, que condenaram o in\u00edcio de uma guerra regional e decidiram n\u00e3o tomar partido. As a\u00e7\u00f5es est\u00e3o levando essas na\u00e7\u00f5es a revidarem, visto que o Ir\u00e3 deixou de visar exclusivamente alvos militares e passou a lan\u00e7ar ataques contra infraestrutura civil.<\/p>\n<p class=\"postParagraph_post-paragraph__juWZN postParagraph_post-paragraph-innerHtml__Q5vwc\">As opera\u00e7\u00f5es de bombardeio cruzado contra v\u00e1rios locais continuaram j\u00e1 nas primeiras horas desta ter\u00e7a-feira (3). Os EUA orientaram a sa\u00edda de seu corpo diplom\u00e1tico n\u00e3o essencial em pelo menos seis pa\u00edses da regi\u00e3o, ap\u00f3s um ataque direcionado \u00e0 embaixada americana na Ar\u00e1bia Saudita no dia anterior.<\/p>\n<h2 class=\"postParagraph_post-paragraph__juWZN postParagraph_post-paragraph-innerHtml__Q5vwc postParagraph_type-tag-h2__TtFkT\">Israel bombardeia gabinete presidencial e complexo do regime em Teer\u00e3<\/h2>\n<p class=\"postParagraph_post-paragraph__juWZN postParagraph_post-paragraph-innerHtml__Q5vwc\">As For\u00e7as Armadas de Israel informaram nesta ter\u00e7a-feira que bombardearam um complexo do regime no centro de Teer\u00e3 na noite passada, lan\u00e7ando &#8220;dezenas de proj\u00e9teis&#8221; contra o gabinete presidencial, o pr\u00e9dio do Conselho Supremo de Seguran\u00e7a Nacional e um instituto de treinamento de oficiais.<\/p>\n<p class=\"postParagraph_post-paragraph__juWZN postParagraph_post-paragraph-innerHtml__Q5vwc\">&#8220;Na noite passada, a For\u00e7a A\u00e9rea lan\u00e7ou um ataque contra pr\u00e9dios governamentais e de seguran\u00e7a dentro do complexo de comando do regime terrorista iraniano, no cora\u00e7\u00e3o de Teer\u00e3&#8221;, diz um comunicado militar. Essas instala\u00e7\u00f5es est\u00e3o localizadas a poucos metros do complexo onde o L\u00edder Supremo Ali Khamenei e outros oficiais foram mortos no s\u00e1bado.<\/p>\n<p class=\"postParagraph_post-paragraph__juWZN postParagraph_post-paragraph-innerHtml__Q5vwc\">De acordo com dados oficiais divulgados, as For\u00e7as Armadas de Israel atacaram aproximadamente 600 alvos no Ir\u00e3 na \u00faltima leva de bombardeios.<\/p>\n<p class=\"postParagraph_post-paragraph__juWZN postParagraph_post-paragraph-innerHtml__Q5vwc\">Ainda, os ataques desta segunda deixaram pelo menos cinco membros da Guarda Revolucion\u00e1ria mortos nas cidades de Jam e Dir, na prov\u00edncia de Bushehr, no sul do Ir\u00e3, segundo noticiou o jornal <em>Shargh<\/em>.<\/p>\n<h2 class=\"postParagraph_post-paragraph__juWZN postParagraph_post-paragraph-innerHtml__Q5vwc postParagraph_type-tag-h2__TtFkT\">Israel aumenta presen\u00e7a militar no L\u00edbano ap\u00f3s novos ataques do Hezbollah<\/h2>\n<p class=\"postParagraph_post-paragraph__juWZN postParagraph_post-paragraph-innerHtml__Q5vwc\">O ex\u00e9rcito de Israel manteve os bombardeios contra a capital iraniana e o L\u00edbano nesta ter\u00e7a, depois que o grupo terrorista Hezbollah reivindicou a autoria de um ataque \u00e0 base a\u00e9rea israelense de Ramat David.<\/p>\n<p class=\"postParagraph_post-paragraph__juWZN postParagraph_post-paragraph-innerHtml__Q5vwc\">Em seu site oficial, o Hezbollah afirmou que o ataque foi uma resposta \u00e0 &#8220;agress\u00e3o criminosa israelense&#8221; contra &#8220;dezenas de cidades e vilas libanesas, incluindo os sub\u00farbios do sul de Beirute&#8221;.<\/p>\n<\/div>\n<p><br \/>\n<br \/>Fonte: <a href=\"https:\/\/www.gazetadopovo.com.br\/mundo\/ira-libano-sao-alvos-novos-ataques-simultaneos-enquanto-ira-mira-paises-golfo\/\">Revista Oeste<\/a><\/p>\n","protected":false},"excerpt":{"rendered":"<p>O quarto dia da guerra no Oriente M\u00e9dio come\u00e7ou com novos bombardeios simult\u00e2neos do ex\u00e9rcito israelense no Ir\u00e3 e no L\u00edbano, depois que o grupo terrorista Hezbollah anunciou o lan\u00e7amento de drones contra uma base israelense e a Guarda Revolucion\u00e1ria iraniana reivindicou um ataque destrutivo a uma instala\u00e7\u00e3o militar dos EUA no Bahrein. Para o [&hellip;]<\/p>\n","protected":false},"author":5,"featured_media":65807,"comment_status":"open","ping_status":"open","sticky":false,"template":"","format":"standard","meta":{"_seopress_robots_primary_cat":"","_seopress_titles_title":"","_seopress_titles_desc":"","_seopress_robots_index":"","footnotes":""},"categories":[48],"tags":[],"class_list":["post-65806","post","type-post","status-publish","format-standard","has-post-thumbnail","hentry","category-internacional"],"_links":{"self":[{"href":"https:\/\/mussicom.com\/noticias\/wp-json\/wp\/v2\/posts\/65806","targetHints":{"allow":["GET"]}}],"collection":[{"href":"https:\/\/mussicom.com\/noticias\/wp-json\/wp\/v2\/posts"}],"about":[{"href":"https:\/\/mussicom.com\/noticias\/wp-json\/wp\/v2\/types\/post"}],"author":[{"embeddable":true,"href":"https:\/\/mussicom.com\/noticias\/wp-json\/wp\/v2\/users\/5"}],"replies":[{"embeddable":true,"href":"https:\/\/mussicom.com\/noticias\/wp-json\/wp\/v2\/comments?post=65806"}],"version-history":[{"count":0,"href":"https:\/\/mussicom.com\/noticias\/wp-json\/wp\/v2\/posts\/65806\/revisions"}],"wp:featuredmedia":[{"embeddable":true,"href":"https:\/\/mussicom.com\/noticias\/wp-json\/wp\/v2\/media\/65807"}],"wp:attachment":[{"href":"https:\/\/mussicom.com\/noticias\/wp-json\/wp\/v2\/media?parent=65806"}],"wp:term":[{"taxonomy":"category","embeddable":true,"href":"https:\/\/mussicom.com\/noticias\/wp-json\/wp\/v2\/categories?post=65806"},{"taxonomy":"post_tag","embeddable":true,"href":"https:\/\/mussicom.com\/noticias\/wp-json\/wp\/v2\/tags?post=65806"}],"curies":[{"name":"wp","href":"https:\/\/api.w.org\/{rel}","templated":true}]}}