{"id":65804,"date":"2026-03-03T07:15:30","date_gmt":"2026-03-03T10:15:30","guid":{"rendered":"https:\/\/mussicom.com\/para-reduz-em-40-os-alertas-de-desmatamento-aponta-inpe\/"},"modified":"2026-03-03T07:15:30","modified_gmt":"2026-03-03T10:15:30","slug":"para-reduz-em-40-os-alertas-de-desmatamento-aponta-inpe","status":"publish","type":"post","link":"https:\/\/mussicom.com\/noticias\/para-reduz-em-40-os-alertas-de-desmatamento-aponta-inpe\/","title":{"rendered":"Par\u00e1 reduz em 40% os alertas de desmatamento, aponta Inpe"},"content":{"rendered":"<p> <br \/>\n<\/p>\n<div>\n<p style=\"text-align:justify\">O Par\u00e1 registrou redu\u00e7\u00e3o de 40% na \u00e1rea sob alertas de desmatamento no per\u00edodo de agosto de 2025 a janeiro de 2026, conforme dados do Sistema de Detec\u00e7\u00e3o de Desmatamento em Tempo Real (Deter), do Instituto Nacional de Pesquisas Espaciais (Inpe). No acumulado, o Estado contabilizou 488 km\u00b2 de \u00e1rea sob alerta, frente aos 809 km\u00b2 verificados no mesmo intervalo do ciclo anterior (agosto de 2024 a janeiro de 2025), o que representa queda absoluta de 321 km\u00b2.&#13;\n<\/p>\n<p style=\"text-align:justify\">O resultado estadual superou a m\u00e9dia registrada na Amaz\u00f4nia Legal. Considerando todos os estados da regi\u00e3o, a \u00e1rea total sob alertas caiu de 2.050 km\u00b2 para 1.324 km\u00b2 no mesmo per\u00edodo, retra\u00e7\u00e3o de 35%, equivalente a 725 km\u00b2 a menos em rela\u00e7\u00e3o ao ciclo anterior.<\/p>\n<p style=\"text-align:justify\"><strong>Pol\u00edticas integradas e monitoramento cont\u00ednuo<\/strong><\/p>\n<p style=\"text-align:justify\">Para o governador Helder Barbalho, o desempenho confirma a efetividade das pol\u00edticas ambientais implementadas pelo Estado.<\/p>\n<p style=\"text-align:justify\">\u201cA redu\u00e7\u00e3o de 40% nos alertas de desmatamento demonstra que o Par\u00e1 est\u00e1 no caminho certo. Temos investido em fiscaliza\u00e7\u00e3o, intelig\u00eancia ambiental, regulariza\u00e7\u00e3o fundi\u00e1ria e no fortalecimento da bioeconomia como alternativa sustent\u00e1vel. Esse resultado \u00e9 fruto de planejamento, tecnologia e integra\u00e7\u00e3o entre os \u00f3rg\u00e3os\u201d, afirmou o chefe do Executivo estadual.&#13;\n<\/p>\n<p style=\"text-align:justify\">O secret\u00e1rio de Estado de Meio Ambiente, Clima e Sustentabilidade do Par\u00e1, Raul Prot\u00e1zio Rom\u00e3o, destacou que os n\u00fameros refletem a consist\u00eancia das estrat\u00e9gias adotadas.<\/p>\n<p style=\"text-align:justify\">\u201cOs dados demonstram que as medidas implementadas t\u00eam produzido efeito concreto. O monitoramento, as a\u00e7\u00f5es preventivas e as opera\u00e7\u00f5es em campo t\u00eam sido fundamentais para esse avan\u00e7o\u201d, ressaltou.<\/p>\n<p style=\"text-align:justify\">Segundo o secret\u00e1rio, o acompanhamento cont\u00ednuo por meio das plataformas de monitoramento ambiental e a articula\u00e7\u00e3o com munic\u00edpios priorit\u00e1rios permanecem como eixos centrais para consolidar a redu\u00e7\u00e3o e garantir resultados sustent\u00e1veis ao longo do tempo.<\/p>\n<p style=\"text-align:justify\">\u00a0<\/p>\n<\/p><\/div>\n<p><script data-cfasync=\"false\">\n    !function (f, b, e, v, n, t, s) {\n        if (f.fbq) return; n = f.fbq = function () {\n            n.callMethod ?\n                n.callMethod.apply(n, arguments) : n.queue.push(arguments)\n        };\n        if (!f._fbq) f._fbq = n; n.push = n; n.loaded = !0; n.version = '2.0';\n        n.queue = []; t = b.createElement(e); t.async = !0;\n        t.src = v; s = b.getElementsByTagName(e)[0];\n        s.parentNode.insertBefore(t, s)\n    }(window, document, 'script',\n        'https:\/\/connect.facebook.net\/en_US\/fbevents.js');\n    fbq('init', '522546078623747');\n    fbq('track', 'PageView');\n<\/script><br \/>\n<br \/><br \/>\n<br \/>Fonte: <a href=\"https:\/\/www.agrolink.com.br\/noticias\/para-reduz-em-40--os-alertas-de-desmatamento--aponta-inpe_511505.html\">AGROLINK<\/a><\/p>\n","protected":false},"excerpt":{"rendered":"<p>O Par\u00e1 registrou redu\u00e7\u00e3o de 40% na \u00e1rea sob alertas de desmatamento no per\u00edodo de agosto de 2025 a janeiro de 2026, conforme dados do Sistema de Detec\u00e7\u00e3o de Desmatamento em Tempo Real (Deter), do Instituto Nacional de Pesquisas Espaciais (Inpe). No acumulado, o Estado contabilizou 488 km\u00b2 de \u00e1rea sob alerta, frente aos 809 [&hellip;]<\/p>\n","protected":false},"author":5,"featured_media":65805,"comment_status":"open","ping_status":"open","sticky":false,"template":"","format":"standard","meta":{"_seopress_robots_primary_cat":"","_seopress_titles_title":"","_seopress_titles_desc":"","_seopress_robots_index":"","footnotes":""},"categories":[53],"tags":[],"class_list":["post-65804","post","type-post","status-publish","format-standard","has-post-thumbnail","hentry","category-agronegocio"],"_links":{"self":[{"href":"https:\/\/mussicom.com\/noticias\/wp-json\/wp\/v2\/posts\/65804","targetHints":{"allow":["GET"]}}],"collection":[{"href":"https:\/\/mussicom.com\/noticias\/wp-json\/wp\/v2\/posts"}],"about":[{"href":"https:\/\/mussicom.com\/noticias\/wp-json\/wp\/v2\/types\/post"}],"author":[{"embeddable":true,"href":"https:\/\/mussicom.com\/noticias\/wp-json\/wp\/v2\/users\/5"}],"replies":[{"embeddable":true,"href":"https:\/\/mussicom.com\/noticias\/wp-json\/wp\/v2\/comments?post=65804"}],"version-history":[{"count":0,"href":"https:\/\/mussicom.com\/noticias\/wp-json\/wp\/v2\/posts\/65804\/revisions"}],"wp:featuredmedia":[{"embeddable":true,"href":"https:\/\/mussicom.com\/noticias\/wp-json\/wp\/v2\/media\/65805"}],"wp:attachment":[{"href":"https:\/\/mussicom.com\/noticias\/wp-json\/wp\/v2\/media?parent=65804"}],"wp:term":[{"taxonomy":"category","embeddable":true,"href":"https:\/\/mussicom.com\/noticias\/wp-json\/wp\/v2\/categories?post=65804"},{"taxonomy":"post_tag","embeddable":true,"href":"https:\/\/mussicom.com\/noticias\/wp-json\/wp\/v2\/tags?post=65804"}],"curies":[{"name":"wp","href":"https:\/\/api.w.org\/{rel}","templated":true}]}}