{"id":65755,"date":"2026-03-02T23:09:53","date_gmt":"2026-03-03T02:09:53","guid":{"rendered":"https:\/\/mussicom.com\/lula-e-flavio-bolsonaro-tracam-agendas-internacionais-opostas\/"},"modified":"2026-03-02T23:09:53","modified_gmt":"2026-03-03T02:09:53","slug":"lula-e-flavio-bolsonaro-tracam-agendas-internacionais-opostas","status":"publish","type":"post","link":"https:\/\/mussicom.com\/noticias\/lula-e-flavio-bolsonaro-tracam-agendas-internacionais-opostas\/","title":{"rendered":"Lula e Fl\u00e1vio Bolsonaro tra\u00e7am agendas internacionais opostas"},"content":{"rendered":"<p> <br \/>\n<\/p>\n<div id=\"tp-post-content\">\n<p class=\"postParagraph_post-paragraph__juWZN postParagraph_post-paragraph-innerHtml__Q5vwc\">A guerra iniciada no s\u00e1bado (28) envolvendo o Ir\u00e3 e a alian\u00e7a entre Estados Unidos e Israel explicitou as posi\u00e7\u00f5es antag\u00f4nicas dos principais pr\u00e9-candidatos \u00e0 Presid\u00eancia em 2026 \u2013 Luiz In\u00e1cio Lula da Silva (PT) e Fl\u00e1vio Bolsonaro (PL). A diverg\u00eancia profunda entre os seus discursos, gestos e compromissos p\u00fablicos em rela\u00e7\u00e3o ao tema deve-se, segundo especialistas ouvidos pela <strong>Gazeta do Povo<\/strong>, \u00e0s respectivas plataformas pol\u00edticas dos pr\u00e9-candidatos, orientadas por convic\u00e7\u00f5es ideol\u00f3gicas e valores morais.<\/p>\n<p class=\"postParagraph_post-paragraph__juWZN postParagraph_post-paragraph-innerHtml__Q5vwc\">A rea\u00e7\u00e3o imediata do governo brasileiro, condenando o ataque americano e israelense ao territ\u00f3rio iraniano e defendendo solu\u00e7\u00e3o diplom\u00e1tica, soma-se \u00e0 s\u00e9rie de epis\u00f3dios hist\u00f3ricos que ligam Lula e governos do PT ao regime dos aiatol\u00e1s. J\u00e1 para Fl\u00e1vio Bolsonaro e aliados, a postura sempre foi alinhada ao eixo Washington\u2013Tel Aviv, evocando a defesa da civiliza\u00e7\u00e3o ocidental e o combate ao terrorismo. O conflito pode ter reflexos diretos no debate eleitoral brasileiro. Fl\u00e1vio classificou a nota do governo como &#8220;inaceit\u00e1vel&#8221;.<\/p>\n<p class=\"postParagraph_post-paragraph__juWZN postParagraph_post-paragraph-innerHtml__Q5vwc\">Para o cientista pol\u00edtico Ismael Almeida, o debate sobre a guerra entre Ir\u00e3, Israel e Estados Unidos exp\u00f5e o posicionamento claro do governo petista com rela\u00e7\u00e3o \u00e0 pol\u00edtica externa brasileira, abandonando a neutralidade e se mostrando complacente com regimes autorit\u00e1rios.<\/p>\n<p class=\"postParagraph_post-paragraph__juWZN postParagraph_post-paragraph-innerHtml__Q5vwc\">&#8220;O governo tenta esconder alinhamento ideol\u00f3gico com discurso pacifista, enquanto o campo conservador defende postura objetiva ao lado das democracias, da seguran\u00e7a internacional e do combate ao terrorismo, mesmo que isso implique custos diplom\u00e1ticos&#8221;, afirma Almeida. Para ele, os riscos de tal posicionamento s\u00e3o &#8220;menores do que o pre\u00e7o moral de flertar com ditaduras&#8221;.<\/p>\n<p class=\"postParagraph_post-paragraph__juWZN postParagraph_post-paragraph-innerHtml__Q5vwc\">J\u00e1 M\u00e1rcio Coimbra, presidente do Instituto Monitor da Democracia, afirma que Lula e Fl\u00e1vio fundamentam posi\u00e7\u00f5es em sistemas de valores distintos evidenciados pela escalada do conflito no Oriente M\u00e9dio.<\/p>\n<p class=\"postParagraph_post-paragraph__juWZN postParagraph_post-paragraph-innerHtml__Q5vwc\">Segundo ele, Lula ancora-se na tradi\u00e7\u00e3o diplom\u00e1tica brasileira de n\u00e3o interven\u00e7\u00e3o, autodetermina\u00e7\u00e3o e soberania, tratando a paz como valor a ser buscado pelo di\u00e1logo multilateral, independentemente do regime envolvido. Fl\u00e1vio, por sua vez, prioriza a solidariedade ao eixo ocidental e evidencia que liberdade e democracia est\u00e3o acima da neutralidade, vista como falha moral diante de uma teocracia oposta \u00e0s bases judaico-crist\u00e3s e liberais.<\/p>\n<p class=\"postParagraph_post-paragraph__juWZN postParagraph_post-paragraph-innerHtml__Q5vwc\">\u201cA disputa \u00e9 um choque entre a diplomacia de princ\u00edpios jur\u00eddicos de Lula e a diplomacia de identidade ideol\u00f3gica de Fl\u00e1vio. Enquanto um prioriza o processo, o outro prioriza o lado&#8221;, opina.<\/p>\n<p class=\"postParagraph_post-paragraph__juWZN postParagraph_post-paragraph-innerHtml__Q5vwc\">No fim de semana, Estados Unidos e Israel lan\u00e7aram ofensiva coordenada contra o Ir\u00e3, resultando na morte do l\u00edder supremo, Ali Khamenei, e de chefes militares. O Ir\u00e3 retaliou lan\u00e7ando m\u00edsseis contra bases americanas e alvos \u00e1rabes e israelenses. O presidente Donald Trump justificou a opera\u00e7\u00e3o com a meta de encerrar o programa nuclear iraniano e o regime dos aiatol\u00e1s. Nesse cen\u00e1rio, o governo do Brasil rejeita a a\u00e7\u00e3o sem aval da ONU e a direita avalia como positivo o abalo da teocracia.<\/p>\n<h2 class=\"postParagraph_post-paragraph__juWZN postParagraph_post-paragraph-innerHtml__Q5vwc postParagraph_type-tag-h2__TtFkT\">Pr\u00e9-campanhas de Lula e Fl\u00e1vio seguem agendas internacionais opostas<\/h2>\n<p class=\"postParagraph_post-paragraph__juWZN postParagraph_post-paragraph-innerHtml__Q5vwc\">As coordena\u00e7\u00f5es de pr\u00e9-campanha de Fl\u00e1vio e Lula j\u00e1 tra\u00e7aram rotas internacionais opostas desde o seu come\u00e7o. Desde o fim de 2025, logo ap\u00f3s ser oficializado para a futura corrida eleitoral, o senador fez giros pelos Estados Unidos, Oriente M\u00e9dio e Europa em busca de interlocu\u00e7\u00e3o com a direita global e da constru\u00e7\u00e3o de contrapontos \u00e0 diplomacia do governo atual. J\u00e1 Lula reduziu o ritmo de viagens ao exterior para priorizar acordos comerciais e a\u00e7\u00f5es eleitoreiras no plano dom\u00e9stico.<\/p>\n<p class=\"postParagraph_post-paragraph__juWZN postParagraph_post-paragraph-innerHtml__Q5vwc\">Para analistas, os movimentos revelam que Fl\u00e1vio optou por uma ofensiva no exterior, combinando encontros pol\u00edticos e institucionais com movimentos simb\u00f3licos, enquanto Lula tem de enfrentar uma crescente perda de respaldo pol\u00edtico no plano internacional, em raz\u00e3o de posturas pol\u00eamicas e do avan\u00e7o de l\u00edderes conservadores em postos de poder no mundo. Tal contraste ser\u00e1 explicitado na campanha, com Fl\u00e1vio reafirmando valores ocidentais e Lula se pondo como defensor da causa dos emergentes.<\/p>\n<p class=\"postParagraph_post-paragraph__juWZN postParagraph_post-paragraph-innerHtml__Q5vwc\">O cientista pol\u00edtico Elton Gomes, da Universidade Federal do Piau\u00ed (UFPI), avalia que Fl\u00e1vio, na condi\u00e7\u00e3o de herdeiro pol\u00edtico do ex-presidente Jair Bolsonaro (PL), tenta restabelecer pontes internacionais constru\u00eddas no governo anterior e transportar para a arena eleitoral cr\u00edticas consistentes \u00e0 pol\u00edtica externa de Lula.<\/p>\n<p class=\"postParagraph_post-paragraph__juWZN postParagraph_post-paragraph-innerHtml__Q5vwc\">\u201cAo fazer isso, o candidato de oposi\u00e7\u00e3o procura demarcar com nitidez as diferen\u00e7as program\u00e1ticas entre o seu grupo e o governo, transformando o tema internacional em um valioso ativo de campanha\u201d, ressalta.<\/p>\n<p class=\"postParagraph_post-paragraph__juWZN postParagraph_post-paragraph-innerHtml__Q5vwc\">Segundo o professor, essa estrat\u00e9gia tamb\u00e9m j\u00e1 repercute na forma como o senador vem sendo percebido pelo eleitorado. Fl\u00e1vio conseguiu em pouco tempo consolidar-se como alternativa vi\u00e1vel da direita, assim visto tamb\u00e9m no exterior.<\/p>\n<p class=\"postParagraph_post-paragraph__juWZN postParagraph_post-paragraph-innerHtml__Q5vwc\">Gomes projeta que a corrida presidencial aprofundar\u00e1 a polariza\u00e7\u00e3o verificada em 2022. O resultado das urnas vir\u00e1, a seu ver, de uma equa\u00e7\u00e3o delicada entre agenda de seguran\u00e7a p\u00fablica, desempenho da economia do pa\u00eds e a evolu\u00e7\u00e3o dos n\u00edveis de rejei\u00e7\u00e3o dos candidatos.<\/p>\n<h2 class=\"postParagraph_post-paragraph__juWZN postParagraph_post-paragraph-innerHtml__Q5vwc postParagraph_type-tag-h2__TtFkT\">Pol\u00edtica externa vira ativo da direita e desafio para Lula<\/h2>\n<p class=\"postParagraph_post-paragraph__juWZN postParagraph_post-paragraph-innerHtml__Q5vwc\">M\u00e1rcio Coimbra, do Instituto Monitor da Democracia, avalia que a internacionaliza\u00e7\u00e3o da campanha eleitoral de 2026 reflete a fragmenta\u00e7\u00e3o global e a op\u00e7\u00e3o do governo Lula por suposta neutralidade &#8211; o que levou ao distanciamento do pa\u00eds das democracias liberais.<\/p>\n<p class=\"postParagraph_post-paragraph__juWZN postParagraph_post-paragraph-innerHtml__Q5vwc\">\u201cO plano de Lula de figurar como estadista global naufragou com discurso anacr\u00f4nico, alinhado com o eixo Pequim-Moscou-Teer\u00e3, e ambiguidade moral diante de autocracias\u201d, diz.<\/p>\n<p class=\"postParagraph_post-paragraph__juWZN postParagraph_post-paragraph-innerHtml__Q5vwc\">Com a consolida\u00e7\u00e3o da lideran\u00e7a do presidente Donald Trump e a postura mais assertiva de Washington no Hemisf\u00e9rio Ocidental, Coimbra sustenta que a ret\u00f3rica do \u201cSul Global\u201d exercida por Lula virou um passivo diplom\u00e1tico e econ\u00f4mico. Nesse contexto, o Pal\u00e1cio do Planalto teria elevado a aten\u00e7\u00e3o para a agenda dom\u00e9stica, apostando em pautas internas diante da dificuldade de apresentar ganhos concretos na pol\u00edtica externa.<\/p>\n<p class=\"postParagraph_post-paragraph__juWZN postParagraph_post-paragraph-innerHtml__Q5vwc\">Para ele, uma aproxima\u00e7\u00e3o maior de Fl\u00e1vio e da direita brasileira com a Casa Branca pode servir como estrat\u00e9gia previs\u00edvel de legitima\u00e7\u00e3o, mas cercada de riscos. O alinhamento com o Partido Republicano \u2014 em torno de seguran\u00e7a, prosperidade econ\u00f4mica e rea\u00e7\u00e3o ao esquerdismo \u2014 dialoga com parte do eleitorado, mas esbarra no protecionismo do \u201c<em>America First\u201d<\/em>, que n\u00e3o garante menos barreiras ao agroneg\u00f3cio ou \u00e0 ind\u00fastria. Coimbra opina que o desafio da direita ser\u00e1 evitar a imagem de &#8220;submiss\u00e3o&#8221;, o que pode ser muni\u00e7\u00e3o para a campanha petista.<\/p>\n<p class=\"postParagraph_post-paragraph__juWZN postParagraph_post-paragraph-innerHtml__Q5vwc\">Coimbra conclui que, para ser vista como alternativa s\u00f3lida por Washington, a direita brasileira precisar\u00e1 ir al\u00e9m da voz digital e apresentar compromisso claro com seguran\u00e7a jur\u00eddica e abertura de mercados.<\/p>\n<p class=\"postParagraph_post-paragraph__juWZN postParagraph_post-paragraph-innerHtml__Q5vwc\">\u201cA disputa eleitoral ser\u00e1 vencida por quem conseguir traduzir a geopol\u00edtica em benef\u00edcios concretos ao cidad\u00e3o, integrando o pa\u00eds ao eixo ocidental sem abdicar de pragmatismo e defesa do interesse nacional num mundo ainda mais competitivo\u201d, frisa.<\/p>\n<h2 class=\"postParagraph_post-paragraph__juWZN postParagraph_post-paragraph-innerHtml__Q5vwc postParagraph_type-tag-h2__TtFkT\">Peso econ\u00f4mico do Brasil desperta aten\u00e7\u00e3o de atores externos para elei\u00e7\u00e3o<\/h2>\n<p class=\"postParagraph_post-paragraph__juWZN postParagraph_post-paragraph-innerHtml__Q5vwc\">Daniel Silva, professor de Rela\u00e7\u00f5es Internacionais da USP, afirma que o Brasil historicamente ocupa posi\u00e7\u00e3o estrat\u00e9gica no cen\u00e1rio global, o que atrai aten\u00e7\u00e3o de governos e investidores. Como uma das 10 maiores economias do mundo, o pa\u00eds re\u00fane grande mercado consumidor e capacidade de receber volumosos investimentos estrangeiros. Confirmadas as candidaturas governista e de oposi\u00e7\u00e3o, a disputa presidencial passa a ser observada como decisiva para os rumos da segunda maior democracia do continente.<\/p>\n<p class=\"postParagraph_post-paragraph__juWZN postParagraph_post-paragraph-innerHtml__Q5vwc\">Fl\u00e1vio Bolsonaro intensificou sua agenda internacional como parte da estrat\u00e9gia de pr\u00e9-campanha ao Pal\u00e1cio do Planalto. Em janeiro, ele esteve em Israel para a Confer\u00eancia Anual de Combate ao Antissemitismo, reuniu-se com o primeiro-ministro Benjamin Netanyahu e refor\u00e7ou o alinhamento com o governo israelense, afirmando compromisso \u201cinegoci\u00e1vel\u201d com o povo judeu.<\/p>\n<p class=\"postParagraph_post-paragraph__juWZN postParagraph_post-paragraph-innerHtml__Q5vwc\">Lula, por sua vez, foi declarado <em>persona non grata<\/em> por Israel ap\u00f3s comparar as a\u00e7\u00f5es militares israelenses na Faixa de Gaza ao Holocausto. A declara\u00e7\u00e3o foi feita durante a guerra entre Hamas e Israel, iniciada ap\u00f3s os ataques de 7 de outubro de 2023. O governo israelense considerou a analogia ofensiva e inaceit\u00e1vel, convocou o embaixador brasileiro para uma reprimenda p\u00fablica e anunciou que o presidente brasileiro n\u00e3o seria bem-vindo ao pa\u00eds enquanto n\u00e3o houvesse retrata\u00e7\u00e3o. O epis\u00f3dio provocou deteriora\u00e7\u00e3o nas rela\u00e7\u00f5es diplom\u00e1ticas entre os dois pa\u00edses, com trocas de declara\u00e7\u00f5es duras e desgaste bilateral.<\/p>\n<p class=\"postParagraph_post-paragraph__juWZN postParagraph_post-paragraph-innerHtml__Q5vwc\">Na sequ\u00eancia, Fl\u00e1vio passou por Bahrein e Emirados \u00c1rabes Unidos, com recep\u00e7\u00f5es oficiais e encontros pol\u00edticos, e, em fevereiro, cumpriu agendas na Fran\u00e7a com lideran\u00e7as da direita local e a imprensa francesa.<\/p>\n<p class=\"postParagraph_post-paragraph__juWZN postParagraph_post-paragraph-innerHtml__Q5vwc\">Nos Estados Unidos, realizou ao menos tr\u00eas compromissos em menos de um m\u00eas, incluindo passagens por Nashville e articula\u00e7\u00f5es no entorno do presidente Donald Trump, embora n\u00e3o tenha se reunido formalmente com o secret\u00e1rio de Estado, Marco Rubio. O roteiro ainda prev\u00ea viagens para Pol\u00f4nia, Hungria, Portugal e B\u00e9lgica, consolidando alian\u00e7a no campo conservador.<\/p>\n<p class=\"postParagraph_post-paragraph__juWZN postParagraph_post-paragraph-innerHtml__Q5vwc\">Na Am\u00e9rica Latina, ele j\u00e1 tem relacionamento pr\u00f3ximo com o presidente da Argentina, Javier Milei, e com o rec\u00e9m-eleito Jos\u00e9 Antonio Kast, do Chile. A direita brasileira tamb\u00e9m tem conex\u00f5es com o presidente Nayib Bukele, de El Salvador, com especial interesse no seu modelo prisional.<\/p>\n<p class=\"postParagraph_post-paragraph__juWZN postParagraph_post-paragraph-innerHtml__Q5vwc\">O movimento de Fl\u00e1vio busca projetar a imagem de um candidato com tr\u00e2nsito internacional e conex\u00f5es ideol\u00f3gicas claras, dialogando com sua base e produzindo ativos simb\u00f3licos para a campanha. Ao circular por polos conservadores e governos alinhados, o senador sinaliza a defesa de valores associados \u00e0 direita \u2014 como seguran\u00e7a e identidade ocidental \u2014 e tenta compensar resist\u00eancias \u00e0 sua pr\u00e9-candidatura com capital pol\u00edtico externo.<\/p>\n<h2 class=\"postParagraph_post-paragraph__juWZN postParagraph_post-paragraph-innerHtml__Q5vwc postParagraph_type-tag-h2__TtFkT\">Lula espera avan\u00e7ar no di\u00e1logo com os EUA na pr\u00f3xima reuni\u00e3o com Trump<\/h2>\n<p class=\"postParagraph_post-paragraph__juWZN postParagraph_post-paragraph-innerHtml__Q5vwc\">O esfor\u00e7o de Fl\u00e1vio para se mostrar como l\u00edder conservador indica mudan\u00e7as nas rela\u00e7\u00f5es externas do Brasil, caso seja eleito no pleito de outubro. Em contraste, Lula adotou agenda mais seletiva e pragm\u00e1tica, priorizando acordos comerciais, como as recentes viagens para a \u00cdndia e Coreia do Sul, al\u00e9m do esfor\u00e7o para selar o acordo de livre com\u00e9rcio entre Mercosul e Uni\u00e3o Europeia.<\/p>\n<p class=\"postParagraph_post-paragraph__juWZN postParagraph_post-paragraph-innerHtml__Q5vwc\">Embora continue criticando a\u00e7\u00f5es dos Estados Unidos na Venezuela, sobretudo a captura do ditador Nicol\u00e1s Maduro, e tenha defendido a Am\u00e9rica Latina como \u201czona de paz\u201d, Lula busca manter canais abertos com Washington e aposta em encontro em mar\u00e7o com Trump na Casa Branca para destravar pautas bilaterais, com foco na explora\u00e7\u00e3o de minerais raros no Brasil. O risco de novas taxas contra o com\u00e9rcio brasileiro tamb\u00e9m est\u00e1 no radar.<\/p>\n<p class=\"postParagraph_post-paragraph__juWZN postParagraph_post-paragraph-innerHtml__Q5vwc\">Ao incorporar tamb\u00e9m o tema proposto pela Casa Branca envolvendo parcerias para combater o crime organizado e o narcotr\u00e1fico \u2014 tema sens\u00edvel no debate eleitoral brasileiro deste ano \u2014, Lula tenta equilibrar discurso diplom\u00e1tico e demandas internas.<\/p>\n<\/div>\n<p><br \/>\n<br \/>Fonte: <a href=\"https:\/\/www.gazetadopovo.com.br\/republica\/posicoes-antagonicas-de-flavio-e-lula-sobre-ira-ja-esquentam-debate-eleitoral\/\">Revista Oeste<\/a><\/p>\n","protected":false},"excerpt":{"rendered":"<p>A guerra iniciada no s\u00e1bado (28) envolvendo o Ir\u00e3 e a alian\u00e7a entre Estados Unidos e Israel explicitou as posi\u00e7\u00f5es antag\u00f4nicas dos principais pr\u00e9-candidatos \u00e0 Presid\u00eancia em 2026 \u2013 Luiz In\u00e1cio Lula da Silva (PT) e Fl\u00e1vio Bolsonaro (PL). A diverg\u00eancia profunda entre os seus discursos, gestos e compromissos p\u00fablicos em rela\u00e7\u00e3o ao tema deve-se, [&hellip;]<\/p>\n","protected":false},"author":5,"featured_media":65727,"comment_status":"open","ping_status":"open","sticky":false,"template":"","format":"standard","meta":{"_seopress_robots_primary_cat":"","_seopress_titles_title":"","_seopress_titles_desc":"","_seopress_robots_index":"","footnotes":""},"categories":[1],"tags":[],"class_list":["post-65755","post","type-post","status-publish","format-standard","has-post-thumbnail","hentry","category-ultimas-noticias"],"_links":{"self":[{"href":"https:\/\/mussicom.com\/noticias\/wp-json\/wp\/v2\/posts\/65755","targetHints":{"allow":["GET"]}}],"collection":[{"href":"https:\/\/mussicom.com\/noticias\/wp-json\/wp\/v2\/posts"}],"about":[{"href":"https:\/\/mussicom.com\/noticias\/wp-json\/wp\/v2\/types\/post"}],"author":[{"embeddable":true,"href":"https:\/\/mussicom.com\/noticias\/wp-json\/wp\/v2\/users\/5"}],"replies":[{"embeddable":true,"href":"https:\/\/mussicom.com\/noticias\/wp-json\/wp\/v2\/comments?post=65755"}],"version-history":[{"count":0,"href":"https:\/\/mussicom.com\/noticias\/wp-json\/wp\/v2\/posts\/65755\/revisions"}],"wp:featuredmedia":[{"embeddable":true,"href":"https:\/\/mussicom.com\/noticias\/wp-json\/wp\/v2\/media\/65727"}],"wp:attachment":[{"href":"https:\/\/mussicom.com\/noticias\/wp-json\/wp\/v2\/media?parent=65755"}],"wp:term":[{"taxonomy":"category","embeddable":true,"href":"https:\/\/mussicom.com\/noticias\/wp-json\/wp\/v2\/categories?post=65755"},{"taxonomy":"post_tag","embeddable":true,"href":"https:\/\/mussicom.com\/noticias\/wp-json\/wp\/v2\/tags?post=65755"}],"curies":[{"name":"wp","href":"https:\/\/api.w.org\/{rel}","templated":true}]}}