{"id":65694,"date":"2026-03-02T17:58:24","date_gmt":"2026-03-02T20:58:24","guid":{"rendered":"https:\/\/mussicom.com\/gcm-de-sao-vicente-apreende-adolescente-em-flagrante\/"},"modified":"2026-03-02T17:58:24","modified_gmt":"2026-03-02T20:58:24","slug":"gcm-de-sao-vicente-apreende-adolescente-em-flagrante","status":"publish","type":"post","link":"https:\/\/mussicom.com\/noticias\/gcm-de-sao-vicente-apreende-adolescente-em-flagrante\/","title":{"rendered":"GCM de S\u00e3o Vicente apreende adolescente em flagrante"},"content":{"rendered":"<p> <br \/>\n<\/p>\n<div>\n<p>A Guarda Civil Municipal (GCM) de S\u00e3o Vicente apreendeu drogas e conduziu um adolescente \u00e0 delegacia durante patrulhamento preventivo no bairro Jardim Irm\u00e3 Dolores.<\/p>\n<p>De acordo com o boletim de ocorr\u00eancia, a equipe da GCM realizava ronda em um ponto conhecido pela comercializa\u00e7\u00e3o de entorpecentes, quando visualizou o adolescente portando uma sacola preta. Ao notar a aproxima\u00e7\u00e3o da viatura, ele demonstrou nervosismo e tentou esconder o objeto atr\u00e1s do corpo, o que motivou a abordagem.<\/p>\n<p>Durante a averigua\u00e7\u00e3o, nada de il\u00edcito foi encontrado na busca pessoal. No entanto, ao verificarem o conte\u00fado da sacola, os guardas localizaram por\u00e7\u00f5es de entorpecentes j\u00e1 fracionadas e prontas para comercializa\u00e7\u00e3o, al\u00e9m de anota\u00e7\u00f5es relacionadas ao controle da atividade de tr\u00e1fico.<\/p>\n<p>Foram apreendidos 122 gramas de maconha, 59 gramas de coca\u00edna e 21 gramas de crack. O adolescente foi conduzido \u00e0 delegacia, onde a ocorr\u00eancia foi registrada e a apreens\u00e3o formalizada pela Pol\u00edcia Civil do Estado de S\u00e3o Paulo.<\/p>\n<p>\u00a0<\/p>\n<\/div>\n<p><br \/>\n<br \/>Fonte: <a href=\"https:\/\/jornaldaorla.com.br\/noticias\/gcm-de-sao-vicente-apreende-adolescente-em-flagrante\/\">Jornal Da Orla<\/a><\/p>\n","protected":false},"excerpt":{"rendered":"<p>A Guarda Civil Municipal (GCM) de S\u00e3o Vicente apreendeu drogas e conduziu um adolescente \u00e0 delegacia durante patrulhamento preventivo no bairro Jardim Irm\u00e3 Dolores. De acordo com o boletim de ocorr\u00eancia, a equipe da GCM realizava ronda em um ponto conhecido pela comercializa\u00e7\u00e3o de entorpecentes, quando visualizou o adolescente portando uma sacola preta. Ao notar [&hellip;]<\/p>\n","protected":false},"author":5,"featured_media":65695,"comment_status":"open","ping_status":"open","sticky":false,"template":"","format":"standard","meta":{"_seopress_robots_primary_cat":"","_seopress_titles_title":"","_seopress_titles_desc":"","_seopress_robots_index":"","footnotes":""},"categories":[52],"tags":[],"class_list":["post-65694","post","type-post","status-publish","format-standard","has-post-thumbnail","hentry","category-santoseregiao"],"_links":{"self":[{"href":"https:\/\/mussicom.com\/noticias\/wp-json\/wp\/v2\/posts\/65694","targetHints":{"allow":["GET"]}}],"collection":[{"href":"https:\/\/mussicom.com\/noticias\/wp-json\/wp\/v2\/posts"}],"about":[{"href":"https:\/\/mussicom.com\/noticias\/wp-json\/wp\/v2\/types\/post"}],"author":[{"embeddable":true,"href":"https:\/\/mussicom.com\/noticias\/wp-json\/wp\/v2\/users\/5"}],"replies":[{"embeddable":true,"href":"https:\/\/mussicom.com\/noticias\/wp-json\/wp\/v2\/comments?post=65694"}],"version-history":[{"count":0,"href":"https:\/\/mussicom.com\/noticias\/wp-json\/wp\/v2\/posts\/65694\/revisions"}],"wp:featuredmedia":[{"embeddable":true,"href":"https:\/\/mussicom.com\/noticias\/wp-json\/wp\/v2\/media\/65695"}],"wp:attachment":[{"href":"https:\/\/mussicom.com\/noticias\/wp-json\/wp\/v2\/media?parent=65694"}],"wp:term":[{"taxonomy":"category","embeddable":true,"href":"https:\/\/mussicom.com\/noticias\/wp-json\/wp\/v2\/categories?post=65694"},{"taxonomy":"post_tag","embeddable":true,"href":"https:\/\/mussicom.com\/noticias\/wp-json\/wp\/v2\/tags?post=65694"}],"curies":[{"name":"wp","href":"https:\/\/api.w.org\/{rel}","templated":true}]}}