{"id":6564,"date":"2025-03-18T08:38:16","date_gmt":"2025-03-18T11:38:16","guid":{"rendered":"https:\/\/www.mussicom.com\/israel-retoma-ofensiva-contra-o-hamas-e-encerra-cessar-fogo\/"},"modified":"2025-03-18T08:38:16","modified_gmt":"2025-03-18T11:38:16","slug":"israel-retoma-ofensiva-contra-o-hamas-e-encerra-cessar-fogo","status":"publish","type":"post","link":"https:\/\/mussicom.com\/noticias\/israel-retoma-ofensiva-contra-o-hamas-e-encerra-cessar-fogo\/","title":{"rendered":"Israel retoma ofensiva contra o Hamas e encerra cessar-fogo"},"content":{"rendered":"<p> <br \/>\n<\/p>\n<div id=\"hd80s9wa1h892edh8192\">\n<p>Israel lan\u00e7ou uma nova ofensiva contra o Hamas nesta segunda-feira, 17, e encerrou o cessar-fogo firmado com o grupo terrorista. As a\u00e7\u00f5es ocorrem em meio a entraves nas negocia\u00e7\u00f5es sobre a troca de ref\u00e9ns israelenses por prisioneiros palestinos.<\/p>\n<p><strong>+ Leia mais not\u00edcias de Mundo em Oeste<\/strong><\/p>\n<p>Os ataques a\u00e9reos deixaram ao menos 326 mortos e incluem crian\u00e7as, conforme o Minist\u00e9rio da Sa\u00fade de Gaza. Al\u00e9m das mortes, equipes m\u00e9dicas registraram mais de 150 feridos em diferentes regi\u00f5es, no epis\u00f3dio mais violento desde o in\u00edcio da tr\u00e9gua, em 19 de janeiro.<\/p>\n<h2 class=\"wp-block-heading\"><strong>Hamas acusa Israel de romper acordo<\/strong>\u00a0<\/h2>\n<p>Um representante s\u00eanior do Hamas declarou \u00e0 ag\u00eancia <em>Reuters<\/em> que a ofensiva israelense representava uma quebra unilateral do cessar-fogo e ressaltou que a retomada dos ataques colocaria os ref\u00e9ns em risco.<\/p>\n<p>As For\u00e7as de Defesa de Israel anunciaram que manter\u00e3o os bombardeios contra l\u00edderes do Hamas e sua infraestrutura em Gaza. Al\u00e9m das opera\u00e7\u00f5es a\u00e9reas, o governo israelense avalia ampliar a a\u00e7\u00e3o militar na regi\u00e3o.<\/p>\n<figure class=\"wp-block-embed is-type-video is-provider-youtube wp-block-embed-youtube wp-embed-aspect-16-9 wp-has-aspect-ratio\">\n<div class=\"wp-block-embed__wrapper\">\n<div class=\"perfmatters-lazy-youtube\" data-src=\"https:\/\/www.youtube.com\/embed\/_iMt7yzcFGM\" data-id=\"_iMt7yzcFGM\" data-query=\"feature=oembed\" onclick=\"perfmattersLazyLoadYouTube(this);\">\n<div><img fetchpriority=\"high\" decoding=\"async\" src=\"https:\/\/i.ytimg.com\/vi\/_iMt7yzcFGM\/hqdefault.jpg\" alt=\"YouTube video\" width=\"480\" height=\"360\" data-pin-nopin=\"true\" nopin=\"nopin\"\/><\/div>\n<\/div>\n<p><noscript><iframe title=\"Lula, Janja e Z\u00e9 Dirceu festejam 80 anos de Marta Suplicy em pr\u00e9dio de luxo\" width=\"800\" height=\"450\" src=\"https:\/\/www.youtube.com\/embed\/_iMt7yzcFGM?feature=oembed\" frameborder=\"0\" allow=\"accelerometer; autoplay; clipboard-write; encrypted-media; gyroscope; picture-in-picture; web-share\" referrerpolicy=\"strict-origin-when-cross-origin\" allowfullscreen><\/iframe><\/noscript>\n<\/div>\n<\/figure>\n<h2 class=\"wp-block-heading\"><strong>Ataques atingem v\u00e1rias cidades de Gaza<\/strong>\u00a0<\/h2>\n<p>Relatos de testemunhas e m\u00e9dicos revelam que bombardeios atingiram tr\u00eas resid\u00eancias em Deir al-Balah, no centro da <strong>Faixa de Gaza<\/strong>, al\u00e9m de um edif\u00edcio na cidade de Gaza e alvos em Khan Yunis e <strong>Rafah<\/strong>, no sul do territ\u00f3rio.<\/p>\n<p>O aumento da viol\u00eancia reflete o impasse nas negocia\u00e7\u00f5es entre Israel e Hamas. O acordo de cessar-fogo havia sido estruturado em tr\u00eas fases, com apoio de mediadores \u00e1rabes e dos <strong>Estados Unidos<\/strong>, mas as tratativas n\u00e3o avan\u00e7aram. Washington confirmou que Tel-Aviv consultou a Casa Branca antes de retomar os ataques.<\/p>\n<p>O gabinete do primeiro-ministro Binyamin Netanyahu acusou o Hamas de rejeitar todas as propostas feitas por mediadores internacionais, entre eles o enviado especial dos EUA para o Oriente M\u00e9dio, Steve Witkoff.<\/p>\n<h2 class=\"wp-block-heading\"><strong>Proposta rejeitada pelo Hamas<\/strong>\u00a0<\/h2>\n<p>O plano inicial previa a retirada das tropas israelenses de Gaza no in\u00edcio de fevereiro, em troca da liberta\u00e7\u00e3o de ref\u00e9ns. Embora Israel tenha assinado o pacto, Netanyahu reafirmou que a guerra s\u00f3 terminar\u00e1 quando as capacidades militares e pol\u00edticas do Hamas forem eliminadas.<\/p>\n<p>Em 2 de mar\u00e7o, o primeiro-ministro prop\u00f4s uma extens\u00e3o do cessar-fogo por 50 dias e permitiu a liberta\u00e7\u00e3o de metade dos ref\u00e9ns ainda mantidos pelo Hamas. O grupo terrorista rejeitou a oferta, e Israel bloqueou a entrada de ajuda humanit\u00e1ria em Gaza como forma de press\u00e3o.<\/p>\n<figure class=\"wp-block-embed is-type-video is-provider-youtube wp-block-embed-youtube wp-embed-aspect-16-9 wp-has-aspect-ratio\">\n<div class=\"wp-block-embed__wrapper\">\n<div class=\"perfmatters-lazy-youtube\" data-src=\"https:\/\/www.youtube.com\/embed\/r2D1HxHbNOc\" data-id=\"r2D1HxHbNOc\" data-query=\"feature=oembed\" onclick=\"perfmattersLazyLoadYouTube(this);\">\n<div><img decoding=\"async\" alt=\"YouTube video\" width=\"480\" height=\"360\" data-pin-nopin=\"true\" nopin=\"nopin\" class=\"perfmatters-lazy\" src=\"https:\/\/i.ytimg.com\/vi\/r2D1HxHbNOc\/hqdefault.jpg\"\/><img decoding=\"async\" src=\"https:\/\/i.ytimg.com\/vi\/r2D1HxHbNOc\/hqdefault.jpg\" alt=\"YouTube video\" width=\"480\" height=\"360\" data-pin-nopin=\"true\" nopin=\"nopin\"\/><\/div>\n<\/div>\n<p><noscript><iframe title=\"Ex-candidata a vereadora pelo Psol \u00e9 presa vendendo &#039;brisadeiro&#039; em S\u00e3o Paulo\" width=\"800\" height=\"450\" src=\"https:\/\/www.youtube.com\/embed\/r2D1HxHbNOc?feature=oembed\" frameborder=\"0\" allow=\"accelerometer; autoplay; clipboard-write; encrypted-media; gyroscope; picture-in-picture; web-share\" referrerpolicy=\"strict-origin-when-cross-origin\" allowfullscreen><\/iframe><\/noscript>\n<\/div>\n<\/figure>\n<p>Segundo o jornal <em>The Times of Israel<\/em>, Tel-Aviv se recusou a negociar com base nos termos originais da segunda fase da tr\u00e9gua, que deveria ter come\u00e7ado em 3 de fevereiro. Enquanto mediadores buscavam prolongar o cessar-fogo, novos epis\u00f3dios de viol\u00eancia expuseram a fragilidade do acordo. No dia 8 de mar\u00e7o, um ataque a\u00e9reo israelense matou dois palestinos em Rafah. Israel alegou que o alvo era um drone que cruzou da Faixa de Gaza para seu territ\u00f3rio.<\/p>\n<p>Durante a primeira fase do acordo, que durou 42 dias, o Hamas libertou 33 ref\u00e9ns israelenses e cinco tailandeses. Em troca, Israel soltou 2 mil prisioneiros palestinos e retirou tropas de algumas posi\u00e7\u00f5es estrat\u00e9gicas em Gaza.<\/p>\n<h2 class=\"wp-block-heading\"><strong>Israel ataca alvos no L\u00edbano e na S\u00edria<\/strong>\u00a0<\/h2>\n<p>No in\u00edcio desta segunda-feira, for\u00e7as israelenses tamb\u00e9m bombardearam alvos no sul do L\u00edbano e na S\u00edria. Em Daraa, no sul da S\u00edria, os ataques deixaram dois mortos e 19 feridos, segundo a ag\u00eancia estatal Sana. Israel confirmou a ofensiva e declarou que os alvos eram quart\u00e9is-generais militares e dep\u00f3sitos de armas.<\/p>\n<\/p><\/div>\n<p><br \/>\n<br \/>Fonte: <a href=\"https:\/\/revistaoeste.com\/mundo\/israel-retoma-ofensiva-contra-o-hamas-e-encerra-cessar-fogo\/\">Revista Oeste<\/a><\/p>\n","protected":false},"excerpt":{"rendered":"<p>Israel lan\u00e7ou uma nova ofensiva contra o Hamas nesta segunda-feira, 17, e encerrou o cessar-fogo firmado com o grupo terrorista. As a\u00e7\u00f5es ocorrem em meio a entraves nas negocia\u00e7\u00f5es sobre a troca de ref\u00e9ns israelenses por prisioneiros palestinos. + Leia mais not\u00edcias de Mundo em Oeste Os ataques a\u00e9reos deixaram ao menos 326 mortos e [&hellip;]<\/p>\n","protected":false},"author":5,"featured_media":6565,"comment_status":"open","ping_status":"open","sticky":false,"template":"","format":"standard","meta":{"_seopress_robots_primary_cat":"","_seopress_titles_title":"","_seopress_titles_desc":"","_seopress_robots_index":"","footnotes":""},"categories":[48],"tags":[],"class_list":["post-6564","post","type-post","status-publish","format-standard","has-post-thumbnail","hentry","category-internacional"],"_links":{"self":[{"href":"https:\/\/mussicom.com\/noticias\/wp-json\/wp\/v2\/posts\/6564","targetHints":{"allow":["GET"]}}],"collection":[{"href":"https:\/\/mussicom.com\/noticias\/wp-json\/wp\/v2\/posts"}],"about":[{"href":"https:\/\/mussicom.com\/noticias\/wp-json\/wp\/v2\/types\/post"}],"author":[{"embeddable":true,"href":"https:\/\/mussicom.com\/noticias\/wp-json\/wp\/v2\/users\/5"}],"replies":[{"embeddable":true,"href":"https:\/\/mussicom.com\/noticias\/wp-json\/wp\/v2\/comments?post=6564"}],"version-history":[{"count":0,"href":"https:\/\/mussicom.com\/noticias\/wp-json\/wp\/v2\/posts\/6564\/revisions"}],"wp:featuredmedia":[{"embeddable":true,"href":"https:\/\/mussicom.com\/noticias\/wp-json\/wp\/v2\/media\/6565"}],"wp:attachment":[{"href":"https:\/\/mussicom.com\/noticias\/wp-json\/wp\/v2\/media?parent=6564"}],"wp:term":[{"taxonomy":"category","embeddable":true,"href":"https:\/\/mussicom.com\/noticias\/wp-json\/wp\/v2\/categories?post=6564"},{"taxonomy":"post_tag","embeddable":true,"href":"https:\/\/mussicom.com\/noticias\/wp-json\/wp\/v2\/tags?post=6564"}],"curies":[{"name":"wp","href":"https:\/\/api.w.org\/{rel}","templated":true}]}}