{"id":65433,"date":"2026-02-28T22:07:35","date_gmt":"2026-03-01T01:07:35","guid":{"rendered":"https:\/\/mussicom.com\/contrato-volta-para-o-santos-no-bid-e-enzo-boer-fica-na-expectativa-de-ser-integrado-ao-elenco-principal\/"},"modified":"2026-02-28T22:07:35","modified_gmt":"2026-03-01T01:07:35","slug":"contrato-volta-para-o-santos-no-bid-e-enzo-boer-fica-na-expectativa-de-ser-integrado-ao-elenco-principal","status":"publish","type":"post","link":"https:\/\/mussicom.com\/noticias\/contrato-volta-para-o-santos-no-bid-e-enzo-boer-fica-na-expectativa-de-ser-integrado-ao-elenco-principal\/","title":{"rendered":"Contrato &#8216;volta&#8217; para o Santos no BID e Enzo Boer fica na expectativa de ser integrado ao elenco principal"},"content":{"rendered":"<p> <br \/>\n<\/p>\n<div>\n<div id=\"attachment_179884\" style=\"width: 981px\" class=\"wp-caption aligncenter\"><img alt=\"\" fetchpriority=\"high\" fetchpriority=\"high\" decoding=\"async\" aria-describedby=\"caption-attachment-179884\" class=\" wp-image-179884\" src=\"https:\/\/www.diariodopeixe.com.br\/wp-content\/uploads\/2026\/02\/IMG_0334-300x297.jpeg\" alt=\"\" width=\"971\" height=\"961\" srcset=\"https:\/\/www.diariodopeixe.com.br\/wp-content\/uploads\/2026\/02\/IMG_0334-66x66.jpeg 66w, https:\/\/www.diariodopeixe.com.br\/wp-content\/uploads\/2026\/02\/IMG_0334-200x198.jpeg 200w, https:\/\/www.diariodopeixe.com.br\/wp-content\/uploads\/2026\/02\/IMG_0334-300x297.jpeg 300w, https:\/\/www.diariodopeixe.com.br\/wp-content\/uploads\/2026\/02\/IMG_0334-400x397.jpeg 400w, https:\/\/www.diariodopeixe.com.br\/wp-content\/uploads\/2026\/02\/IMG_0334-600x595.jpeg 600w, https:\/\/www.diariodopeixe.com.br\/wp-content\/uploads\/2026\/02\/IMG_0334-800x793.jpeg 800w\" sizes=\"(max-width: 971px) 100vw, 971px\"\/><\/p>\n<p id=\"caption-attachment-179884\" class=\"wp-caption-text\">Enzo Boer fica com futuro indefinido no Santos (Cr\u00e9dito: Divulga\u00e7\u00e3o)<\/p>\n<\/div>\n<p>O contrato do atacante Enzo Boer \u2018voltou\u2019 para o Santos no BID (Boletim Informativo Di\u00e1rio da CBF) nesta quinta-feira (26). Depois de recusar venda, o clube teve o jogador retornando as atividades no CT Rei Pel\u00e9. Como o v\u00ednculo n\u00e3o havia retornado ao Peixe, o Departamento de Futebol colocou o atleta treinando separado.<\/p>\n<p>Agora, com contrato regularizado com o Alvinegro, ele fica com a expectativa de ser integrado ao elenco do t\u00e9cnico Juan Pablo Vojvoda.\u00a0O jogador atuou pela Copinha e \u2018estourou\u2019 a idade para atuar na base. Como o contrato dele ia finalizar no pr\u00f3ximo dia 31 de janeiro, o Peixe optou pela prorroga\u00e7\u00e3o do v\u00ednculo, que \u00e9 v\u00e1lido at\u00e9 o fim deste ano.<\/p>\n<p>Enzo chegou a ser avisado que n\u00e3o seria aproveitado no time principal e foi emprestado ao Santo Andr\u00e9 para a disputa do Paulista A-2. Inclusive, chegou a estrear pelo Ramalh\u00e3o. Por\u00e9m, o staff viu chegar uma proposta ZTE (Hungria) e o correu com tudo para fechar a venda. A janela fechava no dia 13 de fevereiro a decis\u00e3o ficou nas m\u00e3os do presidente Marcelo Teixeira.<\/p>\n<p>O mandat\u00e1rio s\u00f3 precisava assinar para fechar o neg\u00f3cio, mas a diretoria achou o valor baixo e n\u00e3o quis assinar. Como o clube j\u00e1 tinha pedido a rescis\u00e3o de empr\u00e9stimo para encaminhar a venda, Enzo ficou sem v\u00ednculo com o time do ABC Paulista e voltou a ficar \u00e0 disposi\u00e7\u00e3o do Peixe.<\/p>\n<p><strong><em>Leia tamb\u00e9m: <\/em><\/strong><em>Emprestado pelo Santos, Alexis Duarte \u00e9 anunciado no Libertad<\/em><\/p>\n<p>Enzo Boer foi contratado pela base em setembro de 2024 depois de passar anos no S\u00e3o Paulo. Ele estava no rival desde quando tinha 11 anos, mas o clube de Cotia n\u00e3o quis renovar o contrato. Naquele ano, n\u00e3o atuou por torneios oficiais e foi um dos artilheiros santistas na Copa Atl\u00e2ntico Sub-19.<\/p>\n<p>J\u00e1 no ano passado, foram 4 gols em 24 partidas pelo Paulista Sub-20 e outros 2 gols em 13 confrontos pelo Brasileiro da categoria. Neste in\u00edcio de ano, participou de tr\u00eas duelos pela Copinha.<\/p>\n<\/p><\/div>\n<p><br \/>\n<br \/>Fonte: <a href=\"https:\/\/www.diariodopeixe.com.br\/noticias\/contrato-volta-para-o-santos-no-bid-e-enzo-boer-fica-na-expectativa-de-ser-integrado-ao-elenco-principal\/\">Di\u00e1rio do Peixe<\/a><\/p>\n","protected":false},"excerpt":{"rendered":"<p>Enzo Boer fica com futuro indefinido no Santos (Cr\u00e9dito: Divulga\u00e7\u00e3o) O contrato do atacante Enzo Boer \u2018voltou\u2019 para o Santos no BID (Boletim Informativo Di\u00e1rio da CBF) nesta quinta-feira (26). Depois de recusar venda, o clube teve o jogador retornando as atividades no CT Rei Pel\u00e9. Como o v\u00ednculo n\u00e3o havia retornado ao Peixe, o [&hellip;]<\/p>\n","protected":false},"author":5,"featured_media":65434,"comment_status":"open","ping_status":"open","sticky":false,"template":"","format":"standard","meta":{"_seopress_robots_primary_cat":"","_seopress_titles_title":"","_seopress_titles_desc":"","_seopress_robots_index":"","footnotes":""},"categories":[55],"tags":[],"class_list":["post-65433","post","type-post","status-publish","format-standard","has-post-thumbnail","hentry","category-santos-fc"],"_links":{"self":[{"href":"https:\/\/mussicom.com\/noticias\/wp-json\/wp\/v2\/posts\/65433","targetHints":{"allow":["GET"]}}],"collection":[{"href":"https:\/\/mussicom.com\/noticias\/wp-json\/wp\/v2\/posts"}],"about":[{"href":"https:\/\/mussicom.com\/noticias\/wp-json\/wp\/v2\/types\/post"}],"author":[{"embeddable":true,"href":"https:\/\/mussicom.com\/noticias\/wp-json\/wp\/v2\/users\/5"}],"replies":[{"embeddable":true,"href":"https:\/\/mussicom.com\/noticias\/wp-json\/wp\/v2\/comments?post=65433"}],"version-history":[{"count":0,"href":"https:\/\/mussicom.com\/noticias\/wp-json\/wp\/v2\/posts\/65433\/revisions"}],"wp:featuredmedia":[{"embeddable":true,"href":"https:\/\/mussicom.com\/noticias\/wp-json\/wp\/v2\/media\/65434"}],"wp:attachment":[{"href":"https:\/\/mussicom.com\/noticias\/wp-json\/wp\/v2\/media?parent=65433"}],"wp:term":[{"taxonomy":"category","embeddable":true,"href":"https:\/\/mussicom.com\/noticias\/wp-json\/wp\/v2\/categories?post=65433"},{"taxonomy":"post_tag","embeddable":true,"href":"https:\/\/mussicom.com\/noticias\/wp-json\/wp\/v2\/tags?post=65433"}],"curies":[{"name":"wp","href":"https:\/\/api.w.org\/{rel}","templated":true}]}}