{"id":65431,"date":"2026-02-28T22:06:23","date_gmt":"2026-03-01T01:06:23","guid":{"rendered":"https:\/\/mussicom.com\/agencia-nuclear-convoca-reuniao-emergencial-sobre-ira\/"},"modified":"2026-02-28T22:06:23","modified_gmt":"2026-03-01T01:06:23","slug":"agencia-nuclear-convoca-reuniao-emergencial-sobre-ira","status":"publish","type":"post","link":"https:\/\/mussicom.com\/noticias\/agencia-nuclear-convoca-reuniao-emergencial-sobre-ira\/","title":{"rendered":"Ag\u00eancia Nuclear convoca reuni\u00e3o emergencial sobre Ir\u00e3"},"content":{"rendered":"<p> <br \/>\n<\/p>\n<div id=\"tp-post-content\">\n<p class=\"postParagraph_post-paragraph__juWZN postParagraph_post-paragraph-innerHtml__Q5vwc\">O conselho de governadores da Ag\u00eancia Internacional de Energia At\u00f4mica realizar\u00e1 uma reuni\u00e3o de emerg\u00eancia na manh\u00e3 de segunda-feira (2) para discutir os ataques dos Estados Unidos e de Israel contra o Ir\u00e3, ocorridos no s\u00e1bado (28). A convoca\u00e7\u00e3o foi confirmada em comunicado oficial da ag\u00eancia.<\/p>\n<p class=\"postParagraph_post-paragraph__juWZN postParagraph_post-paragraph-innerHtml__Q5vwc\">A AIEA \u00e9 o \u00f3rg\u00e3o de vigil\u00e2ncia nuclear da Organiza\u00e7\u00e3o das Na\u00e7\u00f5es Unidas e acompanha o programa nuclear iraniano h\u00e1 anos.<\/p>\n<p class=\"postParagraph_post-paragraph__juWZN postParagraph_post-paragraph-innerHtml__Q5vwc\">A reuni\u00e3o extraordin\u00e1ria foi solicitada pela R\u00fassia, segundo informa\u00e7\u00f5es divulgadas pela <em>CNN Brasil<\/em>. Pelas regras do conselho, qualquer pa\u00eds-membro pode convocar uma sess\u00e3o emergencial.<\/p>\n<p class=\"postParagraph_post-paragraph__juWZN postParagraph_post-paragraph-innerHtml__Q5vwc\">O encontro come\u00e7ar\u00e1 uma hora antes da reuni\u00e3o trimestral do conselho, que j\u00e1 estava prevista e que tinha, entre os temas da pauta, o programa nuclear do Ir\u00e3.<\/p>\n<p class=\"postParagraph_post-paragraph__juWZN postParagraph_post-paragraph-innerHtml__Q5vwc\">Mais cedo, a pr\u00f3pria AIEA publicou mensagem na rede X afirmando que acompanha \u201cde perto\u201d os desdobramentos no Oriente M\u00e9dio e pediu cautela para evitar riscos \u00e0 seguran\u00e7a nuclear da popula\u00e7\u00e3o da regi\u00e3o.<\/p>\n<p class=\"postParagraph_post-paragraph__juWZN postParagraph_post-paragraph-innerHtml__Q5vwc\">Segundo a ag\u00eancia, at\u00e9 o momento n\u00e3o h\u00e1 evid\u00eancias de impacto radiol\u00f3gico. A AIEA informou ainda que mant\u00e9m contato permanente com os pa\u00edses envolvidos e continuar\u00e1 monitorando a situa\u00e7\u00e3o.<\/p>\n<p class=\"postParagraph_post-paragraph__juWZN postParagraph_post-paragraph-innerHtml__Q5vwc\">&#8220;A AIEA est\u00e1 acompanhando de perto os desdobramentos no Oriente M\u00e9dio e pede cautela para evitar quaisquer riscos de seguran\u00e7a nuclear para as pessoas na regi\u00e3o. A AIEA est\u00e1 em contato permanente com os pa\u00edses da regi\u00e3o e, at\u00e9 o momento, n\u00e3o h\u00e1 evid\u00eancias de qualquer impacto radiol\u00f3gico. A Ag\u00eancia continuar\u00e1 monitorando a situa\u00e7\u00e3o e informando&#8221;, escreveu a ag\u00eancia no X.<\/p>\n<\/div>\n<p><br \/>\n<br \/>Fonte: <a href=\"https:\/\/www.gazetadopovo.com.br\/mundo\/agencia-nuclear-convoca-reuniao-emergencial-apos-ataques-dos-eua-e-de-israel-ao-ira\/\">Revista Oeste<\/a><\/p>\n","protected":false},"excerpt":{"rendered":"<p>O conselho de governadores da Ag\u00eancia Internacional de Energia At\u00f4mica realizar\u00e1 uma reuni\u00e3o de emerg\u00eancia na manh\u00e3 de segunda-feira (2) para discutir os ataques dos Estados Unidos e de Israel contra o Ir\u00e3, ocorridos no s\u00e1bado (28). A convoca\u00e7\u00e3o foi confirmada em comunicado oficial da ag\u00eancia. A AIEA \u00e9 o \u00f3rg\u00e3o de vigil\u00e2ncia nuclear da [&hellip;]<\/p>\n","protected":false},"author":5,"featured_media":65432,"comment_status":"open","ping_status":"open","sticky":false,"template":"","format":"standard","meta":{"_seopress_robots_primary_cat":"","_seopress_titles_title":"","_seopress_titles_desc":"","_seopress_robots_index":"","footnotes":""},"categories":[1],"tags":[],"class_list":["post-65431","post","type-post","status-publish","format-standard","has-post-thumbnail","hentry","category-ultimas-noticias"],"_links":{"self":[{"href":"https:\/\/mussicom.com\/noticias\/wp-json\/wp\/v2\/posts\/65431","targetHints":{"allow":["GET"]}}],"collection":[{"href":"https:\/\/mussicom.com\/noticias\/wp-json\/wp\/v2\/posts"}],"about":[{"href":"https:\/\/mussicom.com\/noticias\/wp-json\/wp\/v2\/types\/post"}],"author":[{"embeddable":true,"href":"https:\/\/mussicom.com\/noticias\/wp-json\/wp\/v2\/users\/5"}],"replies":[{"embeddable":true,"href":"https:\/\/mussicom.com\/noticias\/wp-json\/wp\/v2\/comments?post=65431"}],"version-history":[{"count":0,"href":"https:\/\/mussicom.com\/noticias\/wp-json\/wp\/v2\/posts\/65431\/revisions"}],"wp:featuredmedia":[{"embeddable":true,"href":"https:\/\/mussicom.com\/noticias\/wp-json\/wp\/v2\/media\/65432"}],"wp:attachment":[{"href":"https:\/\/mussicom.com\/noticias\/wp-json\/wp\/v2\/media?parent=65431"}],"wp:term":[{"taxonomy":"category","embeddable":true,"href":"https:\/\/mussicom.com\/noticias\/wp-json\/wp\/v2\/categories?post=65431"},{"taxonomy":"post_tag","embeddable":true,"href":"https:\/\/mussicom.com\/noticias\/wp-json\/wp\/v2\/tags?post=65431"}],"curies":[{"name":"wp","href":"https:\/\/api.w.org\/{rel}","templated":true}]}}