{"id":65426,"date":"2026-02-28T21:05:16","date_gmt":"2026-03-01T00:05:16","guid":{"rendered":"https:\/\/mussicom.com\/conselho-de-seguranca-da-onu-expoe-divisao-apos-ataques-ao-ira\/"},"modified":"2026-02-28T21:05:16","modified_gmt":"2026-03-01T00:05:16","slug":"conselho-de-seguranca-da-onu-expoe-divisao-apos-ataques-ao-ira","status":"publish","type":"post","link":"https:\/\/mussicom.com\/noticias\/conselho-de-seguranca-da-onu-expoe-divisao-apos-ataques-ao-ira\/","title":{"rendered":"Conselho de Seguran\u00e7a da ONU exp\u00f5e divis\u00e3o ap\u00f3s ataques ao Ir\u00e3"},"content":{"rendered":"<p> <br \/>\n<\/p>\n<div id=\"tp-post-content\">\n<p class=\"postParagraph_post-paragraph__juWZN postParagraph_post-paragraph-innerHtml__Q5vwc\">O Conselho de Seguran\u00e7a da Organiza\u00e7\u00e3o das Na\u00e7\u00f5es Unidas (ONU) realizou uma reuni\u00e3o de emerg\u00eancia, neste s\u00e1bado (28), ap\u00f3s os ataques lan\u00e7ados por Estados Unidos e Israel contra o Ir\u00e3, em meio a negocia\u00e7\u00f5es sobre o programa nuclear iraniano. O encontro foi marcado por apelos \u00e0 desescalada e advert\u00eancias sobre o risco de amplia\u00e7\u00e3o do conflito no Oriente M\u00e9dio.<\/p>\n<p class=\"postParagraph_post-paragraph__juWZN postParagraph_post-paragraph-innerHtml__Q5vwc\">O secret\u00e1rio-geral da ONU, Antonio Guterres, afirmou que h\u00e1 relatos de pelo menos um civil morto em decorr\u00eancia da intercepta\u00e7\u00e3o de um m\u00edssil, al\u00e9m de informa\u00e7\u00f5es sobre civis impactados no Iraque.<\/p>\n<p class=\"postParagraph_post-paragraph__juWZN postParagraph_post-paragraph-innerHtml__Q5vwc\">Segundo ele, os ataques ocorreram enquanto havia conversas indiretas entre Israel e Ir\u00e3, com prepara\u00e7\u00e3o para reuni\u00f5es t\u00e9cnicas previstas para a pr\u00f3xima semana. \u201cLamento profundamente que essa oportunidade de diplomacia tenha sido perdida\u201d, declarou.<\/p>\n<p class=\"postParagraph_post-paragraph__juWZN postParagraph_post-paragraph-innerHtml__Q5vwc\">Guterres pediu a interrup\u00e7\u00e3o imediata dos ataques e a retomada das negocia\u00e7\u00f5es. Ele ressaltou que as a\u00e7\u00f5es militares t\u00eam \u201cgrandes consequ\u00eancias para civis\u201d e defendeu que todos os Estados respeitem o direito internacional, especialmente no que diz respeito \u00e0 prote\u00e7\u00e3o da popula\u00e7\u00e3o civil e \u00e0 seguran\u00e7a nuclear.<\/p>\n<p class=\"postParagraph_post-paragraph__juWZN postParagraph_post-paragraph-innerHtml__Q5vwc\">O secret\u00e1rio-geral tamb\u00e9m afirmou ter mantido contato com l\u00edderes da Ar\u00e1bia Saudita, Catar, Emirados \u00c1rabes Unidos e outros pa\u00edses da regi\u00e3o, refor\u00e7ando a necessidade de evitar uma escalada maior.<\/p>\n<h2 class=\"postParagraph_post-paragraph__juWZN postParagraph_post-paragraph-innerHtml__Q5vwc postParagraph_type-tag-h2__TtFkT\">EUA defendem ofensiva e acusam Ir\u00e3 de desestabiliza\u00e7\u00e3o<\/h2>\n<p class=\"postParagraph_post-paragraph__juWZN postParagraph_post-paragraph-innerHtml__Q5vwc\">O embaixador dos Estados Unidos no Conselho, Mike Waltz, afirmou que o governo iraniano \u201cdesestabilizou o mundo\u201d, matou for\u00e7as americanas, amea\u00e7ou aliados e comprometeu a seguran\u00e7a das \u00e1guas internacionais.<\/p>\n<p class=\"postParagraph_post-paragraph__juWZN postParagraph_post-paragraph-innerHtml__Q5vwc\">Segundo ele, o Ir\u00e3 financiou organiza\u00e7\u00f5es classificadas como terroristas, como o Hamas, apoiou ataques contra tropas no Iraque, realizou sequestros de cidad\u00e3os americanos e atacou navios na regi\u00e3o. Waltz declarou que nenhuma na\u00e7\u00e3o respons\u00e1vel pode ignorar esse hist\u00f3rico.<\/p>\n<p class=\"postParagraph_post-paragraph__juWZN postParagraph_post-paragraph-innerHtml__Q5vwc\">O diplomata afirmou que, desde 2006, o Conselho de Seguran\u00e7a aprovou resolu\u00e7\u00f5es exigindo a suspens\u00e3o das atividades nucleares iranianas, impondo san\u00e7\u00f5es, congelamento de ativos e restri\u00e7\u00f5es ao programa. Disse ainda que, no ano passado, medidas foram restauradas para enviar uma mensagem clara de que a continuidade do programa nuclear n\u00e3o seria tolerada.<\/p>\n<p class=\"postParagraph_post-paragraph__juWZN postParagraph_post-paragraph-innerHtml__Q5vwc\">Waltz argumentou que houve tentativas diplom\u00e1ticas conduzidas pelo presidente Donald Trump e pelo secret\u00e1rio de Estado, mas que n\u00e3o houve resposta efetiva do lado iraniano. Segundo ele, \u201cquando n\u00e3o h\u00e1 parceria para a paz, \u00e9 imposs\u00edvel que a paz aconte\u00e7a\u201d.<\/p>\n<p class=\"postParagraph_post-paragraph__juWZN postParagraph_post-paragraph-innerHtml__Q5vwc\">O embaixador afirmou que os ataques do Ir\u00e3 contra bases e regi\u00f5es como Kuwait, Emirados \u00c1rabes Unidos e Jord\u00e2nia refor\u00e7am, na vis\u00e3o americana, a necessidade da a\u00e7\u00e3o militar. Ele declarou que a seguran\u00e7a dos aliados dos Estados Unidos \u201cn\u00e3o \u00e9 condicional\u201d e que a decis\u00e3o do presidente foi tomada com base na defesa da seguran\u00e7a global.<\/p>\n<div class=\"postViewMore_post-view-more-container___5wai\" data-mrf-recirculation=\"Post - Veja tamb\u00e9m\">\n<p class=\"gp-styles-module-size-small-afeYRa gp-styles-module-font-family2-afeYRa gp-styles-module-color-secondary-afeYRa gp-styles-module-weight-bold-afeYRa\">VEJA TAMB\u00c9M:<\/p>\n<ul class=\"postViewMore_post-view-more-list__CU_CE\">\n<li class=\"postViewMore_post-view-more-item__2MzRb\">\n<div class=\"postViewMore_post-view-more-image__5gUSe\"><picture class=\"imageDefault_image-container__XGd8_\"><\/picture><\/div>\n<p>Trump confirma morte de l\u00edder supremo do Ir\u00e3 e e promete manter bombardeios<\/li>\n<li class=\"postViewMore_post-view-more-item__2MzRb\">\n<div class=\"postViewMore_post-view-more-image__5gUSe\"><picture class=\"imageDefault_image-container__XGd8_\"><img decoding=\"async\" class=\"imageDefault_image-item__lU2Dk\" src=\"https:\/\/media.gazetadopovo.com.br\/2024\/02\/19221801\/mauro-vieira-crop-20240220011739-380x214.jpg.webp\" alt=\"Lula - Brasil - Guerra - Mauro Vieira - Itamaraty - EUA\" width=\"72\" height=\"72\"\/><\/picture><\/div>\n<p>Oposi\u00e7\u00e3o quer convocar ministro de Lula ap\u00f3s nota do Itamaraty contra EUA e Israel<\/li>\n<\/ul>\n<\/div>\n<h2 class=\"postParagraph_post-paragraph__juWZN postParagraph_post-paragraph-innerHtml__Q5vwc postParagraph_type-tag-h2__TtFkT\">Fran\u00e7a alerta para risco de nova guerra<\/h2>\n<p class=\"postParagraph_post-paragraph__juWZN postParagraph_post-paragraph-innerHtml__Q5vwc\">O embaixador da Fran\u00e7a na ONU, Jerome Bonnafont, afirmou que a regi\u00e3o \u201cprecisa de paz\u201d e advertiu que uma nova guerra pode sair do controle.<\/p>\n<p class=\"postParagraph_post-paragraph__juWZN postParagraph_post-paragraph-innerHtml__Q5vwc\">Ele disse que o Ir\u00e3 deve respeitar suas obriga\u00e7\u00f5es internacionais, mas destacou que a escalada \u00e9 perigosa para todos e deve cessar imediatamente. A Fran\u00e7a condenou ataques que atingiram diversos pa\u00edses da regi\u00e3o e enfatizou a import\u00e2ncia de garantir a seguran\u00e7a dos civis \u2014 n\u00e3o apenas em Ir\u00e3 e Israel, mas tamb\u00e9m em na\u00e7\u00f5es vizinhas afetadas.<\/p>\n<p class=\"postParagraph_post-paragraph__juWZN postParagraph_post-paragraph-innerHtml__Q5vwc\">Bonnafont mencionou ainda que, apesar de esfor\u00e7os diplom\u00e1ticos anteriores, o Ir\u00e3 n\u00e3o teve a oportunidade de concluir um acordo relacionado ao seu programa nuclear. Ele citou dificuldades recentes de acesso da ag\u00eancia internacional ao programa iraniano e lembrou que procedimentos para san\u00e7\u00f5es haviam sido iniciados em agosto como resposta \u00e0s preocupa\u00e7\u00f5es com os compromissos nucleares do pa\u00eds.<\/p>\n<h2 class=\"postParagraph_post-paragraph__juWZN postParagraph_post-paragraph-innerHtml__Q5vwc postParagraph_type-tag-h2__TtFkT\">Ataques e retalia\u00e7\u00e3o<\/h2>\n<p class=\"postParagraph_post-paragraph__juWZN postParagraph_post-paragraph-innerHtml__Q5vwc\">Os Estados Unidos e Israel atingiram alvos no Ir\u00e3 neste s\u00e1bado, enquanto iranianos e americanos negociavam quest\u00f5es ligadas ao programa nuclear. Em resposta, o Ir\u00e3 lan\u00e7ou ataques contra bases americanas na regi\u00e3o, incluindo instala\u00e7\u00f5es no Bahrein, Catar e Emirados \u00c1rabes Unidos.<\/p>\n<p class=\"postParagraph_post-paragraph__juWZN postParagraph_post-paragraph-innerHtml__Q5vwc\">O cen\u00e1rio no Conselho de Seguran\u00e7a foi de forte tens\u00e3o diplom\u00e1tica. A principal preocupa\u00e7\u00e3o manifestada pelos representantes foi evitar que o confronto se transforme em um conflito regional de maiores propor\u00e7\u00f5es, com impacto direto sobre civis e sobre a estabilidade internacional.<\/p>\n<\/div>\n<p><br \/>\n<br \/>Fonte: <a href=\"https:\/\/www.gazetadopovo.com.br\/mundo\/conselho-de-seguranca-da-onu-expoe-divisao-apos-ataques-ao-ira\/\">Revista Oeste<\/a><\/p>\n","protected":false},"excerpt":{"rendered":"<p>O Conselho de Seguran\u00e7a da Organiza\u00e7\u00e3o das Na\u00e7\u00f5es Unidas (ONU) realizou uma reuni\u00e3o de emerg\u00eancia, neste s\u00e1bado (28), ap\u00f3s os ataques lan\u00e7ados por Estados Unidos e Israel contra o Ir\u00e3, em meio a negocia\u00e7\u00f5es sobre o programa nuclear iraniano. O encontro foi marcado por apelos \u00e0 desescalada e advert\u00eancias sobre o risco de amplia\u00e7\u00e3o do [&hellip;]<\/p>\n","protected":false},"author":5,"featured_media":65427,"comment_status":"open","ping_status":"open","sticky":false,"template":"","format":"standard","meta":{"_seopress_robots_primary_cat":"","_seopress_titles_title":"","_seopress_titles_desc":"","_seopress_robots_index":"","footnotes":""},"categories":[1],"tags":[],"class_list":["post-65426","post","type-post","status-publish","format-standard","has-post-thumbnail","hentry","category-ultimas-noticias"],"_links":{"self":[{"href":"https:\/\/mussicom.com\/noticias\/wp-json\/wp\/v2\/posts\/65426","targetHints":{"allow":["GET"]}}],"collection":[{"href":"https:\/\/mussicom.com\/noticias\/wp-json\/wp\/v2\/posts"}],"about":[{"href":"https:\/\/mussicom.com\/noticias\/wp-json\/wp\/v2\/types\/post"}],"author":[{"embeddable":true,"href":"https:\/\/mussicom.com\/noticias\/wp-json\/wp\/v2\/users\/5"}],"replies":[{"embeddable":true,"href":"https:\/\/mussicom.com\/noticias\/wp-json\/wp\/v2\/comments?post=65426"}],"version-history":[{"count":0,"href":"https:\/\/mussicom.com\/noticias\/wp-json\/wp\/v2\/posts\/65426\/revisions"}],"wp:featuredmedia":[{"embeddable":true,"href":"https:\/\/mussicom.com\/noticias\/wp-json\/wp\/v2\/media\/65427"}],"wp:attachment":[{"href":"https:\/\/mussicom.com\/noticias\/wp-json\/wp\/v2\/media?parent=65426"}],"wp:term":[{"taxonomy":"category","embeddable":true,"href":"https:\/\/mussicom.com\/noticias\/wp-json\/wp\/v2\/categories?post=65426"},{"taxonomy":"post_tag","embeddable":true,"href":"https:\/\/mussicom.com\/noticias\/wp-json\/wp\/v2\/tags?post=65426"}],"curies":[{"name":"wp","href":"https:\/\/api.w.org\/{rel}","templated":true}]}}