{"id":65385,"date":"2026-02-28T16:03:22","date_gmt":"2026-02-28T19:03:22","guid":{"rendered":"https:\/\/mussicom.com\/ataque-de-israel-mata-85-meninas-em-escola-no-sul-do-ira\/"},"modified":"2026-02-28T16:03:22","modified_gmt":"2026-02-28T19:03:22","slug":"ataque-de-israel-mata-85-meninas-em-escola-no-sul-do-ira","status":"publish","type":"post","link":"https:\/\/mussicom.com\/noticias\/ataque-de-israel-mata-85-meninas-em-escola-no-sul-do-ira\/","title":{"rendered":"Ataque de Israel mata 85 meninas em escola no sul do Ir\u00e3"},"content":{"rendered":"<p> <br \/>\n<\/p>\n<div id=\"tp-post-content\">\n<p class=\"postParagraph_post-paragraph__juWZN postParagraph_post-paragraph-innerHtml__Q5vwc\">As autoridades do Ir\u00e3 confirmaram 85 mortos no ataque de Israel contra a escola prim\u00e1ria para meninas Shajareh Tayyebeh, em Minab, no sul do pa\u00eds. O presidente Masoud Pezeshkian classificou o epis\u00f3dio como um \u201cato b\u00e1rbaro\u201d.<\/p>\n<p class=\"postParagraph_post-paragraph__juWZN postParagraph_post-paragraph-innerHtml__Q5vwc\">Em um comunicado, Pezeshkian condenou os ataques. &#8220;O mart\u00edrio de dezenas de estudantes inocentes ap\u00f3s o covarde ataque dos agressores americanos e sionistas contra centros civis d\u00f3i nos cora\u00e7\u00f5es de todo o povo iraniano&#8221;, disse o presidente.<\/p>\n<p class=\"postParagraph_post-paragraph__juWZN postParagraph_post-paragraph-innerHtml__Q5vwc\">De acordo com o Minist\u00e9rio P\u00fablico de Minab, eram 170 alunas no momento do ataque na escola. Equipes de resgate ainda procuram v\u00edtimas presas sob os escombros, e hospitais receberam ao menos 40 feridas com mutila\u00e7\u00f5es diversas.<\/p>\n<h2 class=\"postParagraph_post-paragraph__juWZN postParagraph_post-paragraph-innerHtml__Q5vwc postParagraph_type-tag-h2__TtFkT\">Explos\u00f5es atingem cidades iranianas e provocam rea\u00e7\u00e3o militar e caos em Teer\u00e3<\/h2>\n<p class=\"postParagraph_post-paragraph__juWZN postParagraph_post-paragraph-innerHtml__Q5vwc\">Nas primeiras horas a manh\u00e3 deste s\u00e1bado (28), Israel e Estados Unidos lan\u00e7aram ataques contra o pa\u00eds persa. Explos\u00f5es atingiram Teer\u00e3 e outras cidades, como Tabriz, no noroeste, e Isfahan, no centro. O Ir\u00e3 respondeu com o lan\u00e7amento de m\u00edsseis e drones contra bases militares americanas localizadas em Bahrein, Catar e Emirados \u00c1rabes Unidos, e centros militares em territ\u00f3rio israelense, segundo informou a Guarda Revolucion\u00e1ria.<\/p>\n<p class=\"postParagraph_post-paragraph__juWZN postParagraph_post-paragraph-innerHtml__Q5vwc\">Segundo a ag\u00eancia de not\u00edcias EFE, n\u00e3o \u00e9 poss\u00edvel verificar de forma independente a extens\u00e3o dos ataques israelenses e americanos na Rep\u00fablica Isl\u00e2mica, porque a imprensa internacional n\u00e3o tem permiss\u00e3o para ir ou fazer imagens nos locais afetados pelos bombardeios.<\/p>\n<p class=\"postParagraph_post-paragraph__juWZN postParagraph_post-paragraph-innerHtml__Q5vwc\"><em>Com informa\u00e7\u00f5es da EFE<\/em><\/p>\n<\/div>\n<p><br \/>\n<br \/>Fonte: <a href=\"https:\/\/www.gazetadopovo.com.br\/mundo\/sobe-para-85-o-numero-de-meninas-mortas-em-ataque-de-israel-a-escola-no-sul-do-ira\/\">Revista Oeste<\/a><\/p>\n","protected":false},"excerpt":{"rendered":"<p>As autoridades do Ir\u00e3 confirmaram 85 mortos no ataque de Israel contra a escola prim\u00e1ria para meninas Shajareh Tayyebeh, em Minab, no sul do pa\u00eds. O presidente Masoud Pezeshkian classificou o epis\u00f3dio como um \u201cato b\u00e1rbaro\u201d. Em um comunicado, Pezeshkian condenou os ataques. &#8220;O mart\u00edrio de dezenas de estudantes inocentes ap\u00f3s o covarde ataque dos [&hellip;]<\/p>\n","protected":false},"author":5,"featured_media":65386,"comment_status":"open","ping_status":"open","sticky":false,"template":"","format":"standard","meta":{"_seopress_robots_primary_cat":"","_seopress_titles_title":"","_seopress_titles_desc":"","_seopress_robots_index":"","footnotes":""},"categories":[48],"tags":[],"class_list":["post-65385","post","type-post","status-publish","format-standard","has-post-thumbnail","hentry","category-internacional"],"_links":{"self":[{"href":"https:\/\/mussicom.com\/noticias\/wp-json\/wp\/v2\/posts\/65385","targetHints":{"allow":["GET"]}}],"collection":[{"href":"https:\/\/mussicom.com\/noticias\/wp-json\/wp\/v2\/posts"}],"about":[{"href":"https:\/\/mussicom.com\/noticias\/wp-json\/wp\/v2\/types\/post"}],"author":[{"embeddable":true,"href":"https:\/\/mussicom.com\/noticias\/wp-json\/wp\/v2\/users\/5"}],"replies":[{"embeddable":true,"href":"https:\/\/mussicom.com\/noticias\/wp-json\/wp\/v2\/comments?post=65385"}],"version-history":[{"count":0,"href":"https:\/\/mussicom.com\/noticias\/wp-json\/wp\/v2\/posts\/65385\/revisions"}],"wp:featuredmedia":[{"embeddable":true,"href":"https:\/\/mussicom.com\/noticias\/wp-json\/wp\/v2\/media\/65386"}],"wp:attachment":[{"href":"https:\/\/mussicom.com\/noticias\/wp-json\/wp\/v2\/media?parent=65385"}],"wp:term":[{"taxonomy":"category","embeddable":true,"href":"https:\/\/mussicom.com\/noticias\/wp-json\/wp\/v2\/categories?post=65385"},{"taxonomy":"post_tag","embeddable":true,"href":"https:\/\/mussicom.com\/noticias\/wp-json\/wp\/v2\/tags?post=65385"}],"curies":[{"name":"wp","href":"https:\/\/api.w.org\/{rel}","templated":true}]}}