{"id":65361,"date":"2026-02-28T12:05:20","date_gmt":"2026-02-28T15:05:20","guid":{"rendered":"https:\/\/mussicom.com\/abertas-novas-vagas-para-instrutores-de-musica-e-artes-visuais-do-fabrica-cultural-de-santos\/"},"modified":"2026-02-28T12:05:20","modified_gmt":"2026-02-28T15:05:20","slug":"abertas-novas-vagas-para-instrutores-de-musica-e-artes-visuais-do-fabrica-cultural-de-santos","status":"publish","type":"post","link":"https:\/\/mussicom.com\/noticias\/abertas-novas-vagas-para-instrutores-de-musica-e-artes-visuais-do-fabrica-cultural-de-santos\/","title":{"rendered":"Abertas novas vagas para instrutores de m\u00fasica e artes visuais do F\u00e1brica Cultural de Santos"},"content":{"rendered":"<p> <br \/>\n<\/p>\n<div id=\"texto\">\n<p>A Secretaria de Cultura de Santos (Secult) abriu vagas remanescentes para profissionais das \u00e1reas art\u00edstica e cultural que tenham interesse em dar aulas nos cursos de m\u00fasica e artes visuais do projeto F\u00e1brica Cultural.<\/p>\n<p>\u00a0<\/p>\n<p>As inscri\u00e7\u00f5es para o processo seletivo podem ser feitas at\u00e9 9 de mar\u00e7o. O\u00a0credenciamento para instrutores ser\u00e1 para oito modalidades de cursos que poder\u00e3o ser oferecidos. Para participar, o candidato deve comprovar experi\u00eancia em m\u00fasica ou artes visuais e inscrever-se exclusivamente\u00a0 pelo e-mail [email\u00a0protected].<\/p>\n<p>\u00a0<\/p>\n<p>Os detalhes sobre as \u00e1reas de atua\u00e7\u00e3o dos cursos, assim como os modelos de fichas a serem preenchidos pelos candidatos, est\u00e3o no edital publicado no Di\u00e1rio Oficial, na edi\u00e7\u00e3o desta quinta-feira (26), a partir da p\u00e1gina 26.<\/p>\n<\/p><\/div>\n<p><script async defer crossorigin=\"anonymous\" src=\"https:\/\/connect.facebook.net\/pt_BR\/sdk.js#xfbml=1&#038;version=v12.0&#038;appId=&#038;autoLogAppEvents=1\" nonce=\"ou0fI1lo\"><\/script><br \/>\n<br \/><br \/>\n<br \/>Fonte: <a href=\"https:\/\/www.bs9.com.br\/variedades\/abertas-novas-vagas-para-instrutores-de-musica-e-artes-visuais-do\/37937\/\">BS9<\/a><\/p>\n","protected":false},"excerpt":{"rendered":"<p>A Secretaria de Cultura de Santos (Secult) abriu vagas remanescentes para profissionais das \u00e1reas art\u00edstica e cultural que tenham interesse em dar aulas nos cursos de m\u00fasica e artes visuais do projeto F\u00e1brica Cultural. \u00a0 As inscri\u00e7\u00f5es para o processo seletivo podem ser feitas at\u00e9 9 de mar\u00e7o. O\u00a0credenciamento para instrutores ser\u00e1 para oito modalidades [&hellip;]<\/p>\n","protected":false},"author":5,"featured_media":65362,"comment_status":"open","ping_status":"open","sticky":false,"template":"","format":"standard","meta":{"_seopress_robots_primary_cat":"","_seopress_titles_title":"","_seopress_titles_desc":"","_seopress_robots_index":"","footnotes":""},"categories":[52],"tags":[],"class_list":["post-65361","post","type-post","status-publish","format-standard","has-post-thumbnail","hentry","category-santoseregiao"],"_links":{"self":[{"href":"https:\/\/mussicom.com\/noticias\/wp-json\/wp\/v2\/posts\/65361","targetHints":{"allow":["GET"]}}],"collection":[{"href":"https:\/\/mussicom.com\/noticias\/wp-json\/wp\/v2\/posts"}],"about":[{"href":"https:\/\/mussicom.com\/noticias\/wp-json\/wp\/v2\/types\/post"}],"author":[{"embeddable":true,"href":"https:\/\/mussicom.com\/noticias\/wp-json\/wp\/v2\/users\/5"}],"replies":[{"embeddable":true,"href":"https:\/\/mussicom.com\/noticias\/wp-json\/wp\/v2\/comments?post=65361"}],"version-history":[{"count":0,"href":"https:\/\/mussicom.com\/noticias\/wp-json\/wp\/v2\/posts\/65361\/revisions"}],"wp:featuredmedia":[{"embeddable":true,"href":"https:\/\/mussicom.com\/noticias\/wp-json\/wp\/v2\/media\/65362"}],"wp:attachment":[{"href":"https:\/\/mussicom.com\/noticias\/wp-json\/wp\/v2\/media?parent=65361"}],"wp:term":[{"taxonomy":"category","embeddable":true,"href":"https:\/\/mussicom.com\/noticias\/wp-json\/wp\/v2\/categories?post=65361"},{"taxonomy":"post_tag","embeddable":true,"href":"https:\/\/mussicom.com\/noticias\/wp-json\/wp\/v2\/tags?post=65361"}],"curies":[{"name":"wp","href":"https:\/\/api.w.org\/{rel}","templated":true}]}}