{"id":65349,"date":"2026-02-28T10:56:40","date_gmt":"2026-02-28T13:56:40","guid":{"rendered":"https:\/\/mussicom.com\/jerusalem-ativa-bunkers-apos-sirenes-em-ataque-com-misseis\/"},"modified":"2026-02-28T10:56:40","modified_gmt":"2026-02-28T13:56:40","slug":"jerusalem-ativa-bunkers-apos-sirenes-em-ataque-com-misseis","status":"publish","type":"post","link":"https:\/\/mussicom.com\/noticias\/jerusalem-ativa-bunkers-apos-sirenes-em-ataque-com-misseis\/","title":{"rendered":"Jerusal\u00e9m ativa bunkers ap\u00f3s sirenes em ataque com m\u00edsseis"},"content":{"rendered":"<p> <br \/>\n<\/p>\n<div id=\"tp-post-content\">\n<p class=\"postParagraph_post-paragraph__juWZN postParagraph_post-paragraph-innerHtml__Q5vwc\">Sirenes de alerta a\u00e9reo soaram na manh\u00e3 deste s\u00e1bado, 28, em Jerusal\u00e9m e em outras cidades do centro de Israel ap\u00f3s o lan\u00e7amento de m\u00edsseis a partir do Ir\u00e3. O ataque ocorreu poucas horas depois de Israel e dos Estados Unidos iniciarem uma ofensiva militar conjunta contra alvos iranianos.<\/p>\n<p class=\"postParagraph_post-paragraph__juWZN postParagraph_post-paragraph-innerHtml__Q5vwc\">Os alarmes tocaram em Jerusal\u00e9m \u00e0s 10h29 no hor\u00e1rio local, 5h29 em Bras\u00edlia. Moradores relataram intercepta\u00e7\u00f5es de m\u00edsseis no c\u00e9u e ouviram explos\u00f5es por v\u00e1rios minutos. As For\u00e7as de Defesa de Israel acionaram os sistemas de defesa a\u00e9rea e orientaram a popula\u00e7\u00e3o a buscar abrigo.<\/p>\n<p class=\"postParagraph_post-paragraph__juWZN postParagraph_post-paragraph-innerHtml__Q5vwc\">Em Tel Aviv, as sirenes provocaram correria. Civis correram para esta\u00e7\u00f5es de metr\u00f4, garagens e abrigos subterr\u00e2neos. V\u00eddeos divulgados nas redes sociais mostram pessoas sentadas nesses locais enquanto aguardavam o fim do alerta.<\/p>\n<p class=\"postParagraph_post-paragraph__juWZN postParagraph_post-paragraph-innerHtml__Q5vwc\">No norte do pa\u00eds, um m\u00edssil iraniano atingiu o 20\u00ba andar de um pr\u00e9dio residencial em Haifa. O Corpo de Bombeiros local confirmou um ferido leve. O Magen David Adom informou que a v\u00edtima \u00e9 um homem de cerca de 50 anos. Param\u00e9dicos tamb\u00e9m atenderam moradores feridos durante a corrida aos abrigos e pessoas com crises de ansiedade.<\/p>\n<p class=\"postParagraph_post-paragraph__juWZN postParagraph_post-paragraph-innerHtml__Q5vwc\">As For\u00e7as de Defesa de Israel (FDI) detectaram v\u00e1rias rajadas de m\u00edsseis disparadas do Ir\u00e3. Em comunicado, a institui\u00e7\u00e3o afirmou que os sistemas defensivos \u201cest\u00e3o atuando para interceptar a amea\u00e7a\u201d, mas alertou que a defesa n\u00e3o \u00e9 totalmente herm\u00e9tica.<\/p>\n<p class=\"postParagraph_post-paragraph__juWZN postParagraph_post-paragraph-innerHtml__Q5vwc\">O Comando da Frente Interna decretou estado de emerg\u00eancia por 48 horas. A orienta\u00e7\u00e3o oficial pede que os moradores permane\u00e7am pr\u00f3ximos a abrigos e sigam os protocolos de seguran\u00e7a.<\/p>\n<h2 class=\"postParagraph_post-paragraph__juWZN postParagraph_post-paragraph-innerHtml__Q5vwc postParagraph_type-tag-h2__TtFkT\">Como s\u00e3o os bunkers em Jerusal\u00e9m exigidos por lei em Israel<\/h2>\n<p class=\"postParagraph_post-paragraph__juWZN postParagraph_post-paragraph-innerHtml__Q5vwc\">O ataque marcou a primeira retalia\u00e7\u00e3o direta do Ir\u00e3 ap\u00f3s a ofensiva lan\u00e7ada por Israel em coordena\u00e7\u00e3o com os Estados Unidos. As FDI informaram que a campanha militar, batizada de \u201cRugido do Le\u00e3o\u201d, mira dezenas de instala\u00e7\u00f5es militares iranianas. Israel afirma que a opera\u00e7\u00e3o busca eliminar amea\u00e7as consideradas existenciais, ap\u00f3s meses de planejamento conjunto com Washington.<\/p>\n<p class=\"postParagraph_post-paragraph__juWZN postParagraph_post-paragraph-innerHtml__Q5vwc\">A rea\u00e7\u00e3o r\u00e1pida da popula\u00e7\u00e3o israelense reflete d\u00e9cadas de adapta\u00e7\u00e3o \u00e0s guerras. Em 1951, tr\u00eas anos ap\u00f3s a funda\u00e7\u00e3o do pa\u00eds, Israel aprovou uma lei de defesa civil que obrigou a constru\u00e7\u00e3o de abrigos antibombas em edif\u00edcios p\u00fablicos e privados. A legisla\u00e7\u00e3o evoluiu ao longo dos conflitos regionais e acompanhou o avan\u00e7o tecnol\u00f3gico das armas.<\/p>\n<p class=\"postParagraph_post-paragraph__juWZN postParagraph_post-paragraph-innerHtml__Q5vwc\">Em 1991, durante a Guerra do Golfo, o uso de armas qu\u00edmicas pelo Iraque levou a novos padr\u00f5es de prote\u00e7\u00e3o. A exig\u00eancia refor\u00e7ou estruturas fechadas e sistemas de ventila\u00e7\u00e3o. O conceito de bunker, antes restrito a \u00e1reas subterr\u00e2neas, passou a incluir qualquer espa\u00e7o fortificado.<\/p>\n<p class=\"postParagraph_post-paragraph__juWZN postParagraph_post-paragraph-innerHtml__Q5vwc\">Atualmente, a lei exige ao menos um quarto refor\u00e7ado por andar em casas e pr\u00e9dios. Esses ambientes t\u00eam dimens\u00f5es comuns, mas paredes de cerca de 30 cent\u00edmetros de concreto maci\u00e7o. O refor\u00e7o tamb\u00e9m cobre piso e teto, o que reduz o p\u00e9-direito. Portas met\u00e1licas, janelas especiais e restri\u00e7\u00e3o a objetos fr\u00e1geis completam a prote\u00e7\u00e3o.<\/p>\n<p class=\"postParagraph_post-paragraph__juWZN postParagraph_post-paragraph-innerHtml__Q5vwc\">Esses espa\u00e7os fazem parte do cotidiano. Muitas fam\u00edlias usam o quarto fortificado como dormit\u00f3rio. Em momentos de ataque, ele se transforma na principal linha de defesa da popula\u00e7\u00e3o civil.<\/p>\n<p class=\"postParagraph_post-paragraph__juWZN postParagraph_post-paragraph-innerHtml__Q5vwc\"><em>Com informa\u00e7\u00f5es da EFE<\/em><\/p>\n<\/div>\n<p><br \/>\n<br \/>Fonte: <a href=\"https:\/\/www.gazetadopovo.com.br\/mundo\/sirenes-soam-em-jerusalem-e-moradores-correm-para-bunkers-apos-ataque-com-misseis\/\">Revista Oeste<\/a><\/p>\n","protected":false},"excerpt":{"rendered":"<p>Sirenes de alerta a\u00e9reo soaram na manh\u00e3 deste s\u00e1bado, 28, em Jerusal\u00e9m e em outras cidades do centro de Israel ap\u00f3s o lan\u00e7amento de m\u00edsseis a partir do Ir\u00e3. O ataque ocorreu poucas horas depois de Israel e dos Estados Unidos iniciarem uma ofensiva militar conjunta contra alvos iranianos. Os alarmes tocaram em Jerusal\u00e9m \u00e0s [&hellip;]<\/p>\n","protected":false},"author":5,"featured_media":65350,"comment_status":"open","ping_status":"open","sticky":false,"template":"","format":"standard","meta":{"_seopress_robots_primary_cat":"","_seopress_titles_title":"","_seopress_titles_desc":"","_seopress_robots_index":"","footnotes":""},"categories":[48],"tags":[],"class_list":["post-65349","post","type-post","status-publish","format-standard","has-post-thumbnail","hentry","category-internacional"],"_links":{"self":[{"href":"https:\/\/mussicom.com\/noticias\/wp-json\/wp\/v2\/posts\/65349","targetHints":{"allow":["GET"]}}],"collection":[{"href":"https:\/\/mussicom.com\/noticias\/wp-json\/wp\/v2\/posts"}],"about":[{"href":"https:\/\/mussicom.com\/noticias\/wp-json\/wp\/v2\/types\/post"}],"author":[{"embeddable":true,"href":"https:\/\/mussicom.com\/noticias\/wp-json\/wp\/v2\/users\/5"}],"replies":[{"embeddable":true,"href":"https:\/\/mussicom.com\/noticias\/wp-json\/wp\/v2\/comments?post=65349"}],"version-history":[{"count":0,"href":"https:\/\/mussicom.com\/noticias\/wp-json\/wp\/v2\/posts\/65349\/revisions"}],"wp:featuredmedia":[{"embeddable":true,"href":"https:\/\/mussicom.com\/noticias\/wp-json\/wp\/v2\/media\/65350"}],"wp:attachment":[{"href":"https:\/\/mussicom.com\/noticias\/wp-json\/wp\/v2\/media?parent=65349"}],"wp:term":[{"taxonomy":"category","embeddable":true,"href":"https:\/\/mussicom.com\/noticias\/wp-json\/wp\/v2\/categories?post=65349"},{"taxonomy":"post_tag","embeddable":true,"href":"https:\/\/mussicom.com\/noticias\/wp-json\/wp\/v2\/tags?post=65349"}],"curies":[{"name":"wp","href":"https:\/\/api.w.org\/{rel}","templated":true}]}}