{"id":65328,"date":"2026-02-28T07:53:28","date_gmt":"2026-02-28T10:53:28","guid":{"rendered":"https:\/\/mussicom.com\/eua-e-israel-atacam-ira-trump-quer-derrubada-de-regime\/"},"modified":"2026-02-28T07:53:28","modified_gmt":"2026-02-28T10:53:28","slug":"eua-e-israel-atacam-ira-trump-quer-derrubada-de-regime","status":"publish","type":"post","link":"https:\/\/mussicom.com\/noticias\/eua-e-israel-atacam-ira-trump-quer-derrubada-de-regime\/","title":{"rendered":"EUA e Israel atacam Ir\u00e3; Trump quer derrubada de regime"},"content":{"rendered":"<p> <br \/>\n<\/p>\n<div id=\"tp-post-content\">\n<p class=\"postParagraph_post-paragraph__juWZN postParagraph_post-paragraph-innerHtml__Q5vwc\"><strong>EUA e Israel lan\u00e7aram ataques contra o Ir\u00e3 ap\u00f3s semanas de amea\u00e7as do presidente Donald Trump. <\/strong>Segundo a imprensa iraniana, todo o territ\u00f3rio est\u00e1 sob ataque. O Ex\u00e9rcito israelense afirma que \u201cdezenas de alvos militares\u201d j\u00e1 foram atingidos. Pelo menos tr\u00eas explos\u00f5es foram registradas na capital, Teer\u00e3.<\/p>\n<p class=\"postParagraph_post-paragraph__juWZN postParagraph_post-paragraph-innerHtml__Q5vwc\">Em uma publica\u00e7\u00e3o na Truth Social, Trump confirmou a ofensiva, declarando que o objetivo \u00e9 \u201cdefender o povo americano, eliminando as amea\u00e7as iminentes do regime iraniano\u201d, que ele descreveu como \u201cum grupo perverso de pessoas muito cru\u00e9is e terr\u00edveis\u201d.<\/p>\n<p class=\"postParagraph_post-paragraph__juWZN postParagraph_post-paragraph-innerHtml__Q5vwc\">O primeiro-ministro israelense, Binyamin Netanyahu, anunciou que Israel e os Estados Unidos conduzem uma \u201copera\u00e7\u00e3o conjunta\u201d contra o que chamou de \u201camea\u00e7a existencial\u201d representada pelo Ir\u00e3. Segundo Netanyahu, o ataque pode \u201ccriar as condi\u00e7\u00f5es para que o corajoso povo iraniano tome as r\u00e9deas do seu destino\u201d.<\/p>\n<p class=\"postParagraph_post-paragraph__juWZN postParagraph_post-paragraph-innerHtml__Q5vwc\">As For\u00e7as Armadas de Israel informaram que convocar\u00e3o cerca de 70 mil reservistas nas pr\u00f3ximas horas e dias, principalmente para refor\u00e7ar as defesas a\u00e9reas, o comando da retaguarda e a prote\u00e7\u00e3o das fronteiras.<\/p>\n<p class=\"postParagraph_post-paragraph__juWZN postParagraph_post-paragraph-innerHtml__Q5vwc\">De acordo com o <em>New York Times<\/em>, o ministro das Rela\u00e7\u00f5es Exteriores do Ir\u00e3, Abbas Araghchi, telefonou para seu hom\u00f3logo iraquiano, Fuad Hussein, comunicando que o Ir\u00e3 pretende atacar bases militares americanas na regi\u00e3o. A informa\u00e7\u00e3o foi confirmada em nota oficial publicada pelo Minist\u00e9rio das Rela\u00e7\u00f5es Exteriores do Iraque.<\/p>\n<\/div>\n<p><br \/>\n<br \/>Fonte: <a href=\"https:\/\/www.gazetadopovo.com.br\/mundo\/eua-e-israel-atacam-ira-trump-quer-derrubada-de-regime\/\">Revista Oeste<\/a><\/p>\n","protected":false},"excerpt":{"rendered":"<p>EUA e Israel lan\u00e7aram ataques contra o Ir\u00e3 ap\u00f3s semanas de amea\u00e7as do presidente Donald Trump. Segundo a imprensa iraniana, todo o territ\u00f3rio est\u00e1 sob ataque. O Ex\u00e9rcito israelense afirma que \u201cdezenas de alvos militares\u201d j\u00e1 foram atingidos. Pelo menos tr\u00eas explos\u00f5es foram registradas na capital, Teer\u00e3. Em uma publica\u00e7\u00e3o na Truth Social, Trump confirmou [&hellip;]<\/p>\n","protected":false},"author":5,"featured_media":65329,"comment_status":"open","ping_status":"open","sticky":false,"template":"","format":"standard","meta":{"_seopress_robots_primary_cat":"","_seopress_titles_title":"","_seopress_titles_desc":"","_seopress_robots_index":"","footnotes":""},"categories":[48],"tags":[],"class_list":["post-65328","post","type-post","status-publish","format-standard","has-post-thumbnail","hentry","category-internacional"],"_links":{"self":[{"href":"https:\/\/mussicom.com\/noticias\/wp-json\/wp\/v2\/posts\/65328","targetHints":{"allow":["GET"]}}],"collection":[{"href":"https:\/\/mussicom.com\/noticias\/wp-json\/wp\/v2\/posts"}],"about":[{"href":"https:\/\/mussicom.com\/noticias\/wp-json\/wp\/v2\/types\/post"}],"author":[{"embeddable":true,"href":"https:\/\/mussicom.com\/noticias\/wp-json\/wp\/v2\/users\/5"}],"replies":[{"embeddable":true,"href":"https:\/\/mussicom.com\/noticias\/wp-json\/wp\/v2\/comments?post=65328"}],"version-history":[{"count":0,"href":"https:\/\/mussicom.com\/noticias\/wp-json\/wp\/v2\/posts\/65328\/revisions"}],"wp:featuredmedia":[{"embeddable":true,"href":"https:\/\/mussicom.com\/noticias\/wp-json\/wp\/v2\/media\/65329"}],"wp:attachment":[{"href":"https:\/\/mussicom.com\/noticias\/wp-json\/wp\/v2\/media?parent=65328"}],"wp:term":[{"taxonomy":"category","embeddable":true,"href":"https:\/\/mussicom.com\/noticias\/wp-json\/wp\/v2\/categories?post=65328"},{"taxonomy":"post_tag","embeddable":true,"href":"https:\/\/mussicom.com\/noticias\/wp-json\/wp\/v2\/tags?post=65328"}],"curies":[{"name":"wp","href":"https:\/\/api.w.org\/{rel}","templated":true}]}}