{"id":65129,"date":"2026-02-27T12:41:18","date_gmt":"2026-02-27T15:41:18","guid":{"rendered":"https:\/\/mussicom.com\/confira-os-dias-de-horario-estendido-nas-unidades-de-saude-no-mes-de-marco\/"},"modified":"2026-02-27T12:41:18","modified_gmt":"2026-02-27T15:41:18","slug":"confira-os-dias-de-horario-estendido-nas-unidades-de-saude-no-mes-de-marco","status":"publish","type":"post","link":"https:\/\/mussicom.com\/noticias\/confira-os-dias-de-horario-estendido-nas-unidades-de-saude-no-mes-de-marco\/","title":{"rendered":"Confira os dias de hor\u00e1rio estendido nas Unidades de Sa\u00fade no m\u00eas de mar\u00e7o"},"content":{"rendered":"<p> <br \/>\n<\/p>\n<div id=\"texto\">\n<p>Confira a programa\u00e7\u00e3o de mar\u00e7o do projeto &#8216;Hor\u00e1rio Estendido&#8217; nas unidades de Sa\u00fade de Cubat\u00e3o. Das 17 \u00e0s 19 horas s\u00e3o realizadas consultas, aplica\u00e7\u00e3o de vacinas e todos os procedimentos de rotina.<\/p>\n<p>\u00a0<\/p>\n<p>A cada dia uma unidade fica aberta duas horas a mais para que os moradores tenham acesso aos servi\u00e7os de Sa\u00fade.<\/p>\n<p>\u00a0<\/p>\n<p>O agendamento de consultas para o hor\u00e1rio estendido \u00e9 realizado da mesma forma que o hor\u00e1rio normal, de acordo com o planejamento de cada unidade e disponibilidade do paciente.<\/p>\n<p>\u00a0<\/p>\n<p><strong>Confira o cronograma:<\/strong><\/p>\n<p>2\/3: USF Vila Nova, Rua S\u00e3o Jo\u00e3o, 185. Tel. 3361-9818.<\/p>\n<p>\u00a0<\/p>\n<p>3\/3: USF Vila Natal, Rua dos Cravos, 331. Tel. 3361-6860.<\/p>\n<p>\u00a0<\/p>\n<p>4\/3: USF CSU, Avenida Salgado Filho, 249, Parque Fernando Jorge. Tel. 3361-6869.<\/p>\n<p>\u00a0<\/p>\n<p>5\/3: USF Vale Verde, Rua Ver. Paulo Enos, s\/n\u00ba. Tel. 3372-9079.<\/p>\n<p>\u00a0<\/p>\n<p>6\/3: USF \u00c1rea 5, Rua Manoel Leal, s\/n\u00ba, Jardim S\u00e3o Francisco. Tel. 3361-6848 \/ 3361-8536.<\/p>\n<p>\u00a0<\/p>\n<p>9\/3: USF Jardim 31 de Mar\u00e7o, Rua Ant\u00f4nio Sim\u00f5es de Almeida, s\/n\u00ba. Tel. 3372-6379.<\/p>\n<p>\u00a0<\/p>\n<p>10\/3: USF M\u00e1rio Covas, Rua da Primavera, s\/n\u00ba, Vila Natal. Tel. 3361-6860 \/ 3372-3849.<\/p>\n<p>\u00a0<\/p>\n<p>11\/3: USF Jardim Casqueiro, Rua Espanha, s\/n\u00ba. Tel. 3364-1447.<\/p>\n<p>\u00a0<\/p>\n<p>12\/3: USF \u00c1gua Fria, Rua Elias Zarzur, 687.<\/p>\n<p>\u00a0<\/p>\n<p>13\/3: USF Ilha Caraguat\u00e1, Rua Feud Farah, s\/n\u00ba. Tel. 3364-1041.<\/p>\n<p>\u00a0<\/p>\n<p>18\/3: USF Cota 200, 2\u00aa passarela da Via Anchieta KM 50, s\/n\u00ba. Tel. 3372-5591.<\/p>\n<p>\u00a0<\/p>\n<p>19\/3: USF Vila S\u00e3o Jos\u00e9 (atendimento na UBS Vila Nova).<\/p>\n<p>\u00a0<\/p>\n<p>20\/3: USF Vila Esperan\u00e7a\/ CAIC, Rua S\u00e3o Francisco de Assis, s\/n\u00ba. Tel: 3361-3660.<\/p>\n<p>\u00a0<\/p>\n<p>23\/3: USF Cota 95, Faixa do Oleoduto, s\/n\u00ba, Pinhal do Miranda. Tel. 3377-1727.<\/p>\n<p>\u00a0<\/p>\n<p>24\/3: USF Pil\u00f5es, Caminho dos Pil\u00f5es, 972.<\/p>\n<p>\u00a0<\/p>\n<p>25\/3: USF Morro do \u00cdndio, Av. Principal, 3.467, Vila Esperan\u00e7a. Tel. 3372-1110.<\/p>\n<p>\u00a0<\/p>\n<p>26\/3: USF Jardim Nova Rep\u00fablica\/Bols\u00e3o 8, Av. Dep. Esmeraldo Tarqu\u00ednio, s\/n\u00ba. Tel. 3364-2010.<\/p>\n<p>\u00a0<\/p>\n<p>30\/1: USF Vila dos Pescadores, Rua Santa J\u00falia, s\/n\u00ba. Tel. 3364-4002.<\/p>\n<p>\u00a0<\/p>\n<p><strong>Reforma<\/strong>\u00a0\u2013 A unidade da Vila S\u00e3o Jos\u00e9 est\u00e1 sob reforma. Os atendimentos dessa unidade est\u00e3o sendo realizados na unidade da Vila Nova.<\/p>\n<p>\u00a0<\/p>\n<p><strong>Hist\u00f3rico<\/strong>\u00a0\u2013 Realizada de forma piloto desde o final de 2023 e diariamente desde maio de 2024, a medida tem o objetivo de garantir acesso aos servi\u00e7os de Sa\u00fade da Aten\u00e7\u00e3o Prim\u00e1ria \u00e0 parte da popula\u00e7\u00e3o que tem dificuldade de ir a uma unidade de Sa\u00fade durante o hor\u00e1rio do expediente.<\/p>\n<\/p><\/div>\n<p><script async defer crossorigin=\"anonymous\" src=\"https:\/\/connect.facebook.net\/pt_BR\/sdk.js#xfbml=1&#038;version=v12.0&#038;appId=&#038;autoLogAppEvents=1\" nonce=\"ou0fI1lo\"><\/script><br \/>\n<br \/><br \/>\n<br \/>Fonte: <a href=\"https:\/\/www.bs9.com.br\/litoral\/confira-os-dias-de-horario-estendido-nas-unidades-de-saude-no-mes-de\/37914\/\">BS9<\/a><\/p>\n","protected":false},"excerpt":{"rendered":"<p>Confira a programa\u00e7\u00e3o de mar\u00e7o do projeto &#8216;Hor\u00e1rio Estendido&#8217; nas unidades de Sa\u00fade de Cubat\u00e3o. Das 17 \u00e0s 19 horas s\u00e3o realizadas consultas, aplica\u00e7\u00e3o de vacinas e todos os procedimentos de rotina. \u00a0 A cada dia uma unidade fica aberta duas horas a mais para que os moradores tenham acesso aos servi\u00e7os de Sa\u00fade. \u00a0 [&hellip;]<\/p>\n","protected":false},"author":5,"featured_media":65130,"comment_status":"open","ping_status":"open","sticky":false,"template":"","format":"standard","meta":{"_seopress_robots_primary_cat":"","_seopress_titles_title":"","_seopress_titles_desc":"","_seopress_robots_index":"","footnotes":""},"categories":[52],"tags":[],"class_list":["post-65129","post","type-post","status-publish","format-standard","has-post-thumbnail","hentry","category-santoseregiao"],"_links":{"self":[{"href":"https:\/\/mussicom.com\/noticias\/wp-json\/wp\/v2\/posts\/65129","targetHints":{"allow":["GET"]}}],"collection":[{"href":"https:\/\/mussicom.com\/noticias\/wp-json\/wp\/v2\/posts"}],"about":[{"href":"https:\/\/mussicom.com\/noticias\/wp-json\/wp\/v2\/types\/post"}],"author":[{"embeddable":true,"href":"https:\/\/mussicom.com\/noticias\/wp-json\/wp\/v2\/users\/5"}],"replies":[{"embeddable":true,"href":"https:\/\/mussicom.com\/noticias\/wp-json\/wp\/v2\/comments?post=65129"}],"version-history":[{"count":0,"href":"https:\/\/mussicom.com\/noticias\/wp-json\/wp\/v2\/posts\/65129\/revisions"}],"wp:featuredmedia":[{"embeddable":true,"href":"https:\/\/mussicom.com\/noticias\/wp-json\/wp\/v2\/media\/65130"}],"wp:attachment":[{"href":"https:\/\/mussicom.com\/noticias\/wp-json\/wp\/v2\/media?parent=65129"}],"wp:term":[{"taxonomy":"category","embeddable":true,"href":"https:\/\/mussicom.com\/noticias\/wp-json\/wp\/v2\/categories?post=65129"},{"taxonomy":"post_tag","embeddable":true,"href":"https:\/\/mussicom.com\/noticias\/wp-json\/wp\/v2\/tags?post=65129"}],"curies":[{"name":"wp","href":"https:\/\/api.w.org\/{rel}","templated":true}]}}