{"id":65104,"date":"2026-02-27T08:42:20","date_gmt":"2026-02-27T11:42:20","guid":{"rendered":"https:\/\/mussicom.com\/pf-afasta-eduardo-bolsonaro-do-cargo-de-escrivao-por-faltas-injustificadas\/"},"modified":"2026-02-27T08:42:20","modified_gmt":"2026-02-27T11:42:20","slug":"pf-afasta-eduardo-bolsonaro-do-cargo-de-escrivao-por-faltas-injustificadas","status":"publish","type":"post","link":"https:\/\/mussicom.com\/noticias\/pf-afasta-eduardo-bolsonaro-do-cargo-de-escrivao-por-faltas-injustificadas\/","title":{"rendered":"PF afasta Eduardo Bolsonaro do cargo de escriv\u00e3o por faltas injustificadas"},"content":{"rendered":"<p> <br \/>\n<\/p>\n<div id=\"tp-post-content\">\n<p class=\"postParagraph_post-paragraph__juWZN postParagraph_post-paragraph-innerHtml__Q5vwc\">A Pol\u00edcia Federal decidiu afastar preventivamente o ex-deputado federal Eduardo Bolsonaro (PL-SP) do cargo de escriv\u00e3o por faltas injustificadas. A medida, formalizada por despacho da corregedoria regional no Rio de Janeiro, determina ainda a entrega da arma funcional e da carteira profissional no prazo de cinco dias \u00fateis.<\/p>\n<p class=\"postParagraph_post-paragraph__juWZN postParagraph_post-paragraph-innerHtml__Q5vwc\">O afastamento, determinado no dia 10 de fevereiro e tornado p\u00fablico nesta quinta (26), ocorre ap\u00f3s a pr\u00f3pria corpora\u00e7\u00e3o ter ordenado, em 2 de janeiro, o retorno imediato de Eduardo \u00e0s fun\u00e7\u00f5es, com alerta de que \u201ca aus\u00eancia injustificada poder\u00e1 ensejar a ado\u00e7\u00e3o das provid\u00eancias administrativas e disciplinares cab\u00edveis\u201d. Mesmo diante da determina\u00e7\u00e3o, o filho do ex-presidente Jair Bolsonaro (PL) permaneceu nos Estados Unidos, onde reside desde mar\u00e7o de 2025.<\/p>\n<p class=\"postParagraph_post-paragraph__juWZN postParagraph_post-paragraph-innerHtml__Q5vwc\">Eduardo Bolsonaro ainda n\u00e3o se pronunciou sobre o afastamento. Na \u00e9poca da determina\u00e7\u00e3o de retorno ao Rio de Janeiro, o ex-parlamentar comparou a ordem \u00e0 &#8220;Gestapo&#8221; e chamou a chefia da Pol\u00edcia Federal de &#8220;bajuladores de tiranos&#8221;.<\/p>\n<p class=\"postParagraph_post-paragraph__juWZN postParagraph_post-paragraph-innerHtml__Q5vwc\">&#8220;N\u00e3o abdiquei de todos os privil\u00e9gios parlamentares para me sujeitar aos caprichos dos bajuladores de tiranos, que chefiam a Pol\u00edcia Federal. Que a Gestapo fa\u00e7a o que bem entender com meu concurso p\u00fablico, jamais trocaria minha honra por um emprego na burocracia p\u00fablica&#8221;, afirmou em uma publica\u00e7\u00e3o nas redes sociais.<\/p>\n<div class=\"postViewMore_post-view-more-container___5wai\" data-mrf-recirculation=\"Post - Veja tamb\u00e9m\">\n<p class=\"gp-styles-module-size-small-afeYRa gp-styles-module-font-family2-afeYRa gp-styles-module-color-secondary-afeYRa gp-styles-module-weight-bold-afeYRa\">VEJA TAMB\u00c9M:<\/p>\n<ul class=\"postViewMore_post-view-more-list__CU_CE\">\n<li class=\"postViewMore_post-view-more-item__2MzRb\">\n<div class=\"postViewMore_post-view-more-image__5gUSe\"><picture class=\"imageDefault_image-container__XGd8_\"><\/picture><\/div>\n<p>Ap\u00f3s tens\u00e3o com Eduardo, Nikolas Ferreira reafirma apoio a Fl\u00e1vio Bolsonaro<\/li>\n<\/ul>\n<\/div>\n<p class=\"postParagraph_post-paragraph__juWZN postParagraph_post-paragraph-innerHtml__Q5vwc\">Eduardo havia se afastado da Pol\u00edcia Federal para exercer o mandato de deputado federal, fun\u00e7\u00e3o que tamb\u00e9m perdeu ap\u00f3s acumular faltas em sess\u00f5es deliberativas. Ao todo, foram 59 aus\u00eancias registradas at\u00e9 dezembro, ultrapassando o limite constitucional e resultando na perda do cargo eletivo.<\/p>\n<p class=\"postParagraph_post-paragraph__juWZN postParagraph_post-paragraph-innerHtml__Q5vwc\">A trajet\u00f3ria do agora ex-deputado na Pol\u00edcia Federal inclui passagens por unidades em diferentes regi\u00f5es do pa\u00eds entre 2010 e 2014, como Guajar\u00e1-Mirim (RO), Guarulhos (SP), S\u00e3o Paulo e Angra dos Reis (RJ). Ap\u00f3s esse per\u00edodo, ele ingressou na pol\u00edtica, consolidando carreira parlamentar.<\/p>\n<p class=\"postParagraph_post-paragraph__juWZN postParagraph_post-paragraph-innerHtml__Q5vwc\">Nos Estados Unidos, Eduardo Bolsonaro buscou apoio internacional para pressionar autoridades brasileiras, especialmente o ministro Alexandre de Moraes, do Supremo Tribunal Federal (STF), por causa do processo contra o pai por supostamente liderar uma tentativa de golpe de Estado ap\u00f3s as elei\u00e7\u00f5es de 2022.<\/p>\n<p class=\"postParagraph_post-paragraph__juWZN postParagraph_post-paragraph-innerHtml__Q5vwc\">A ofensiva perdeu for\u00e7a ap\u00f3s negocia\u00e7\u00f5es entre o presidente Luiz In\u00e1cio Lula da Silva (PT) e seu hom\u00f3logo norte-americano americano Donald Trump, que resultaram na retirada de san\u00e7\u00f5es e tarifas contra o Brasil.<\/p>\n<p class=\"postParagraph_post-paragraph__juWZN postParagraph_post-paragraph-innerHtml__Q5vwc\">Sem sal\u00e1rio desde julho, Eduardo tamb\u00e9m teve contas e bens bloqueados por decis\u00e3o judicial, medida que buscou dificultar sua atua\u00e7\u00e3o fora do pa\u00eds. A C\u00e2mara dos Deputados confirmou que os valores foram retidos ap\u00f3s comunica\u00e7\u00e3o oficial da decis\u00e3o.<\/p>\n<p class=\"postParagraph_post-paragraph__juWZN postParagraph_post-paragraph-innerHtml__Q5vwc\">A situa\u00e7\u00e3o jur\u00eddica tamb\u00e9m se agravou com o avan\u00e7o de processos no STF, onde Eduardo se tornou r\u00e9u por suposto crime de coa\u00e7\u00e3o ao articular san\u00e7\u00f5es contra autoridades brasileiras. A decis\u00e3o foi tomada de forma un\u00e2nime pela Primeira Turma da Corte, com base em den\u00fancia apresentada pela Procuradoria-Geral da Rep\u00fablica.<\/p>\n<\/div>\n<p><br \/>\n<br \/>Fonte: <a href=\"https:\/\/www.gazetadopovo.com.br\/republica\/pf-afasta-eduardo-bolsonaro-cargo-escrivao-faltas-injustificadas\/\">Revista Oeste<\/a><\/p>\n","protected":false},"excerpt":{"rendered":"<p>A Pol\u00edcia Federal decidiu afastar preventivamente o ex-deputado federal Eduardo Bolsonaro (PL-SP) do cargo de escriv\u00e3o por faltas injustificadas. A medida, formalizada por despacho da corregedoria regional no Rio de Janeiro, determina ainda a entrega da arma funcional e da carteira profissional no prazo de cinco dias \u00fateis. O afastamento, determinado no dia 10 de [&hellip;]<\/p>\n","protected":false},"author":5,"featured_media":65105,"comment_status":"open","ping_status":"open","sticky":false,"template":"","format":"standard","meta":{"_seopress_robots_primary_cat":"","_seopress_titles_title":"","_seopress_titles_desc":"","_seopress_robots_index":"","footnotes":""},"categories":[1],"tags":[],"class_list":["post-65104","post","type-post","status-publish","format-standard","has-post-thumbnail","hentry","category-ultimas-noticias"],"_links":{"self":[{"href":"https:\/\/mussicom.com\/noticias\/wp-json\/wp\/v2\/posts\/65104","targetHints":{"allow":["GET"]}}],"collection":[{"href":"https:\/\/mussicom.com\/noticias\/wp-json\/wp\/v2\/posts"}],"about":[{"href":"https:\/\/mussicom.com\/noticias\/wp-json\/wp\/v2\/types\/post"}],"author":[{"embeddable":true,"href":"https:\/\/mussicom.com\/noticias\/wp-json\/wp\/v2\/users\/5"}],"replies":[{"embeddable":true,"href":"https:\/\/mussicom.com\/noticias\/wp-json\/wp\/v2\/comments?post=65104"}],"version-history":[{"count":0,"href":"https:\/\/mussicom.com\/noticias\/wp-json\/wp\/v2\/posts\/65104\/revisions"}],"wp:featuredmedia":[{"embeddable":true,"href":"https:\/\/mussicom.com\/noticias\/wp-json\/wp\/v2\/media\/65105"}],"wp:attachment":[{"href":"https:\/\/mussicom.com\/noticias\/wp-json\/wp\/v2\/media?parent=65104"}],"wp:term":[{"taxonomy":"category","embeddable":true,"href":"https:\/\/mussicom.com\/noticias\/wp-json\/wp\/v2\/categories?post=65104"},{"taxonomy":"post_tag","embeddable":true,"href":"https:\/\/mussicom.com\/noticias\/wp-json\/wp\/v2\/tags?post=65104"}],"curies":[{"name":"wp","href":"https:\/\/api.w.org\/{rel}","templated":true}]}}