{"id":65028,"date":"2026-02-26T22:18:25","date_gmt":"2026-02-27T01:18:25","guid":{"rendered":"https:\/\/mussicom.com\/tcu-manda-stf-stj-e-tst-explicarem-salas-vip-em-aeroporto\/"},"modified":"2026-02-26T22:18:25","modified_gmt":"2026-02-27T01:18:25","slug":"tcu-manda-stf-stj-e-tst-explicarem-salas-vip-em-aeroporto","status":"publish","type":"post","link":"https:\/\/mussicom.com\/noticias\/tcu-manda-stf-stj-e-tst-explicarem-salas-vip-em-aeroporto\/","title":{"rendered":"TCU manda STF, STJ e TST explicarem salas VIP em aeroporto"},"content":{"rendered":"<p> <br \/>\n<\/p>\n<div id=\"tp-post-content\">\n<p class=\"postParagraph_post-paragraph__juWZN postParagraph_post-paragraph-innerHtml__Q5vwc\">O Tribunal de Contas da Uni\u00e3o (TCU) deu prazo de 15 dias para que o Supremo Tribunal Federal (STF), o Superior Tribunal de Justi\u00e7a (STJ) e o Tribunal Superior do Trabalho (TST) expliquem o uso de salas VIP exclusivas no Aeroporto Internacional de Bras\u00edlia.<\/p>\n<p class=\"postParagraph_post-paragraph__juWZN postParagraph_post-paragraph-innerHtml__Q5vwc\">Por decis\u00e3o do plen\u00e1rio, tomada nesta quarta-feira (25), os tribunais devem enviar uma s\u00e9rie de documentos e justificativas t\u00e9cnicas que embasam contratos que somam R$ 1,6 milh\u00e3o por ano.<\/p>\n<p class=\"postParagraph_post-paragraph__juWZN postParagraph_post-paragraph-innerHtml__Q5vwc\">O relator do processo, ministro Jhonatan de Jesus, optou por n\u00e3o abrir uma auditoria imediata, preferindo a realiza\u00e7\u00e3o de dilig\u00eancias e reuni\u00f5es, por considerar essas ferramentas mais \u00e1geis para resolver as quest\u00f5es levantadas.<\/p>\n<div class=\"postViewMore_post-view-more-container___5wai\" data-mrf-recirculation=\"Post - Veja tamb\u00e9m\">\n<p class=\"gp-styles-module-size-small-afeYRa gp-styles-module-font-family2-afeYRa gp-styles-module-color-secondary-afeYRa gp-styles-module-weight-bold-afeYRa\">VEJA TAMB\u00c9M:<\/p>\n<ul class=\"postViewMore_post-view-more-list__CU_CE\">\n<li class=\"postViewMore_post-view-more-item__2MzRb\"><span class=\"postViewMore_post-view-more-link-icon___stPC\"><svg xmlns=\"http:\/\/www.w3.org\/2000\/svg\" width=\"16\" height=\"16\" viewbox=\"0 0 16 16\"><rect width=\"16\" height=\"16\" fill=\"none\"\/><g transform=\"translate(3 3)\"><path d=\"M22.5,15l3.4,3.4-3.4,3.4\" transform=\"translate(-15.896 -11.793)\" fill=\"none\" stroke=\"#717171\" stroke-linecap=\"round\" stroke-width=\"1.4\"\/><path d=\"M6,6v4.2a2.452,2.452,0,0,0,2.5,2.4H16\" transform=\"translate(-6 -6)\" fill=\"none\" stroke=\"#717171\" stroke-linecap=\"round\" stroke-width=\"1.4\"\/><\/g><\/svg><\/span><span class=\"postViewMore_post-view-more-link-text__hO_kM\">Ju\u00edza aposentada que reclamou de gastos com gasolina e \u201clanche\u201d recebeu R$ 113 mil em dezembro<\/span><\/li>\n<\/ul>\n<\/div>\n<p class=\"postParagraph_post-paragraph__juWZN postParagraph_post-paragraph-innerHtml__Q5vwc\">&#8220;Entendo que realizar as dilig\u00eancias \u00e9 o mais adequado para este momento processual, pois permite colher as evid\u00eancias necess\u00e1rias com vistas a avaliar a regularidade dos contratos e propiciar os esclarecimentos objeto do requerimento&#8221;, afirmou o ministro em seu voto.<\/p>\n<p class=\"postParagraph_post-paragraph__juWZN postParagraph_post-paragraph-innerHtml__Q5vwc\">O senador Eduardo Gir\u00e3o questionou o uso de recursos p\u00fablicos para &#8220;benef\u00edcios exclusivos&#8221;, como transporte privativo e acompanhamento pessoal. Ele argumenta que esse tipo de despesa pode ferir o princ\u00edpio da impessoalidade previsto na Constitui\u00e7\u00e3o Federal.<\/p>\n<p class=\"postParagraph_post-paragraph__juWZN postParagraph_post-paragraph-innerHtml__Q5vwc\">O requerimento do Senado destaca que o Aeroporto de Bras\u00edlia j\u00e1 possui salas VIP acess\u00edveis ao p\u00fablico geral mediante pagamento ou uso de cart\u00f5es de cr\u00e9dito espec\u00edficos.<\/p>\n<p class=\"postParagraph_post-paragraph__juWZN postParagraph_post-paragraph-innerHtml__Q5vwc\">Embora o TCU j\u00e1 tenha considerado regular uma sala do STJ em 2021 por quest\u00f5es de seguran\u00e7a institucional, a unidade t\u00e9cnica do tribunal ressaltou que a relev\u00e2ncia do tema exige &#8220;novas verifica\u00e7\u00f5es e reflex\u00f5es&#8221; diante do volume de gastos atuais.<\/p>\n<p class=\"postParagraph_post-paragraph__juWZN postParagraph_post-paragraph-innerHtml__Q5vwc\">Al\u00e9m do prazo comum aos tr\u00eas tribunais, o TST enfrenta um escrut\u00ednio adicional sobre tr\u00eas contratos espec\u00edficos que envolvem desde a cess\u00e3o do espa\u00e7o at\u00e9 servi\u00e7os de receptivo e adapta\u00e7\u00e3o f\u00edsica da sala.<\/p>\n<p class=\"postParagraph_post-paragraph__juWZN postParagraph_post-paragraph-innerHtml__Q5vwc\">Em outubro de 2025, o Tribunal Superior do Trabalho (TST) cancelou o contrato para manuten\u00e7\u00e3o da sala VIP no Aeroporto de Bras\u00edlia.<\/p>\n<p class=\"postParagraph_post-paragraph__juWZN postParagraph_post-paragraph-innerHtml__Q5vwc\">\u201cA decis\u00e3o se deu em raz\u00e3o da aus\u00eancia de necessidade de uso do espa\u00e7o, assim como pela possibilidade de cancelamento do contrato assinado, sem preju\u00edzo da administra\u00e7\u00e3o\u201d, disse o TST.<\/p>\n<p class=\"postParagraph_post-paragraph__juWZN postParagraph_post-paragraph-innerHtml__Q5vwc\">O resultado das an\u00e1lises ser\u00e1 enviado \u00e0 Comiss\u00e3o de Transpar\u00eancia do Senado assim que o prazo de resposta for cumprido e os dados processados pela \u00e1rea t\u00e9cnica do TCU.<\/p>\n<h2 class=\"postParagraph_post-paragraph__juWZN postParagraph_post-paragraph-innerHtml__Q5vwc postParagraph_type-tag-h2__TtFkT\">STF, STJ e TST devem enviar ao TCU:<\/h2>\n<ul class=\"postList_post-list-container__W0E4y postList_visual-type-unordered-list__M8U7t\">\n<li class=\"postList_post-list-item__34Ck1\">C\u00f3pias de todos os contratos vigentes e anteriores relativos \u00e0s salas VIP.<\/li>\n<li class=\"postList_post-list-item__34Ck1\">Justificativas t\u00e9cnicas e estudos de viabilidade que comparem o modelo atual com o uso de salas p\u00fablicas mediante reembolso.<\/li>\n<li class=\"postList_post-list-item__34Ck1\">Demonstra\u00e7\u00e3o de que as contrata\u00e7\u00f5es n\u00e3o se enquadram como &#8220;produto de luxo&#8221;, conforme veda\u00e7\u00e3o da Lei 14.133\/2021.<\/li>\n<\/ul>\n<\/div>\n<p><br \/>\n<br \/>Fonte: <a href=\"https:\/\/www.gazetadopovo.com.br\/republica\/tcu-da-15-dias-para-stf-stj-e-tst-explicarem-salas-vip-em-aeroporto\/\">Revista Oeste<\/a><\/p>\n","protected":false},"excerpt":{"rendered":"<p>O Tribunal de Contas da Uni\u00e3o (TCU) deu prazo de 15 dias para que o Supremo Tribunal Federal (STF), o Superior Tribunal de Justi\u00e7a (STJ) e o Tribunal Superior do Trabalho (TST) expliquem o uso de salas VIP exclusivas no Aeroporto Internacional de Bras\u00edlia. Por decis\u00e3o do plen\u00e1rio, tomada nesta quarta-feira (25), os tribunais devem [&hellip;]<\/p>\n","protected":false},"author":5,"featured_media":65029,"comment_status":"open","ping_status":"open","sticky":false,"template":"","format":"standard","meta":{"_seopress_robots_primary_cat":"","_seopress_titles_title":"","_seopress_titles_desc":"","_seopress_robots_index":"","footnotes":""},"categories":[1],"tags":[],"class_list":["post-65028","post","type-post","status-publish","format-standard","has-post-thumbnail","hentry","category-ultimas-noticias"],"_links":{"self":[{"href":"https:\/\/mussicom.com\/noticias\/wp-json\/wp\/v2\/posts\/65028","targetHints":{"allow":["GET"]}}],"collection":[{"href":"https:\/\/mussicom.com\/noticias\/wp-json\/wp\/v2\/posts"}],"about":[{"href":"https:\/\/mussicom.com\/noticias\/wp-json\/wp\/v2\/types\/post"}],"author":[{"embeddable":true,"href":"https:\/\/mussicom.com\/noticias\/wp-json\/wp\/v2\/users\/5"}],"replies":[{"embeddable":true,"href":"https:\/\/mussicom.com\/noticias\/wp-json\/wp\/v2\/comments?post=65028"}],"version-history":[{"count":0,"href":"https:\/\/mussicom.com\/noticias\/wp-json\/wp\/v2\/posts\/65028\/revisions"}],"wp:featuredmedia":[{"embeddable":true,"href":"https:\/\/mussicom.com\/noticias\/wp-json\/wp\/v2\/media\/65029"}],"wp:attachment":[{"href":"https:\/\/mussicom.com\/noticias\/wp-json\/wp\/v2\/media?parent=65028"}],"wp:term":[{"taxonomy":"category","embeddable":true,"href":"https:\/\/mussicom.com\/noticias\/wp-json\/wp\/v2\/categories?post=65028"},{"taxonomy":"post_tag","embeddable":true,"href":"https:\/\/mussicom.com\/noticias\/wp-json\/wp\/v2\/tags?post=65028"}],"curies":[{"name":"wp","href":"https:\/\/api.w.org\/{rel}","templated":true}]}}