{"id":64964,"date":"2026-02-26T17:20:17","date_gmt":"2026-02-26T20:20:17","guid":{"rendered":"https:\/\/mussicom.com\/acidente-na-rio-santos-deixa-seis-pessoas-feridas\/"},"modified":"2026-02-26T17:20:17","modified_gmt":"2026-02-26T20:20:17","slug":"acidente-na-rio-santos-deixa-seis-pessoas-feridas","status":"publish","type":"post","link":"https:\/\/mussicom.com\/noticias\/acidente-na-rio-santos-deixa-seis-pessoas-feridas\/","title":{"rendered":"Acidente na Rio-Santos deixa seis pessoas feridas"},"content":{"rendered":"<p> <br \/>\n<\/p>\n<div>\n<p>Um grave acidente deixou seis pessoas feridas na manh\u00e3 desta quinta-feira (26), na Rodovia Rodovia Manoel Hypolito do Rego (Rio-Santos), altura de \u00c1rea Continental de Santos. Duas das v\u00edtimas est\u00e3o em estado grave.<\/p>\n<p>De acordo com a Ag\u00eancia Reguladora de Transportes do Estado (Artesp), o acidente aconteceu por volta das 9h20, no Km 238 da rodovia. Com base em informa\u00e7\u00f5es coletadas no local, um Fiat Uno trafegava pela rodovia quando, por motivo ainda desconhecido, o condutor perdeu o controle da dire\u00e7\u00e3o. O carro rodou e parou na pista contr\u00e1ria, de onde vinha um Hyundai HB20, cujo condutor n\u00e3o teve tempo nem espa\u00e7o para frear ou desviar, resultando na forte colus\u00e3o. As pistas estavam escorregadias em virtude das chuvas.<\/p>\n<p><img alt=\"\" fetchpriority=\"high\" decoding=\"async\" class=\"alignnone size-full wp-image-262585\" src=\"https:\/\/jornaldaorla.com.br\/wp-content\/uploads\/2026\/02\/ACIDENTE-RIO-SANTOS-26022025-1.jpg\" alt=\"\" width=\"955\" height=\"525\" srcset=\"https:\/\/jornaldaorla.com.br\/wp-content\/uploads\/2026\/02\/ACIDENTE-RIO-SANTOS-26022025-1.jpg 955w, https:\/\/jornaldaorla.com.br\/wp-content\/uploads\/2026\/02\/ACIDENTE-RIO-SANTOS-26022025-1-300x165.jpg 300w, https:\/\/jornaldaorla.com.br\/wp-content\/uploads\/2026\/02\/ACIDENTE-RIO-SANTOS-26022025-1-768x422.jpg 768w\" sizes=\"(max-width: 955px) 100vw, 955px\" data-eio=\"l\"\/><\/p>\n<p>O Corpo de Bombeiros foi acionado e nove homens se dirigiram ao local. Segundo a corpora\u00e7\u00e3o, seis v\u00edtimas foram socorridas, das quais tr\u00eas ficaram presas nas ferragens. Homens do Corpo de Bombeiros e funcion\u00e1rios da Concession\u00e1ria Novo Litoral (CNL), respons\u00e1vel pela administra\u00e7\u00e3o da rodovia, participaram do resgate. A Artesp informou que duas v\u00edtimas foram levadas ao hospital em estado grave.<\/p>\n<p>Dentre as v\u00edtimas atendidas pelos Bombeiros estava um homem de 60 anos que apresentava sinais de hemorragia interna, dores nas costas e no quadril. Estava consciente, por\u00e9m desorientado. Ele viajava no banco de tr\u00e1s de um dos autom\u00f3veis. Foi conduzido ao Hospital Santo Amaro, no Guaruj\u00e1. Um rapaz de\u00a021 anos, sofreu contus\u00e3o nos membros inferiores e nos tornozelos. Foi conduzido ao Pronto-Socorro de Bertioga. Uma mulher de 30 anos\u00a0teve contus\u00f5es no t\u00f3rax e no joelho esquerdo. Foi levada ao Hospital Santo Amaro.<\/p>\n<p>Segundo a CNL, o trecho onde ocorreu o acidente n\u00e3o tem interdi\u00e7\u00f5es.<\/p>\n<\/div>\n<p><br \/>\n<br \/>Fonte: <a href=\"https:\/\/jornaldaorla.com.br\/noticias\/acidente-na-rio-santos-deixa-seis-pessoas-feridas\/\">Jornal Da Orla<\/a><\/p>\n","protected":false},"excerpt":{"rendered":"<p>Um grave acidente deixou seis pessoas feridas na manh\u00e3 desta quinta-feira (26), na Rodovia Rodovia Manoel Hypolito do Rego (Rio-Santos), altura de \u00c1rea Continental de Santos. Duas das v\u00edtimas est\u00e3o em estado grave. De acordo com a Ag\u00eancia Reguladora de Transportes do Estado (Artesp), o acidente aconteceu por volta das 9h20, no Km 238 da [&hellip;]<\/p>\n","protected":false},"author":5,"featured_media":64965,"comment_status":"open","ping_status":"open","sticky":false,"template":"","format":"standard","meta":{"_seopress_robots_primary_cat":"","_seopress_titles_title":"","_seopress_titles_desc":"","_seopress_robots_index":"","footnotes":""},"categories":[52],"tags":[],"class_list":["post-64964","post","type-post","status-publish","format-standard","has-post-thumbnail","hentry","category-santoseregiao"],"_links":{"self":[{"href":"https:\/\/mussicom.com\/noticias\/wp-json\/wp\/v2\/posts\/64964","targetHints":{"allow":["GET"]}}],"collection":[{"href":"https:\/\/mussicom.com\/noticias\/wp-json\/wp\/v2\/posts"}],"about":[{"href":"https:\/\/mussicom.com\/noticias\/wp-json\/wp\/v2\/types\/post"}],"author":[{"embeddable":true,"href":"https:\/\/mussicom.com\/noticias\/wp-json\/wp\/v2\/users\/5"}],"replies":[{"embeddable":true,"href":"https:\/\/mussicom.com\/noticias\/wp-json\/wp\/v2\/comments?post=64964"}],"version-history":[{"count":0,"href":"https:\/\/mussicom.com\/noticias\/wp-json\/wp\/v2\/posts\/64964\/revisions"}],"wp:featuredmedia":[{"embeddable":true,"href":"https:\/\/mussicom.com\/noticias\/wp-json\/wp\/v2\/media\/64965"}],"wp:attachment":[{"href":"https:\/\/mussicom.com\/noticias\/wp-json\/wp\/v2\/media?parent=64964"}],"wp:term":[{"taxonomy":"category","embeddable":true,"href":"https:\/\/mussicom.com\/noticias\/wp-json\/wp\/v2\/categories?post=64964"},{"taxonomy":"post_tag","embeddable":true,"href":"https:\/\/mussicom.com\/noticias\/wp-json\/wp\/v2\/tags?post=64964"}],"curies":[{"name":"wp","href":"https:\/\/api.w.org\/{rel}","templated":true}]}}