{"id":64957,"date":"2026-02-26T17:10:18","date_gmt":"2026-02-26T20:10:18","guid":{"rendered":"https:\/\/mussicom.com\/cobertura-vacinal-contra-hpv-atinge-9581-na-capital-paulista\/"},"modified":"2026-02-26T17:10:18","modified_gmt":"2026-02-26T20:10:18","slug":"cobertura-vacinal-contra-hpv-atinge-9581-na-capital-paulista","status":"publish","type":"post","link":"https:\/\/mussicom.com\/noticias\/cobertura-vacinal-contra-hpv-atinge-9581-na-capital-paulista\/","title":{"rendered":"Cobertura vacinal contra HPV atinge 95,81% na capital paulista"},"content":{"rendered":"<p> <br \/>\n<\/p>\n<div>\n<p><strong>A cobertura vacinal contra o Papilomav\u00edrus Humano (HPV) atingiu 95,81% de alcance entre adolescentes de nove a 14 anos na capital paulista em 2025, <\/strong><img decoding=\"async\" src=\"https:\/\/agenciabrasil.ebc.com.br\/ebc.gif?id=1679492&amp;o=node\" style=\"width:1px; height:1px; display:inline;\"\/><\/p>\n<p>Em 2024, a cobertura atingiu 91,19% do p\u00fablico,\u00a0segundo a prefeitura de S\u00e3o Paulo.<strong>\u00a0<\/strong>Nos anos anteriores, foram registrados 57,6% (2023), 53,97% (2022) e 57,67% (2021).\u00a0<\/p>\n<p><strong>A vacina\u00e7\u00e3o contra o HPV previne diversos tipos de c\u00e2ncer como os de colo do \u00fatero, p\u00eanis, \u00e2nus e orofaringe, al\u00e9m de verrugas genitais, contribuindo para a prote\u00e7\u00e3o individual e coletiva.<\/strong><\/p>\n<p>O imunizante \u00e9 indicado em dose \u00fanica para meninos e meninas de nove a 14 anos de idade, para adolescentes de 15 a 19 anos que n\u00e3o foram vacinados na idade recomendada (temporariamente, at\u00e9 o primeiro semestre de 2026).\u00a0<\/p>\n<p><strong>Tamb\u00e9m \u00e9 indicado para:\u00a0<\/strong><\/p>\n<ul>\n<li>Pessoas entre nove e 45 anos de idade v\u00edtimas de viol\u00eancia sexual,\u00a0<\/li>\n<li>Pessoas vivendo com HIV\/Aids,\u00a0<\/li>\n<li>Pessoas em uso de drogas imunossupressoras,\u00a0<\/li>\n<li>Transplantados de \u00f3rg\u00e3os s\u00f3lidos ou de medula \u00f3ssea,\u00a0<\/li>\n<li>Pacientes oncol\u00f3gicos,<\/li>\n<li>Pessoas a partir de dois anos de idade com papilomatose respirat\u00f3ria recorrente (PRR) e<\/li>\n<li>Pessoas entre 15 e 45 anos que fazem uso de profilaxia pr\u00e9-exposi\u00e7\u00e3o (PrEP) ao HIV.<\/li>\n<\/ul>\n<p>&gt;&gt; Siga o canal da<strong> Ag\u00eancia Brasil <\/strong>no WhatsApp<\/p>\n<p>Para vacinar, os pais e respons\u00e1veis devem procurar a unidade de sa\u00fade mais pr\u00f3xima, de segunda a sexta-feira, das 7h \u00e0s 19h, e, aos s\u00e1bados, no mesmo hor\u00e1rio, nas Assist\u00eancias M\u00e9dicas Ambulatoriais (AMAs)\/UBSs Integradas.<\/p>\n<p>A unidade mais pr\u00f3xima pode ser localizada por meio da plataforma Busca Sa\u00fade.<\/p>\n<p>      <!-- Relacionada --><\/p>\n<p>            <!-- Relacionada -->\n    <\/div>\n<p><br \/>\n<br \/>Fonte: <a href=\"https:\/\/agenciabrasil.ebc.com.br\/saude\/noticia\/2026-02\/cobertura-vacinal-contra-hpv-atinge-9581-na-capital-paulista\">Ag\u00eancia Brasil<\/a><\/p>\n","protected":false},"excerpt":{"rendered":"<p>A cobertura vacinal contra o Papilomav\u00edrus Humano (HPV) atingiu 95,81% de alcance entre adolescentes de nove a 14 anos na capital paulista em 2025, Em 2024, a cobertura atingiu 91,19% do p\u00fablico,\u00a0segundo a prefeitura de S\u00e3o Paulo.\u00a0Nos anos anteriores, foram registrados 57,6% (2023), 53,97% (2022) e 57,67% (2021).\u00a0 A vacina\u00e7\u00e3o contra o HPV previne diversos [&hellip;]<\/p>\n","protected":false},"author":5,"featured_media":64958,"comment_status":"open","ping_status":"open","sticky":false,"template":"","format":"standard","meta":{"_seopress_robots_primary_cat":"","_seopress_titles_title":"","_seopress_titles_desc":"","_seopress_robots_index":"","footnotes":""},"categories":[46],"tags":[],"class_list":["post-64957","post","type-post","status-publish","format-standard","has-post-thumbnail","hentry","category-saude"],"_links":{"self":[{"href":"https:\/\/mussicom.com\/noticias\/wp-json\/wp\/v2\/posts\/64957","targetHints":{"allow":["GET"]}}],"collection":[{"href":"https:\/\/mussicom.com\/noticias\/wp-json\/wp\/v2\/posts"}],"about":[{"href":"https:\/\/mussicom.com\/noticias\/wp-json\/wp\/v2\/types\/post"}],"author":[{"embeddable":true,"href":"https:\/\/mussicom.com\/noticias\/wp-json\/wp\/v2\/users\/5"}],"replies":[{"embeddable":true,"href":"https:\/\/mussicom.com\/noticias\/wp-json\/wp\/v2\/comments?post=64957"}],"version-history":[{"count":0,"href":"https:\/\/mussicom.com\/noticias\/wp-json\/wp\/v2\/posts\/64957\/revisions"}],"wp:featuredmedia":[{"embeddable":true,"href":"https:\/\/mussicom.com\/noticias\/wp-json\/wp\/v2\/media\/64958"}],"wp:attachment":[{"href":"https:\/\/mussicom.com\/noticias\/wp-json\/wp\/v2\/media?parent=64957"}],"wp:term":[{"taxonomy":"category","embeddable":true,"href":"https:\/\/mussicom.com\/noticias\/wp-json\/wp\/v2\/categories?post=64957"},{"taxonomy":"post_tag","embeddable":true,"href":"https:\/\/mussicom.com\/noticias\/wp-json\/wp\/v2\/tags?post=64957"}],"curies":[{"name":"wp","href":"https:\/\/api.w.org\/{rel}","templated":true}]}}