{"id":64937,"date":"2026-02-26T15:11:16","date_gmt":"2026-02-26T18:11:16","guid":{"rendered":"https:\/\/mussicom.com\/mendonca-da-salvo-conduto-a-irmaos-de-dias-toffoli-na-cpi\/"},"modified":"2026-02-26T15:11:16","modified_gmt":"2026-02-26T18:11:16","slug":"mendonca-da-salvo-conduto-a-irmaos-de-dias-toffoli-na-cpi","status":"publish","type":"post","link":"https:\/\/mussicom.com\/noticias\/mendonca-da-salvo-conduto-a-irmaos-de-dias-toffoli-na-cpi\/","title":{"rendered":"Mendon\u00e7a d\u00e1 salvo-conduto a irm\u00e3os de Dias Toffoli na CPI"},"content":{"rendered":"<p> <br \/>\n<\/p>\n<div id=\"tp-post-content\">\n<p class=\"postParagraph_post-paragraph__juWZN postParagraph_post-paragraph-innerHtml__Q5vwc\">O ministro do Supremo Tribunal Federal (STF), Andr\u00e9 Mendon\u00e7a, concedeu nesta quinta-feira (26) um salvo-conduto a Jos\u00e9 Eug\u00eanio Dias Toffoli e Jos\u00e9 Carlos Dias Toffoli, irm\u00e3os do ministro Dias Toffoli, desobrigando-os de comparecer para depor perante a &#8220;CPI do Crime Organizado&#8221;. A decis\u00e3o atende a pedido da defesa, ap\u00f3s a aprova\u00e7\u00e3o de requerimentos de convoca\u00e7\u00e3o dos irm\u00e3os pelo colegiado de parlamentares.<\/p>\n<p class=\"postParagraph_post-paragraph__juWZN postParagraph_post-paragraph-innerHtml__Q5vwc\">A CPI do Crime Organizado havia aprovado na quarta a convoca\u00e7\u00e3o dos irm\u00e3os de Toffoli e do banqueiro Daniel Vorcaro para prestar depoimentos pela rela\u00e7\u00e3o que tinham com o Banco Master. Tamb\u00e9m foram feitos convites para ouvir o pr\u00f3prio magistrado, o ministro Alexandre de Moraes e sua esposa, Viviane Barci. Nenhum tem obriga\u00e7\u00e3o de comparecer.<\/p>\n<p class=\"postParagraph_post-paragraph__juWZN postParagraph_post-paragraph-innerHtml__Q5vwc\">A defesa dos requerentes argumentou que a natureza das convoca\u00e7\u00f5es feitas deixava evidente que ambos seriam ouvidos na condi\u00e7\u00e3o de investigados, o que tornaria o comparecimento compuls\u00f3rio uma viola\u00e7\u00e3o de direitos fundamentais, como o de n\u00e3o se incriminarem.<\/p>\n<div class=\"postViewMore_post-view-more-container___5wai\" data-mrf-recirculation=\"Post - Veja tamb\u00e9m\">\n<p class=\"gp-styles-module-size-small-afeYRa gp-styles-module-font-family2-afeYRa gp-styles-module-color-secondary-afeYRa gp-styles-module-weight-bold-afeYRa\">VEJA TAMB\u00c9M:<\/p>\n<ul class=\"postViewMore_post-view-more-list__CU_CE\">\n<li class=\"postViewMore_post-view-more-item__2MzRb\">\n<div class=\"postViewMore_post-view-more-image__5gUSe\"><picture class=\"imageDefault_image-container__XGd8_\"><\/picture><\/div>\n<p>Mendon\u00e7a derruba blindagem de Toffoli<\/li>\n<li class=\"postViewMore_post-view-more-item__2MzRb\">\n<div class=\"postViewMore_post-view-more-image__5gUSe\"><picture class=\"imageDefault_image-container__XGd8_\"><img decoding=\"async\" class=\"imageDefault_image-item__lU2Dk\" src=\"https:\/\/media.gazetadopovo.com.br\/2026\/02\/14104444\/andre-mendonca-desfile-lula-tse-380x214.jpg.webp\" alt=\"Andr\u00e9 Mendon\u00e7a disse que uso sons e imagens que remetam \u00e0 disputa eleitoral pode configurar &quot;viola\u00e7\u00e3o \u00e0 paridade de armas e confus\u00e3o entre o que \u00e9 art\u00edstico e o que \u00e9 propaganda eleitoral vedada&quot; em vota\u00e7\u00e3o de a\u00e7\u00e3o contra samba-enredo que homenageia Lula em desfile no Rio\" width=\"72\" height=\"72\"\/><\/picture><\/div>\n<p>Andr\u00e9 Mendon\u00e7a: um bom come\u00e7o<\/li>\n<\/ul>\n<\/div>\n<p class=\"postParagraph_post-paragraph__juWZN postParagraph_post-paragraph-innerHtml__Q5vwc\">Em sua fundamenta\u00e7\u00e3o, o relator destacou que a garantia contra a autoincrimina\u00e7\u00e3o \u00e9 um direito constitucional expressamente consagrado e que a jurisprud\u00eancia consolidada da Corte veda a condu\u00e7\u00e3o coercitiva de investigados para interrogat\u00f3rios. O magistrado ressaltou que o direito ao sil\u00eancio abrange a faculdade de comparecer ou n\u00e3o ao ato, sem que o n\u00e3o comparecimento enseje qualquer puni\u00e7\u00e3o ou presun\u00e7\u00e3o desfavor\u00e1vel aos convocados.<\/p>\n<p class=\"postParagraph_post-paragraph__juWZN postParagraph_post-paragraph-innerHtml__Q5vwc\">O ministro deferiu o interesse da defesa dos Toffoli de afastar a obrigatoriedade de comparecimento, transformando a convoca\u00e7\u00e3o em facultativa e deixando a decis\u00e3o final a cargo dos requerentes. Caso optem por depor voluntariamente, a decis\u00e3o assegura-lhes o direito ao sil\u00eancio, a assist\u00eancia por advogado, a dispensa do compromisso de dizer a verdade e a prote\u00e7\u00e3o contra qualquer tipo de constrangimento f\u00edsico ou moral.<\/p>\n<\/div>\n<p><br \/>\n<br \/>Fonte: <a href=\"https:\/\/www.gazetadopovo.com.br\/republica\/mendonca-da-salvo-conduto-para-irmaos-de-toffoli-faltarem-a-cpi-do-crime\/\">Revista Oeste<\/a><\/p>\n","protected":false},"excerpt":{"rendered":"<p>O ministro do Supremo Tribunal Federal (STF), Andr\u00e9 Mendon\u00e7a, concedeu nesta quinta-feira (26) um salvo-conduto a Jos\u00e9 Eug\u00eanio Dias Toffoli e Jos\u00e9 Carlos Dias Toffoli, irm\u00e3os do ministro Dias Toffoli, desobrigando-os de comparecer para depor perante a &#8220;CPI do Crime Organizado&#8221;. A decis\u00e3o atende a pedido da defesa, ap\u00f3s a aprova\u00e7\u00e3o de requerimentos de convoca\u00e7\u00e3o [&hellip;]<\/p>\n","protected":false},"author":5,"featured_media":64938,"comment_status":"open","ping_status":"open","sticky":false,"template":"","format":"standard","meta":{"_seopress_robots_primary_cat":"","_seopress_titles_title":"","_seopress_titles_desc":"","_seopress_robots_index":"","footnotes":""},"categories":[1],"tags":[],"class_list":["post-64937","post","type-post","status-publish","format-standard","has-post-thumbnail","hentry","category-ultimas-noticias"],"_links":{"self":[{"href":"https:\/\/mussicom.com\/noticias\/wp-json\/wp\/v2\/posts\/64937","targetHints":{"allow":["GET"]}}],"collection":[{"href":"https:\/\/mussicom.com\/noticias\/wp-json\/wp\/v2\/posts"}],"about":[{"href":"https:\/\/mussicom.com\/noticias\/wp-json\/wp\/v2\/types\/post"}],"author":[{"embeddable":true,"href":"https:\/\/mussicom.com\/noticias\/wp-json\/wp\/v2\/users\/5"}],"replies":[{"embeddable":true,"href":"https:\/\/mussicom.com\/noticias\/wp-json\/wp\/v2\/comments?post=64937"}],"version-history":[{"count":0,"href":"https:\/\/mussicom.com\/noticias\/wp-json\/wp\/v2\/posts\/64937\/revisions"}],"wp:featuredmedia":[{"embeddable":true,"href":"https:\/\/mussicom.com\/noticias\/wp-json\/wp\/v2\/media\/64938"}],"wp:attachment":[{"href":"https:\/\/mussicom.com\/noticias\/wp-json\/wp\/v2\/media?parent=64937"}],"wp:term":[{"taxonomy":"category","embeddable":true,"href":"https:\/\/mussicom.com\/noticias\/wp-json\/wp\/v2\/categories?post=64937"},{"taxonomy":"post_tag","embeddable":true,"href":"https:\/\/mussicom.com\/noticias\/wp-json\/wp\/v2\/tags?post=64937"}],"curies":[{"name":"wp","href":"https:\/\/api.w.org\/{rel}","templated":true}]}}