{"id":6490,"date":"2025-03-17T22:55:13","date_gmt":"2025-03-18T01:55:13","guid":{"rendered":"https:\/\/www.mussicom.com\/fontaines-d-c-cancela-shows-que-faria-no-lollapalooza-brasil-2025\/"},"modified":"2025-03-17T22:55:13","modified_gmt":"2025-03-18T01:55:13","slug":"fontaines-d-c-cancela-shows-que-faria-no-lollapalooza-brasil-2025","status":"publish","type":"post","link":"https:\/\/mussicom.com\/noticias\/fontaines-d-c-cancela-shows-que-faria-no-lollapalooza-brasil-2025\/","title":{"rendered":"Fontaines D.C. cancela shows que faria no Lollapalooza Brasil 2025"},"content":{"rendered":"<p> <br \/>\n<\/p>\n<div>\n<p>A primeira baixa do line-up do <strong>Lollapalooza Brasil 2025<\/strong>, marcado para os dias 28, 29 e 30 de mar\u00e7o no <strong>Aut\u00f3dromo de Interlagos<\/strong>, em S\u00e3o Paulo, foi confirmada. Banda irlandesa de p\u00f3s-punk, <strong>Fontaines D.C.<\/strong> acabou de anunciar o cancelamento dos shows que faria pelo festival na noite desta segunda, 17.<\/p>\n<p>Em publica\u00e7\u00e3o feita nas redes sociais, a banda formada por <strong>Grian Chatten<\/strong> (vocal), <strong>Carlos O&#8217;Connell<\/strong> (guitarra), <strong>Conor Curley<\/strong> (guitarra), <strong>Conor Deegan III<\/strong> (baixo) e <strong>Tom Coll<\/strong> (bateria) revelou que precisou derrubar shows na Am\u00e9rica Latina por problemas de sa\u00fade: o vocalista foi diagnosticado com uma h\u00e9rnia de disco. No Brasil, os artistas se apresentariam no dia 28, al\u00e9m de um side show no dia 26, na <strong>Audio<\/strong>, tamb\u00e9m na capital paulista.<\/p>\n<p>&#8220;Estou devastado em anunciar que, devido a uma h\u00e9rnia de disco, precisamos cancelar nosso show no M\u00e9xico amanh\u00e3 \u00e0 noite e nossas pr\u00f3ximas datas no Chile, Argentina, Brasil e Col\u00f4mbia&#8221;, escreveu. &#8220;Eu estava muito animado para tocar nesses lindos pa\u00edses h\u00e1 anos e realmente d\u00f3i estar aqui na Cidade do M\u00e9xico e n\u00e3o poder subir no palco, mas fui avisado hoje que preciso de aten\u00e7\u00e3o m\u00e9dica urgente&#8221;.<\/p>\n<blockquote class=\"citacao\"><p>Somos muito gratos por todo o seu apoio e, de todo o cora\u00e7\u00e3o, lamento n\u00e3o poder tocar para voc\u00eas.<br \/><strong>Grian<\/strong>.<\/p><\/blockquote>\n<figure class=\"image\"><canvas class=\"lt-highlighter__canvas\" height=\"16\" style=\"display: none; top: 0px !important; left: 0px !important;\" width=\"59\"\/><figcaption data-gramm=\"false\" data-lt-tmp-id=\"lt-957401\" spellcheck=\"false\">Fontaines D.C. cancela shows no Brasil (Foto: Reprodu\u00e7\u00e3o\/Instagram)<\/figcaption><\/figure>\n<p><strong>+++LEIA MAIS: F\u00faria, post-punk e poesia: Fontaines D.C. pode ser sua nova banda favorita<\/strong><\/p>\n<p><strong>+++LEIA MAIS: Lollapalooza Brasil: conhe\u00e7a artistas que se apresentam nos sideshows<\/strong><\/p>\n<p><strong>+++LEIA MAIS: Elis Regina faria 80 anos: veja as m\u00fasicas mais tocadas da cantora no Brasil<\/strong><\/p>\n<p><strong>+++LEIA MAIS: Afinal, &#8216;Messy&#8217;, m\u00fasica que viralizou no TikTok, \u00e9 sobre amor ou pais?<\/strong><\/p>\n<p><strong>+++LEIA MAIS: Quanto custam os ingressos para os shows de Avenged Sevenfold no Brasil?<\/strong><\/p>\n<\/div>\n<p><br \/>\n<br \/>Fonte: <a href=\"https:\/\/rollingstone.com.br\/musica\/fontaines-dc-cancela-shows-que-faria-no-lollapalooza-brasil-2025\/\">rollingstone.com.br<\/a><\/p>\n","protected":false},"excerpt":{"rendered":"<p>A primeira baixa do line-up do Lollapalooza Brasil 2025, marcado para os dias 28, 29 e 30 de mar\u00e7o no Aut\u00f3dromo de Interlagos, em S\u00e3o Paulo, foi confirmada. Banda irlandesa de p\u00f3s-punk, Fontaines D.C. acabou de anunciar o cancelamento dos shows que faria pelo festival na noite desta segunda, 17. Em publica\u00e7\u00e3o feita nas redes [&hellip;]<\/p>\n","protected":false},"author":5,"featured_media":6491,"comment_status":"open","ping_status":"open","sticky":false,"template":"","format":"standard","meta":{"_seopress_robots_primary_cat":"","_seopress_titles_title":"","_seopress_titles_desc":"","_seopress_robots_index":"","footnotes":""},"categories":[51],"tags":[],"class_list":["post-6490","post","type-post","status-publish","format-standard","has-post-thumbnail","hentry","category-musica"],"_links":{"self":[{"href":"https:\/\/mussicom.com\/noticias\/wp-json\/wp\/v2\/posts\/6490","targetHints":{"allow":["GET"]}}],"collection":[{"href":"https:\/\/mussicom.com\/noticias\/wp-json\/wp\/v2\/posts"}],"about":[{"href":"https:\/\/mussicom.com\/noticias\/wp-json\/wp\/v2\/types\/post"}],"author":[{"embeddable":true,"href":"https:\/\/mussicom.com\/noticias\/wp-json\/wp\/v2\/users\/5"}],"replies":[{"embeddable":true,"href":"https:\/\/mussicom.com\/noticias\/wp-json\/wp\/v2\/comments?post=6490"}],"version-history":[{"count":0,"href":"https:\/\/mussicom.com\/noticias\/wp-json\/wp\/v2\/posts\/6490\/revisions"}],"wp:featuredmedia":[{"embeddable":true,"href":"https:\/\/mussicom.com\/noticias\/wp-json\/wp\/v2\/media\/6491"}],"wp:attachment":[{"href":"https:\/\/mussicom.com\/noticias\/wp-json\/wp\/v2\/media?parent=6490"}],"wp:term":[{"taxonomy":"category","embeddable":true,"href":"https:\/\/mussicom.com\/noticias\/wp-json\/wp\/v2\/categories?post=6490"},{"taxonomy":"post_tag","embeddable":true,"href":"https:\/\/mussicom.com\/noticias\/wp-json\/wp\/v2\/tags?post=6490"}],"curies":[{"name":"wp","href":"https:\/\/api.w.org\/{rel}","templated":true}]}}