{"id":64797,"date":"2026-02-25T22:54:26","date_gmt":"2026-02-26T01:54:26","guid":{"rendered":"https:\/\/mussicom.com\/saida-de-haddad-do-governo-depende-de-reuniao-entre-lula-e-trump\/"},"modified":"2026-02-25T22:54:26","modified_gmt":"2026-02-26T01:54:26","slug":"saida-de-haddad-do-governo-depende-de-reuniao-entre-lula-e-trump","status":"publish","type":"post","link":"https:\/\/mussicom.com\/noticias\/saida-de-haddad-do-governo-depende-de-reuniao-entre-lula-e-trump\/","title":{"rendered":"Sa\u00edda de Haddad do governo depende de reuni\u00e3o entre Lula e Trump"},"content":{"rendered":"<p> <br \/>\n<\/p>\n<div>\n<p><strong>O ministro da Fazenda, Fernando Haddad, afirmou nesta quarta-feira (25) que a data de sua sa\u00edda do cargo depender\u00e1 da poss\u00edvel viagem do presidente Luiz In\u00e1cio Lula da Silva aos Estados Unidos para reuni\u00e3o com o presidente americano, Donald Trump.<\/strong><img decoding=\"async\" src=\"https:\/\/agenciabrasil.ebc.com.br\/ebc.gif?id=1679414&amp;o=node\" style=\"width:1px; height:1px; display:inline;\"\/><\/p>\n<p>Em entrevista a jornalistas, Haddad disse que pretende se reunir com Lula nesta quinta (26) para definir se integrar\u00e1 a comitiva presidencial.<strong> A expectativa \u00e9 de que o encontro bilateral ocorra entre os dias 15 e 20 de mar\u00e7o, embora ainda n\u00e3o haja confirma\u00e7\u00e3o oficial.<\/strong><\/p>\n<blockquote>\n<p>\u201cSe eu for [viajar], a data de sa\u00edda \u00e9 uma, se eu n\u00e3o for, a data \u00e9 outra\u201d, declarou o ministro na portaria do Minist\u00e9rio da Fazenda, ap\u00f3s retornar da \u00cdndia e da Coreia do Sul, onde acompanhou o presidente Lula.<\/p>\n<\/blockquote>\n<p>Desde o fim de 2025, Haddad indica a inten\u00e7\u00e3o de deixar a pasta para colaborar com a campanha de reelei\u00e7\u00e3o de Lula. Inicialmente, ele cogitou deixar o cargo ainda em fevereiro, mas a mudan\u00e7a deve ficar para meados de mar\u00e7o.<\/p>\n<p>Antes de sair, o ministro pretende concluir estudos sobre alternativas de financiamento para a proposta de tarifa zero no transporte p\u00fablico, que devem ser apresentados at\u00e9 abril, e a regulamenta\u00e7\u00e3o sobre a tributa\u00e7\u00e3o de criptoativos.<\/p>\n<h2>Sucess\u00e3o<\/h2>\n<p><strong>O\u00a0nome mais cotado para assumir o comando da Fazenda \u00e9 o do atual secret\u00e1rio-executivo da pasta, Dario Durigan.<\/strong> Caso a mudan\u00e7a se confirme, o secret\u00e1rio do Tesouro Nacional, Rog\u00e9rio Ceron, assumir\u00e1 a secretaria-executiva.<\/p>\n<p>Apesar de descartar publicamente candidatura nas elei\u00e7\u00f5es deste ano, Haddad enfrenta press\u00e3o dentro do PT para disputar o governo de S\u00e3o Paulo ou uma das duas vagas para o Senado no estado. O ministro, no entanto, continua a dar declara\u00e7\u00f5es de que n\u00e3o quer disputar as pr\u00f3ximas elei\u00e7\u00f5es.<\/p>\n<p>      <!-- Relacionada --><\/p>\n<p>            <!-- Relacionada -->\n    <\/div>\n<p><br \/>\n<br \/>Fonte: <a href=\"https:\/\/agenciabrasil.ebc.com.br\/economia\/noticia\/2026-02\/saida-de-haddad-depende-de-reuniao-entre-lula-e-trump\">Gazeta do Povo<\/a><\/p>\n","protected":false},"excerpt":{"rendered":"<p>O ministro da Fazenda, Fernando Haddad, afirmou nesta quarta-feira (25) que a data de sua sa\u00edda do cargo depender\u00e1 da poss\u00edvel viagem do presidente Luiz In\u00e1cio Lula da Silva aos Estados Unidos para reuni\u00e3o com o presidente americano, Donald Trump. Em entrevista a jornalistas, Haddad disse que pretende se reunir com Lula nesta quinta (26) [&hellip;]<\/p>\n","protected":false},"author":5,"featured_media":64798,"comment_status":"open","ping_status":"open","sticky":false,"template":"","format":"standard","meta":{"_seopress_robots_primary_cat":"","_seopress_titles_title":"","_seopress_titles_desc":"","_seopress_robots_index":"","footnotes":""},"categories":[45],"tags":[],"class_list":["post-64797","post","type-post","status-publish","format-standard","has-post-thumbnail","hentry","category-economia"],"_links":{"self":[{"href":"https:\/\/mussicom.com\/noticias\/wp-json\/wp\/v2\/posts\/64797","targetHints":{"allow":["GET"]}}],"collection":[{"href":"https:\/\/mussicom.com\/noticias\/wp-json\/wp\/v2\/posts"}],"about":[{"href":"https:\/\/mussicom.com\/noticias\/wp-json\/wp\/v2\/types\/post"}],"author":[{"embeddable":true,"href":"https:\/\/mussicom.com\/noticias\/wp-json\/wp\/v2\/users\/5"}],"replies":[{"embeddable":true,"href":"https:\/\/mussicom.com\/noticias\/wp-json\/wp\/v2\/comments?post=64797"}],"version-history":[{"count":0,"href":"https:\/\/mussicom.com\/noticias\/wp-json\/wp\/v2\/posts\/64797\/revisions"}],"wp:featuredmedia":[{"embeddable":true,"href":"https:\/\/mussicom.com\/noticias\/wp-json\/wp\/v2\/media\/64798"}],"wp:attachment":[{"href":"https:\/\/mussicom.com\/noticias\/wp-json\/wp\/v2\/media?parent=64797"}],"wp:term":[{"taxonomy":"category","embeddable":true,"href":"https:\/\/mussicom.com\/noticias\/wp-json\/wp\/v2\/categories?post=64797"},{"taxonomy":"post_tag","embeddable":true,"href":"https:\/\/mussicom.com\/noticias\/wp-json\/wp\/v2\/tags?post=64797"}],"curies":[{"name":"wp","href":"https:\/\/api.w.org\/{rel}","templated":true}]}}