{"id":64765,"date":"2026-02-25T19:59:14","date_gmt":"2026-02-25T22:59:14","guid":{"rendered":"https:\/\/mussicom.com\/tes-completa-9-anos-com-recorde-de-53-milhoes-de-toneladas\/"},"modified":"2026-02-25T19:59:14","modified_gmt":"2026-02-25T22:59:14","slug":"tes-completa-9-anos-com-recorde-de-53-milhoes-de-toneladas","status":"publish","type":"post","link":"https:\/\/mussicom.com\/noticias\/tes-completa-9-anos-com-recorde-de-53-milhoes-de-toneladas\/","title":{"rendered":"TES completa 9 anos com recorde de 5,3 milh\u00f5es de toneladas"},"content":{"rendered":"<p> <br \/>\n<\/p>\n<div id=\"texto\">\n<p>O Terminal Exportador de Santos (TES) celebra hoje (25) nove anos de opera\u00e7\u00e3o acompanhando um ciclo de crescimento relevante no Porto de Santos. De acordo com dados da Autoridade Portu\u00e1ria de Santos (APS), o complexo portu\u00e1rio registrou, em janeiro deste ano, a maior movimenta\u00e7\u00e3o j\u00e1 registrada para o m\u00eas, com 12,7 milh\u00f5es de toneladas, alta de 9,5% em rela\u00e7\u00e3o ao mesmo per\u00edodo de 2025.<\/p>\n<p>\u00a0<\/p>\n<p>Nesse contexto de expans\u00e3o do agroneg\u00f3cio brasileiro, o TES tamb\u00e9m alcan\u00e7ou o melhor resultado de sua trajet\u00f3ria. Em 2025, o terminal movimentou 5,3 milh\u00f5es de toneladas de gran\u00e9is s\u00f3lidos vegetais, crescimento de aproximadamente 26% em rela\u00e7\u00e3o a 2024, quando foram registradas 4,2 milh\u00f5es de toneladas.<\/p>\n<p>\u00a0<\/p>\n<p>O avan\u00e7o do Porto foi impulsionado principalmente pelo complexo soja, que apresentou crescimento de 79,6% no per\u00edodo. Inserido nesse cen\u00e1rio, o TES refor\u00e7a sua posi\u00e7\u00e3o como um dos terminais mais produtivos de Santos, combinando estrutura otimizada, tecnologia e disciplina operacional.<\/p>\n<p>\u00a0<\/p>\n<p>Para F\u00e1bio Francisco, diretor de Opera\u00e7\u00f5es Portu\u00e1rias e Rela\u00e7\u00f5es Institucionais do TES, o resultado reflete uma trajet\u00f3ria constru\u00edda com planejamento e disciplina operacional.<\/p>\n<p>\u00a0<\/p>\n<p>&#8220;Alcan\u00e7ar esse marco hist\u00f3rico \u00e9 fruto de um trabalho cont\u00ednuo de moderniza\u00e7\u00e3o, ganho de produtividade e, principalmente, do comprometimento das nossas pessoas.&#8221;<\/p>\n<p>\u00a0<\/p>\n<p><strong>Pessoas, seguran\u00e7a e responsabilidade ambiental<\/strong><\/p>\n<p>Ao longo desses nove anos, o TES consolidou uma cultura que coloca a seguran\u00e7a como valor inegoci\u00e1vel e o respeito ao meio ambiente como princ\u00edpio operacional.<\/p>\n<p>\u00a0<\/p>\n<p>O terminal investe continuamente na capacita\u00e7\u00e3o t\u00e9cnica de suas equipes, em treinamentos voltados \u00e0 preven\u00e7\u00e3o de riscos e em pr\u00e1ticas operacionais que reduzem impactos ambientais, com monitoramento constante, controle de emiss\u00f5es e rigor no cumprimento das condicionantes ambientais.<\/p>\n<p>\u00a0<\/p>\n<p>A partir de investimentos cont\u00ednuos em tecnologia e melhoria dos processos, fortalecemos uma cultura orientada para resultados que nos levando \u00e0 excel\u00eancia operacional.<\/p>\n<p>\u00a0<\/p>\n<p>&#8220;Um terminal de alta perfomance s\u00f3 \u00e9 sustent\u00e1vel quando existe, seguran\u00e7a, responsabilidade ambiental e aten\u00e7\u00e3o em servir com excel\u00eancia nossos clientes.<\/p>\n<p>\u00a0<\/p>\n<p>Nosso compromisso \u00e9 garantir que cada uma de nossas pessoas tenha as melhores condi\u00e7\u00f5es para executar suas atividades com excel\u00eancia e retornem para suas casas em seguran\u00e7a e saud\u00e1veis todos os dias. \u00c9 mais que um compromisso \u00e9 nosso prop\u00f3sito&#8221;, refor\u00e7a o diretor.<\/p>\n<p>\u00a0<\/p>\n<p><strong>Consolida\u00e7\u00e3o com olhar para o futuro<\/strong><\/p>\n<p>Desde o in\u00edcio das opera\u00e7\u00f5es, em 2017, o TES passou por ciclos cont\u00ednuos de moderniza\u00e7\u00e3o, reduzindo o tempo de perman\u00eancia de navios no ber\u00e7o, ampliando a rotatividade de silos e armaz\u00e9m e aprimorando sistemas de controle ambiental e efici\u00eancia energ\u00e9tica.<\/p>\n<p>\u00a0<\/p>\n<p>Para os pr\u00f3ximos anos, o plano de neg\u00f3cios prev\u00ea novos investimentos em infraestrutura e tecnologia, acompanhando o crescimento da demanda do agroneg\u00f3cio nacional e internacional, sempre com foco em seguran\u00e7a operacional, inova\u00e7\u00e3o e sustentabilidade.<\/p>\n<p>\u00a0<\/p>\n<p>Nossa trajet\u00f3ria nesses nove anos nos enche de orgulho. Estar onde estamos, fazendo parte do maior Porto da Am\u00e9rica Latina, aumenta ainda mais a nossa responsabilidade com a comunidade, com a cidade de Santos e com o Brasil, afirma F\u00e1bio Francisco.<\/p>\n<p>\u00a0<\/p>\n<p><strong>Sobre o TES<\/strong><\/p>\n<p>Em opera\u00e7\u00e3o desde 2017, o Terminal Exportador de Santos &#8211; TES \u00e9 um elo fundamental na cadeia log\u00edstica do agroneg\u00f3cio, oferecendo solu\u00e7\u00f5es seguras e sustent\u00e1veis que respeitam o meio ambiente e as comunidades locais. Especializado na movimenta\u00e7\u00e3o de farelo de soja, o TES se destaca por sua infraestrutura moderna, incluindo silos de concreto de \u00faltima gera\u00e7\u00e3o e sistemas tecnol\u00f3gicos avan\u00e7ados que garantem efici\u00eancia operacional e seguran\u00e7a. Nosso compromisso com a sustentabilidade \u00e9 evidenciado pelo fato de sermos o primeiro terminal portu\u00e1rio em Santos a obter uma licen\u00e7a de opera\u00e7\u00e3o baseada em rigorosos par\u00e2metros ambientais. Isso demonstra nossa dedica\u00e7\u00e3o cont\u00ednua \u00e0 prote\u00e7\u00e3o do meio ambiente enquanto atendemos \u00e0s exig\u00eancias do mercado global de commodities agr\u00edcolas.<\/p>\n<\/p><\/div>\n<p><script async defer crossorigin=\"anonymous\" src=\"https:\/\/connect.facebook.net\/pt_BR\/sdk.js#xfbml=1&#038;version=v12.0&#038;appId=&#038;autoLogAppEvents=1\" nonce=\"ou0fI1lo\"><\/script><br \/>\n<br \/><br \/>\n<br \/>Fonte: <a href=\"https:\/\/www.bs9.com.br\/litoral\/tes-completa-9-anos-com-recorde-de-53-milhoes-de-toneladas\/37878\/\">BS9<\/a><\/p>\n","protected":false},"excerpt":{"rendered":"<p>O Terminal Exportador de Santos (TES) celebra hoje (25) nove anos de opera\u00e7\u00e3o acompanhando um ciclo de crescimento relevante no Porto de Santos. De acordo com dados da Autoridade Portu\u00e1ria de Santos (APS), o complexo portu\u00e1rio registrou, em janeiro deste ano, a maior movimenta\u00e7\u00e3o j\u00e1 registrada para o m\u00eas, com 12,7 milh\u00f5es de toneladas, alta [&hellip;]<\/p>\n","protected":false},"author":5,"featured_media":64766,"comment_status":"open","ping_status":"open","sticky":false,"template":"","format":"standard","meta":{"_seopress_robots_primary_cat":"","_seopress_titles_title":"","_seopress_titles_desc":"","_seopress_robots_index":"","footnotes":""},"categories":[52],"tags":[],"class_list":["post-64765","post","type-post","status-publish","format-standard","has-post-thumbnail","hentry","category-santoseregiao"],"_links":{"self":[{"href":"https:\/\/mussicom.com\/noticias\/wp-json\/wp\/v2\/posts\/64765","targetHints":{"allow":["GET"]}}],"collection":[{"href":"https:\/\/mussicom.com\/noticias\/wp-json\/wp\/v2\/posts"}],"about":[{"href":"https:\/\/mussicom.com\/noticias\/wp-json\/wp\/v2\/types\/post"}],"author":[{"embeddable":true,"href":"https:\/\/mussicom.com\/noticias\/wp-json\/wp\/v2\/users\/5"}],"replies":[{"embeddable":true,"href":"https:\/\/mussicom.com\/noticias\/wp-json\/wp\/v2\/comments?post=64765"}],"version-history":[{"count":0,"href":"https:\/\/mussicom.com\/noticias\/wp-json\/wp\/v2\/posts\/64765\/revisions"}],"wp:featuredmedia":[{"embeddable":true,"href":"https:\/\/mussicom.com\/noticias\/wp-json\/wp\/v2\/media\/64766"}],"wp:attachment":[{"href":"https:\/\/mussicom.com\/noticias\/wp-json\/wp\/v2\/media?parent=64765"}],"wp:term":[{"taxonomy":"category","embeddable":true,"href":"https:\/\/mussicom.com\/noticias\/wp-json\/wp\/v2\/categories?post=64765"},{"taxonomy":"post_tag","embeddable":true,"href":"https:\/\/mussicom.com\/noticias\/wp-json\/wp\/v2\/tags?post=64765"}],"curies":[{"name":"wp","href":"https:\/\/api.w.org\/{rel}","templated":true}]}}