{"id":6476,"date":"2025-03-17T21:36:21","date_gmt":"2025-03-18T00:36:21","guid":{"rendered":"https:\/\/www.mussicom.com\/a-singapura-da-america-latina-segundo-especialista\/"},"modified":"2025-03-17T21:36:21","modified_gmt":"2025-03-18T00:36:21","slug":"a-singapura-da-america-latina-segundo-especialista","status":"publish","type":"post","link":"https:\/\/mussicom.com\/noticias\/a-singapura-da-america-latina-segundo-especialista\/","title":{"rendered":"a Singapura da Am\u00e9rica Latina, segundo especialista"},"content":{"rendered":"<p> <br \/>\n<\/p>\n<div id=\"hd80s9wa1h892edh8192\">\n<p>S\u00f3cio-fundador da Adam Capital, o especialista em investimentos internacionais M\u00e1rcio Appel acredita que a <strong>Argentina<\/strong> tem potencial para se tornar uma nova <strong>Singapura<\/strong>, caso adote pol\u00edticas econ\u00f4micas coerentes com as promessas de campanha do atual presidente Javier Milei.<\/p>\n<p>Singapura \u00e9 uma cidade-estado no sudeste da \u00c1sia e protagonista principalmente de uma das maiores transforma\u00e7\u00f5es econ\u00f4micas recentes. Hoje \u00e9 uma grande conex\u00e3o global em transporte e log\u00edstica. Seu desenvolvimento a colocou entre os dez pa\u00edses com maior renda per capita no mundo, com ganho anual superior a US$ 88 mil.<\/p>\n<h2 class=\"wp-block-heading\"><strong>Argentina \u00e9 como uma \u201clanchinha\u201d<\/strong><\/h2>\n<p>Em entrevista ao site InfoMoney, Appel fez uma compara\u00e7\u00e3o entre Brasil e Argentina. Conforme o especialista, que \u00e9 formado pelo Instituto Tecnol\u00f3gico da Aeron\u00e1utica (ITA), com MBA pela Universidade de Michigan, o Brasil \u00e9 como um transatl\u00e2ntico e a Argentina, uma \u201clanchinha\u201d.<\/p>\n<p>Segundo ele, n\u00e3o h\u00e1 expectativa de melhora no <strong>quadro fiscal no Brasil<\/strong>, pois mudan\u00e7as relevantes nesse campo n\u00e3o seriam fact\u00edveis para um pa\u00eds com a dimens\u00e3o brasileira. \u201cO Brasil politicamente \u00e9 um transatl\u00e2ntico, n\u00e3o \u00e9 uma lanchinha\u201d, comparou o gestor de recursos. Na sua vis\u00e3o, a Argentina, que parece uma lanchinha, conseguiu fazer uma volta e com sorte vai virar a Singapura da Am\u00e9rica Latina. \u201cTem tudo para dar certo\u201d.<\/p>\n<figure class=\"wp-block-embed is-type-video is-provider-youtube wp-block-embed-youtube wp-embed-aspect-16-9 wp-has-aspect-ratio\">\n<div class=\"wp-block-embed__wrapper\">\n<div class=\"perfmatters-lazy-youtube\" data-src=\"https:\/\/www.youtube.com\/embed\/Wg21fSftgqM\" data-id=\"Wg21fSftgqM\" data-query=\"feature=oembed\" onclick=\"perfmattersLazyLoadYouTube(this);\">\n<div><img fetchpriority=\"high\" decoding=\"async\" src=\"https:\/\/i.ytimg.com\/vi\/Wg21fSftgqM\/hqdefault.jpg\" alt=\"YouTube video\" width=\"480\" height=\"360\" data-pin-nopin=\"true\" nopin=\"nopin\"\/><\/div>\n<\/div>\n<p><noscript><iframe title=\"Infla\u00e7\u00e3o recua 94% em novo marco hist\u00f3rico do governo Milei na Argentina\" width=\"800\" height=\"450\" src=\"https:\/\/www.youtube.com\/embed\/Wg21fSftgqM?feature=oembed\" frameborder=\"0\" allow=\"accelerometer; autoplay; clipboard-write; encrypted-media; gyroscope; picture-in-picture; web-share\" referrerpolicy=\"strict-origin-when-cross-origin\" allowfullscreen><\/iframe><\/noscript>\n<\/div>\n<\/figure>\n<p>Para o especialista, o Brasil pode conseguir se ajustar em termos de pol\u00edtica econ\u00f4mica, mas ele n\u00e3o v\u00ea capacidade de mudan\u00e7a pol\u00edtica. \u201cO Congresso n\u00e3o vai mudar muito [na pr\u00f3xima elei\u00e7\u00e3o]. Espero que seja melhor, que o pa\u00eds gaste menos, que tenha mais privatiza\u00e7\u00e3o\u201d.<\/p>\n<p>Em dezembro do ano passado, em entrevista ao jornal <em>Valor Econ\u00f4mico<\/em>, o gestor j\u00e1 havia observado que alguns desequil\u00edbrios internos, como a forte desvaloriza\u00e7\u00e3o do real ante o d\u00f3lar, tinha como raiz o otimismo exagerado do mercado brasileiro em rela\u00e7\u00e3o \u00e0 compet\u00eancia do atual governo.\u00a0<\/p>\n<p>+ <strong>Leia mais not\u00edcias de <\/strong><strong>Economia<\/strong><strong> na Oeste<\/strong><\/p>\n<\/p><\/div>\n<p><br \/>\n<br \/>Fonte: <a href=\"https:\/\/revistaoeste.com\/economia\/especialista-diz-que-argentina-pode-se-tornar-a-singapura-da-america-latina\/\">Revista oeste<\/a><\/p>\n","protected":false},"excerpt":{"rendered":"<p>S\u00f3cio-fundador da Adam Capital, o especialista em investimentos internacionais M\u00e1rcio Appel acredita que a Argentina tem potencial para se tornar uma nova Singapura, caso adote pol\u00edticas econ\u00f4micas coerentes com as promessas de campanha do atual presidente Javier Milei. Singapura \u00e9 uma cidade-estado no sudeste da \u00c1sia e protagonista principalmente de uma das maiores transforma\u00e7\u00f5es econ\u00f4micas [&hellip;]<\/p>\n","protected":false},"author":5,"featured_media":6477,"comment_status":"open","ping_status":"open","sticky":false,"template":"","format":"standard","meta":{"_seopress_robots_primary_cat":"","_seopress_titles_title":"","_seopress_titles_desc":"","_seopress_robots_index":"","footnotes":""},"categories":[45],"tags":[],"class_list":["post-6476","post","type-post","status-publish","format-standard","has-post-thumbnail","hentry","category-economia"],"_links":{"self":[{"href":"https:\/\/mussicom.com\/noticias\/wp-json\/wp\/v2\/posts\/6476","targetHints":{"allow":["GET"]}}],"collection":[{"href":"https:\/\/mussicom.com\/noticias\/wp-json\/wp\/v2\/posts"}],"about":[{"href":"https:\/\/mussicom.com\/noticias\/wp-json\/wp\/v2\/types\/post"}],"author":[{"embeddable":true,"href":"https:\/\/mussicom.com\/noticias\/wp-json\/wp\/v2\/users\/5"}],"replies":[{"embeddable":true,"href":"https:\/\/mussicom.com\/noticias\/wp-json\/wp\/v2\/comments?post=6476"}],"version-history":[{"count":0,"href":"https:\/\/mussicom.com\/noticias\/wp-json\/wp\/v2\/posts\/6476\/revisions"}],"wp:featuredmedia":[{"embeddable":true,"href":"https:\/\/mussicom.com\/noticias\/wp-json\/wp\/v2\/media\/6477"}],"wp:attachment":[{"href":"https:\/\/mussicom.com\/noticias\/wp-json\/wp\/v2\/media?parent=6476"}],"wp:term":[{"taxonomy":"category","embeddable":true,"href":"https:\/\/mussicom.com\/noticias\/wp-json\/wp\/v2\/categories?post=6476"},{"taxonomy":"post_tag","embeddable":true,"href":"https:\/\/mussicom.com\/noticias\/wp-json\/wp\/v2\/tags?post=6476"}],"curies":[{"name":"wp","href":"https:\/\/api.w.org\/{rel}","templated":true}]}}