{"id":64730,"date":"2026-02-25T17:48:21","date_gmt":"2026-02-25T20:48:21","guid":{"rendered":"https:\/\/mussicom.com\/servidores-do-ibge-fazem-abaixo-assinado-contra-presidente-e-defesa-da-autonomia\/"},"modified":"2026-02-25T17:48:21","modified_gmt":"2026-02-25T20:48:21","slug":"servidores-do-ibge-fazem-abaixo-assinado-contra-presidente-e-defesa-da-autonomia","status":"publish","type":"post","link":"https:\/\/mussicom.com\/noticias\/servidores-do-ibge-fazem-abaixo-assinado-contra-presidente-e-defesa-da-autonomia\/","title":{"rendered":"Servidores do IBGE fazem abaixo-assinado contra presidente e defesa da autonomia"},"content":{"rendered":"<p> <br \/>\n<\/p>\n<div id=\"tp-post-content\">\n<p class=\"postParagraph_post-paragraph__juWZN postParagraph_post-paragraph-innerHtml__Q5vwc\">Servidores do IBGE divulgaram uma carta aberta acompanhada de um abaixo-assinado em que denunciam a\u00e7\u00f5es de repres\u00e1lia dentro do \u00f3rg\u00e3o e pedem apoio p\u00fablico \u00e0 autonomia institucional, al\u00e9m de mudan\u00e7as no modelo de escolha da presid\u00eancia. O movimento intensifica a crise interna com a gest\u00e3o de Marcio Pochmann, escolhido pelo presidente Luiz In\u00e1cio Lula da Silva (PT) no in\u00edcio desde governo sob cr\u00edticas internas e externas.<\/p>\n<p class=\"postParagraph_post-paragraph__juWZN postParagraph_post-paragraph-innerHtml__Q5vwc\">De acordo com o documento a que o jornal <em>O Globo<\/em> teve acesso e que foi confirmado pela <strong>Gazeta do Povo<\/strong>, os servidores afirmam que o conflito com a atual gest\u00e3o se agravou ao longo dos \u00faltimos meses, com sucessivas exonera\u00e7\u00f5es e press\u00f5es internas.<\/p>\n<p class=\"postParagraph_post-paragraph__juWZN postParagraph_post-paragraph-innerHtml__Q5vwc\">\u201cN\u00e3o se trata de diverg\u00eancia ideol\u00f3gica. Trata-se da preserva\u00e7\u00e3o de uma institui\u00e7\u00e3o de Estado cuja credibilidade foi constru\u00edda ao longo de quase nove d\u00e9cadas de compromisso com o rigor metodol\u00f3gico, a neutralidade t\u00e9cnica e o interesse p\u00fablico. O IBGE n\u00e3o pertence a governos. Pertence \u00e0 Rep\u00fablica\u201d, diz a carta (veja na \u00edntegra).<\/p>\n<p class=\"postParagraph_post-paragraph__juWZN postParagraph_post-paragraph-innerHtml__Q5vwc\">A reportagem procurou o IBGE para comentar o manifesto e aguarda retorno.<\/p>\n<div class=\"postViewMore_post-view-more-container___5wai\" data-mrf-recirculation=\"Post - Veja tamb\u00e9m\">\n<p class=\"gp-styles-module-size-small-afeYRa gp-styles-module-font-family2-afeYRa gp-styles-module-color-secondary-afeYRa gp-styles-module-weight-bold-afeYRa\">VEJA TAMB\u00c9M:<\/p>\n<ul class=\"postViewMore_post-view-more-list__CU_CE\">\n<li class=\"postViewMore_post-view-more-item__2MzRb\">\n<div class=\"postViewMore_post-view-more-image__5gUSe\"><picture class=\"imageDefault_image-container__XGd8_\"><\/picture><\/div>\n<p>Maioria do Congresso prev\u00ea queda do veto de Lula ao PL da dosimetria, diz pesquisa<\/li>\n<\/ul>\n<\/div>\n<p class=\"postParagraph_post-paragraph__juWZN postParagraph_post-paragraph-innerHtml__Q5vwc\">O texto, de autoria dos pr\u00f3prios servidores, n\u00e3o \u00e9 ligado oficialmente \u00e0 entidade de classe da categoria. No entanto, a Assibge-SN afirma que o documento reafirma pontos j\u00e1 levantados em protestos anteriores pela \u201cinsatisfa\u00e7\u00e3o generalizada da categoria\u201d.<\/p>\n<p class=\"postParagraph_post-paragraph__juWZN postParagraph_post-paragraph-innerHtml__Q5vwc\">\u201cA crescente preocupa\u00e7\u00e3o dos servidores com as consequ\u00eancias institucionais de uma gest\u00e3o desastrosa que, embora tenha assumido o comando do IBGE em condi\u00e7\u00f5es pol\u00edticas excepcionalmente favor\u00e1veis, rapidamente perdeu as condi\u00e7\u00f5es de conduzir um projeto de fortalecimento institucional \u00e0 altura das necessidades do pa\u00eds\u201d, afirmou a Assibge-SN em nota \u00e0 reportagem.<\/p>\n<p class=\"postParagraph_post-paragraph__juWZN postParagraph_post-paragraph-innerHtml__Q5vwc\">A entidade afirma, ainda, que Marcio Pochmann tem se recusado a receber a representa\u00e7\u00e3o sindical, aceita apenas colabora\u00e7\u00f5es \u201cdentro de seus pr\u00f3prios termos\u201d e, \u201cde forma recorrente, despreza o saber acumulado pelos servidores, alimentando a atual sensa\u00e7\u00e3o de desrespeito e abandono institucional\u201d.<\/p>\n<p class=\"postParagraph_post-paragraph__juWZN postParagraph_post-paragraph-innerHtml__Q5vwc\">Segundo o texto do abaixo-assinado, entre os anos de 2023 e 2024, mais de 20 servidores foram retirados dos cargos \u201cde forma mandat\u00f3ria ou por solicita\u00e7\u00e3o, devido a discord\u00e2ncias t\u00e9cnicas e de <em>compliance <\/em>com a gest\u00e3o atual\u201d. A carta tamb\u00e9m menciona novos desligamentos e sa\u00eddas em 2025, destacando que, em janeiro de 2026, a \u201cruptura alcan\u00e7ou o n\u00facleo mais sens\u00edvel da produ\u00e7\u00e3o estat\u00edstica brasileira\u201d.<\/p>\n<p class=\"postParagraph_post-paragraph__juWZN postParagraph_post-paragraph-innerHtml__Q5vwc\">O epis\u00f3dio citado como mais grave envolve a sa\u00edda da coordenadora de Contas Nacionais, Rebeca Palis, considerada refer\u00eancia t\u00e9cnica, durante o processo de constru\u00e7\u00e3o da nova base do Produto Interno Bruto (PIB). Para os servidores, o caso simboliza o que classificam como perda de crit\u00e9rios t\u00e9cnicos e aumento de decis\u00f5es administrativas com vi\u00e9s pol\u00edtico.<\/p>\n<p class=\"postParagraph_post-paragraph__juWZN postParagraph_post-paragraph-innerHtml__Q5vwc\">\u201cO ac\u00famulo desses epis\u00f3dios revela um padr\u00e3o objetivo: substitui\u00e7\u00f5es reiteradas de quadros experientes em \u00e1reas estruturantes, em momentos sens\u00edveis e sem fundamenta\u00e7\u00e3o t\u00e9cnica publicamente explicitada. O efeito cumulativo \u00e9 a fragiliza\u00e7\u00e3o da estabilidade t\u00e9cnica e da mem\u00f3ria institucional que sempre distinguiram o IBGE\u201d, pontua.<\/p>\n<p class=\"postParagraph_post-paragraph__juWZN postParagraph_post-paragraph-innerHtml__Q5vwc\">A carta ressalta que o IBGE tem um papel central na formula\u00e7\u00e3o de pol\u00edticas p\u00fablicas, sendo respons\u00e1vel por indicadores como o c\u00e1lculo do PIB, medi\u00e7\u00e3o da infla\u00e7\u00e3o e realiza\u00e7\u00e3o de censos. E que, \u201cse a credibilidade do IBGE \u00e9 tensionada, fragilizam-se pol\u00edticas p\u00fablicas, decis\u00f5es or\u00e7ament\u00e1rias, rela\u00e7\u00f5es federativas e a pr\u00f3pria seguran\u00e7a jur\u00eddica do Estado brasileiro\u201d.<\/p>\n<p class=\"postParagraph_post-paragraph__juWZN postParagraph_post-paragraph-innerHtml__Q5vwc\">\u201cA credibilidade do IBGE sempre esteve associada n\u00e3o apenas \u00e0 qualidade metodol\u00f3gica, mas ao controle integral, interno e institucional de seus processos de coleta, tratamento e guarda de informa\u00e7\u00f5es. Modificar essa l\u00f3gica exige debate transparente, participa\u00e7\u00e3o t\u00e9cnica qualificada e garantias inequ\u00edvocas de preserva\u00e7\u00e3o da autonomia\u201d, cita o documento.<\/p>\n<p class=\"postParagraph_post-paragraph__juWZN postParagraph_post-paragraph-innerHtml__Q5vwc\">Em outro trecho, os servidores defendem que a presid\u00eancia deixe de ser uma indica\u00e7\u00e3o direta do presidente da Rep\u00fablica \u2013 como ocorreu com Pochmann \u2013 e passe a seguir uma lista tr\u00edplice eleita pelos pr\u00f3prios servidores, modelo j\u00e1 adotado em outras institui\u00e7\u00f5es p\u00fablicas.<\/p>\n<p class=\"postParagraph_post-paragraph__juWZN postParagraph_post-paragraph-innerHtml__Q5vwc\">O abaixo-assinado tamb\u00e9m menciona a PEC 27\/2021, que prop\u00f5e transformar \u00f3rg\u00e3os como IBGE, Inep, Ipea, Capes e CNPq em institui\u00e7\u00f5es permanentes de Estado, com maior autonomia t\u00e9cnica e or\u00e7ament\u00e1ria. Para os signat\u00e1rios, a proposta \u201creflete a compreens\u00e3o de que a autonomia t\u00e9cnica do IBGE precisa de salvaguarda estrutural\u201d.<\/p>\n<\/div>\n<p><br \/>\n<br \/>Fonte: <a href=\"https:\/\/www.gazetadopovo.com.br\/republica\/servidores-ibge-abaixo-assinado-contra-presidente-defesa-autonomia\/\">Revista Oeste<\/a><\/p>\n","protected":false},"excerpt":{"rendered":"<p>Servidores do IBGE divulgaram uma carta aberta acompanhada de um abaixo-assinado em que denunciam a\u00e7\u00f5es de repres\u00e1lia dentro do \u00f3rg\u00e3o e pedem apoio p\u00fablico \u00e0 autonomia institucional, al\u00e9m de mudan\u00e7as no modelo de escolha da presid\u00eancia. O movimento intensifica a crise interna com a gest\u00e3o de Marcio Pochmann, escolhido pelo presidente Luiz In\u00e1cio Lula da [&hellip;]<\/p>\n","protected":false},"author":5,"featured_media":64731,"comment_status":"open","ping_status":"open","sticky":false,"template":"","format":"standard","meta":{"_seopress_robots_primary_cat":"","_seopress_titles_title":"","_seopress_titles_desc":"","_seopress_robots_index":"","footnotes":""},"categories":[1],"tags":[],"class_list":["post-64730","post","type-post","status-publish","format-standard","has-post-thumbnail","hentry","category-ultimas-noticias"],"_links":{"self":[{"href":"https:\/\/mussicom.com\/noticias\/wp-json\/wp\/v2\/posts\/64730","targetHints":{"allow":["GET"]}}],"collection":[{"href":"https:\/\/mussicom.com\/noticias\/wp-json\/wp\/v2\/posts"}],"about":[{"href":"https:\/\/mussicom.com\/noticias\/wp-json\/wp\/v2\/types\/post"}],"author":[{"embeddable":true,"href":"https:\/\/mussicom.com\/noticias\/wp-json\/wp\/v2\/users\/5"}],"replies":[{"embeddable":true,"href":"https:\/\/mussicom.com\/noticias\/wp-json\/wp\/v2\/comments?post=64730"}],"version-history":[{"count":0,"href":"https:\/\/mussicom.com\/noticias\/wp-json\/wp\/v2\/posts\/64730\/revisions"}],"wp:featuredmedia":[{"embeddable":true,"href":"https:\/\/mussicom.com\/noticias\/wp-json\/wp\/v2\/media\/64731"}],"wp:attachment":[{"href":"https:\/\/mussicom.com\/noticias\/wp-json\/wp\/v2\/media?parent=64730"}],"wp:term":[{"taxonomy":"category","embeddable":true,"href":"https:\/\/mussicom.com\/noticias\/wp-json\/wp\/v2\/categories?post=64730"},{"taxonomy":"post_tag","embeddable":true,"href":"https:\/\/mussicom.com\/noticias\/wp-json\/wp\/v2\/tags?post=64730"}],"curies":[{"name":"wp","href":"https:\/\/api.w.org\/{rel}","templated":true}]}}