{"id":64705,"date":"2026-02-25T14:54:15","date_gmt":"2026-02-25T17:54:15","guid":{"rendered":"https:\/\/mussicom.com\/calendario-de-pagamentos-do-pe-de-meia-de-2026-e-adaptado-aos-cronogramas-das-redes-de-ensino\/"},"modified":"2026-02-25T14:54:15","modified_gmt":"2026-02-25T17:54:15","slug":"calendario-de-pagamentos-do-pe-de-meia-de-2026-e-adaptado-aos-cronogramas-das-redes-de-ensino","status":"publish","type":"post","link":"https:\/\/mussicom.com\/noticias\/calendario-de-pagamentos-do-pe-de-meia-de-2026-e-adaptado-aos-cronogramas-das-redes-de-ensino\/","title":{"rendered":"Calend\u00e1rio de pagamentos do P\u00e9-de-Meia de 2026 \u00e9 adaptado aos cronogramas das redes de ensino"},"content":{"rendered":"<p> <br \/>\n<\/p>\n<div id=\"texto\">\n<p>O Governo do Brasil, por meio do Minist\u00e9rio da Educa\u00e7\u00e3o (MEC), publicou nesta quinta-feira, 19 de fevereiro, a\u00a0<strong>Portaria n\u00ba 169\/2026<\/strong>, que estabelece o calend\u00e1rio de 2026 do\u00a0<strong>P\u00e9-de-Meia<\/strong>. A portaria traz mudan\u00e7as para adaptar o funcionamento do programa de incentivo financeiro-educacional aos diversos calend\u00e1rios das redes de ensino de todo o pa\u00eds.<br \/>&#13;<br \/>\n\u00a0<\/p>\n<p>O cronograma estabelece 15 datas para transmiss\u00e3o de dados pelas secretarias de educa\u00e7\u00e3o, de forma a ampliar tamb\u00e9m as oportunidades de comprova\u00e7\u00e3o de frequ\u00eancia.<br \/>&#13;<br \/>\n\u00a0<\/p>\n<p>A mudan\u00e7a n\u00e3o aumenta o n\u00famero de parcelas que os estudantes podem receber, que seguem sendo at\u00e9 nove de R$ 200 pela frequ\u00eancia, ao longo do ano, para jovens do ensino regular, ou at\u00e9 quatro parcelas por semestre para alunos da educa\u00e7\u00e3o de jovens e adultos (EJA). Al\u00e9m disso, o benefici\u00e1rio do P\u00e9-de-Meia em 2026 pode receber parcelas pela matr\u00edcula, pela aprova\u00e7\u00e3o no ano letivo e pela participa\u00e7\u00e3o no Exame Nacional do Ensino M\u00e9dio (Enem).<br \/>&#13;<br \/>\n\u00a0<\/p>\n<p><strong>Confira o calend\u00e1rio completo de pagamentos do P\u00e9-de-Meia em 2026:<\/strong><br \/>&#13;<br \/>\n\u00a0<\/p>\n<table align=\"left\" style=\"width:768px\">&#13;<\/p>\n<tbody>&#13;<\/p>\n<tr width=\"768\">&#13;<\/p>\n<td width=\"768\">&#13;<\/p>\n<table>&#13;<\/p>\n<tbody>&#13;<\/p>\n<tr>&#13;<\/p>\n<td>&#13;<\/p>\n<p><strong>M\u00eas de refer\u00eancia para o envio dos dados<\/strong><\/p>\n<p>&#13;\n\t\t\t\t\t\t<\/td>\n<p>&#13;<\/p>\n<td>&#13;<\/p>\n<p><strong>Per\u00edodo de pagamento<\/strong><\/p>\n<p>&#13;\n\t\t\t\t\t\t<\/td>\n<p>&#13;<\/p>\n<td>&#13;<\/p>\n<p><strong>Parcelas para EJA<\/strong><\/p>\n<p>&#13;\n\t\t\t\t\t\t<\/td>\n<p>&#13;<\/p>\n<td>&#13;<\/p>\n<p><strong>Parcelas para ensino regular<\/strong><\/p>\n<p>&#13;\n\t\t\t\t\t\t<\/td>\n<p>&#13;<br \/>\n\t\t\t\t\t<\/tr>\n<p>&#13;<\/p>\n<tr>&#13;<\/p>\n<td>&#13;<\/p>\n<p>Janeiro 2026<\/p>\n<p>&#13;\n\t\t\t\t\t\t<\/td>\n<p>&#13;<\/p>\n<td>&#13;<\/p>\n<p>23 a 30 de mar\u00e7o de 2026<\/p>\n<p>&#13;\n\t\t\t\t\t\t<\/td>\n<p>&#13;<\/p>\n<td rowspan=\"4\">&#13;<\/p>\n<p>Parcela pela matr\u00edcula (pagamento \u00fanico) + at\u00e9 quatro parcelas pela frequ\u00eancia (para quem atingir o m\u00ednimo de 80%)<\/p>\n<p>&#13;\n\t\t\t\t\t\t<\/td>\n<p>&#13;<\/p>\n<td rowspan=\"10\">&#13;<\/p>\n<p>Parcela pela matr\u00edcula (pagamento \u00fanico) + at\u00e9 nove parcelas pela frequ\u00eancia (para quem atingir o m\u00ednimo de 80%)<br \/>&#13;<br \/>\n\t\t\t\t\t\t\u00a0<\/p>\n<p>&#13;\n\t\t\t\t\t\t<\/td>\n<p>&#13;<br \/>\n\t\t\t\t\t<\/tr>\n<p>&#13;<\/p>\n<tr>&#13;<\/p>\n<td>&#13;<\/p>\n<p>Fevereiro 2026<\/p>\n<p>&#13;\n\t\t\t\t\t\t<\/td>\n<p>&#13;<\/p>\n<td>&#13;<\/p>\n<p>27 de abril a 4 de maio de 2026<\/p>\n<p>&#13;\n\t\t\t\t\t\t<\/td>\n<p>&#13;<br \/>\n\t\t\t\t\t<\/tr>\n<p>&#13;<\/p>\n<tr>&#13;<\/p>\n<td>&#13;<\/p>\n<p>Mar\u00e7o 2026<\/p>\n<p>&#13;\n\t\t\t\t\t\t<\/td>\n<p>&#13;<\/p>\n<td>&#13;<\/p>\n<p>25 de maio a 1\u00ba de junho de 2026<\/p>\n<p>&#13;\n\t\t\t\t\t\t<\/td>\n<p>&#13;<br \/>\n\t\t\t\t\t<\/tr>\n<p>&#13;<\/p>\n<tr>&#13;<\/p>\n<td>&#13;<\/p>\n<p>Abril 2026<\/p>\n<p>&#13;\n\t\t\t\t\t\t<\/td>\n<p>&#13;<\/p>\n<td>&#13;<\/p>\n<p>29 de junho a 6 de julho de 2026<\/p>\n<p>&#13;\n\t\t\t\t\t\t<\/td>\n<p>&#13;<br \/>\n\t\t\t\t\t<\/tr>\n<p>&#13;<\/p>\n<tr>&#13;<\/p>\n<td>&#13;<\/p>\n<p>Maio e junho 2026<\/p>\n<p>&#13;\n\t\t\t\t\t\t<\/td>\n<p>&#13;<\/p>\n<td>&#13;<\/p>\n<p>24 a 31 de agosto de 2026*<\/p>\n<p>&#13;\n\t\t\t\t\t\t<\/td>\n<p>&#13;<\/p>\n<td>&#13;<\/p>\n<p>Parcela de conclus\u00e3o para estudantes da EJA com aprova\u00e7\u00e3o no primeiro semestre<\/p>\n<p>&#13;\n\t\t\t\t\t\t<\/td>\n<p>&#13;<br \/>\n\t\t\t\t\t<\/tr>\n<p>&#13;<\/p>\n<tr>&#13;<\/p>\n<td>&#13;<\/p>\n<p>Julho 2026<\/p>\n<p>&#13;\n\t\t\t\t\t\t<\/td>\n<p>&#13;<\/p>\n<td>&#13;<\/p>\n<p>21 a 28 de setembro de 2026<\/p>\n<p>&#13;\n\t\t\t\t\t\t<\/td>\n<p>&#13;<\/p>\n<td rowspan=\"5\">&#13;<\/p>\n<p>At\u00e9 quatro parcelas de frequ\u00eancia (para quem atingir o m\u00ednimo de 80%)<\/p>\n<p>&#13;\n\t\t\t\t\t\t<\/td>\n<p>&#13;<br \/>\n\t\t\t\t\t<\/tr>\n<p>&#13;<\/p>\n<tr>&#13;<\/p>\n<td>&#13;<\/p>\n<p>Agosto 2026<\/p>\n<p>&#13;\n\t\t\t\t\t\t<\/td>\n<p>&#13;<\/p>\n<td>&#13;<\/p>\n<p>19 a 26 de outubro de 2026<\/p>\n<p>&#13;\n\t\t\t\t\t\t<\/td>\n<p>&#13;<br \/>\n\t\t\t\t\t<\/tr>\n<p>&#13;<\/p>\n<tr>&#13;<\/p>\n<td>&#13;<\/p>\n<p>Setembro 2026<\/p>\n<p>&#13;\n\t\t\t\t\t\t<\/td>\n<p>&#13;<\/p>\n<td>&#13;<\/p>\n<p>23 a 30 de novembro de 2026<\/p>\n<p>&#13;\n\t\t\t\t\t\t<\/td>\n<p>&#13;<br \/>\n\t\t\t\t\t<\/tr>\n<p>&#13;<\/p>\n<tr>&#13;<\/p>\n<td>&#13;<\/p>\n<p>Outubro 2026<\/p>\n<p>&#13;\n\t\t\t\t\t\t<\/td>\n<p>&#13;<\/p>\n<td>&#13;<\/p>\n<p>21 a 28 de dezembro de 2026<\/p>\n<p>&#13;\n\t\t\t\t\t\t<\/td>\n<p>&#13;<br \/>\n\t\t\t\t\t<\/tr>\n<p>&#13;<\/p>\n<tr>&#13;<\/p>\n<td>&#13;<\/p>\n<p>Novembro 2026<\/p>\n<p>&#13;\n\t\t\t\t\t\t<\/td>\n<p>&#13;<\/p>\n<td>&#13;<\/p>\n<p>25 de janeiro a 1\u00ba de fevereiro de 2027<\/p>\n<p>&#13;\n\t\t\t\t\t\t<\/td>\n<p>&#13;<br \/>\n\t\t\t\t\t<\/tr>\n<p>&#13;<\/p>\n<tr>&#13;<\/p>\n<td>&#13;<\/p>\n<p>Dezembro 2026<\/p>\n<p>&#13;\n\t\t\t\t\t\t<\/td>\n<p>&#13;<\/p>\n<td>&#13;<\/p>\n<p>22 de fevereiro a 1\u00ba de mar\u00e7o de 2027<\/p>\n<p>&#13;\n\t\t\t\t\t\t<\/td>\n<p>&#13;<\/p>\n<td>&#13;<\/p>\n<p>Parcela pela aprova\u00e7\u00e3o + parcela extra por participa\u00e7\u00e3o no Enem (concluintes que tenham feito os dois dias do exame)<\/p>\n<p>&#13;\n\t\t\t\t\t\t<\/td>\n<p>&#13;<\/p>\n<td>&#13;<\/p>\n<p>Parcela pela aprova\u00e7\u00e3o + parcela extra por participa\u00e7\u00e3o no Enem (concluintes que tenham feito os dois dias do exame) + parcelas residuais de frequ\u00eancia<\/p>\n<p>&#13;\n\t\t\t\t\t\t<\/td>\n<p>&#13;<br \/>\n\t\t\t\t\t<\/tr>\n<p>&#13;<\/p>\n<tr>&#13;<\/p>\n<td>&#13;<\/p>\n<p>Janelas Residuais\/corre\u00e7\u00f5es<\/p>\n<p>&#13;\n\t\t\t\t\t\t<\/td>\n<p>&#13;<\/p>\n<td>&#13;<\/p>\n<p>Mar\u00e7o a junho de 2027<\/p>\n<p>&#13;\n\t\t\t\t\t\t<\/td>\n<p>&#13;<\/p>\n<td>&#13;<\/p>\n<p>Parcelas geradas ap\u00f3s a corre\u00e7\u00e3o de dados<\/p>\n<p>&#13;\n\t\t\t\t\t\t<\/td>\n<p>&#13;<\/p>\n<td>&#13;<\/p>\n<p>Parcelas geradas ap\u00f3s a corre\u00e7\u00e3o de dados<\/p>\n<p>&#13;\n\t\t\t\t\t\t<\/td>\n<p>&#13;<br \/>\n\t\t\t\t\t<\/tr>\n<p>&#13;<br \/>\n\t\t\t\t<\/tbody>\n<p>&#13;<br \/>\n\t\t\t<\/table>\n<p>&#13;\n\t\t\t<\/td>\n<p>&#13;<br \/>\n\t\t<\/tr>\n<p>&#13;<br \/>\n\t<\/tbody>\n<p>&#13;<br \/>\n<\/table>\n<p>\u00a0<\/p>\n<p>\u00a0<\/p>\n<p>\u00a0<\/p>\n<p>\u00a0<\/p>\n<p>\u00a0<\/p>\n<p>\u00a0<\/p>\n<p>\u00a0<\/p>\n<p>\u00a0<\/p>\n<p>\u00a0<\/p>\n<p>\u00a0<\/p>\n<p>\u00a0<\/p>\n<p>\u00a0<\/p>\n<p>\u00a0<\/p>\n<p>\u00a0<\/p>\n<p>\u00a0<\/p>\n<p>\u00a0<\/p>\n<p>\u00a0<\/p>\n<p>\u00a0<\/p>\n<p>\u00a0<\/p>\n<p>\u00a0<\/p>\n<p>\u00a0<\/p>\n<p>\u00a0<\/p>\n<p>\u00a0<\/p>\n<p>\u00a0<\/p>\n<p>\u00a0<\/p>\n<p>\u00a0<\/p>\n<p>\u00a0<\/p>\n<p>\u00a0<\/p>\n<p>\u00a0<\/p>\n<p>\u00a0<\/p>\n<p>\u00a0<\/p>\n<p>\u00a0<\/p>\n<p><strong>CAD\u00daNICO E DATA-BASE<\/strong>\u00a0\u2013 Em 2026, o programa continua a beneficiar estudantes de fam\u00edlias cadastradas<br \/>&#13;<br \/>\nno Cadastro \u00danico (Cad\u00danico). O MEC verificar\u00e1 se o jovem pode participar do programa a partir dos dados do Cad\u00danico inclu\u00eddos at\u00e9 a data-base de 7 de agosto de 2026 \u2014 ou seja, estudantes cujas fam\u00edlias estavam cadastradas at\u00e9 essa data com a renda de at\u00e9 meio sal\u00e1rio m\u00ednimo por pessoa ser\u00e3o automaticamente inclu\u00eddos no programa neste novo ano, contanto que se enquadrem nos demais\u00a0<strong>crit\u00e9rios de participa\u00e7\u00e3o<\/strong>.<\/p>\n<p>\u00a0<\/p>\n<p>Quem entrar no P\u00e9-de-Meia neste ano receber\u00e1 o incentivo a partir do momento da sua inclus\u00e3o, mas n\u00e3o ter\u00e1 direito aos pagamentos anteriores. Por\u00e9m, uma vez que o estudante \u00e9 considerado eleg\u00edvel, essa condi\u00e7\u00e3o permanece v\u00e1lida at\u00e9 o encerramento do calend\u00e1rio de 2026.<br \/>&#13;<br \/>\n\u00a0<\/p>\n<p><strong>PRAZO DE MATR\u00cdCULA<\/strong>\u00a0\u2013 Outra mudan\u00e7a trazida pela portaria \u00e9 que o prazo para o estudante efetuar sua matr\u00edcula \u2014 que deve ser de at\u00e9 dois meses ap\u00f3s o in\u00edcio das aulas \u2014 passa a ser uma exig\u00eancia apenas para o recebimento da parcela de matr\u00edcula. Se o estudante se matricular em um per\u00edodo posterior, apesar de n\u00e3o ter direito \u00e0 parcela referente \u00e0 matr\u00edcula, ainda pode receber os incentivos pela frequ\u00eancia e pela aprova\u00e7\u00e3o no ano letivo, desde que cumpra os crit\u00e9rios para o recebimento dessas parcelas.<br \/>&#13;<br \/>\n\u00a0<\/p>\n<p><strong>CONCLUS\u00c3O E ENEM 2025<\/strong>\u00a0\u2013 Os \u00faltimos pagamentos do calend\u00e1rio de 2025 acontecer\u00e3o entre 26 de fevereiro e 5 de mar\u00e7o. Estudantes que foram aprovados no ano letivo receber\u00e3o uma parcela de R$ 1.000, que s\u00f3 poder\u00e1 ser sacada caso o aluno tenha conclu\u00eddo todo o ensino m\u00e9dio no ano passado. Quem estava no \u00faltimo ano em 2025 e participou dos dois dias do Enem tamb\u00e9m receber\u00e1 e poder\u00e1 sacar uma parcela de R$ 200.<br \/>&#13;<br \/>\n\u00a0<\/p>\n<p><strong>SOBRE O <\/strong><strong>P\u00c9-DE-MEIA<\/strong>\u2013O programa de incentivo financeiro-educacional\u00e9voltado a estudantes matriculados no ensino m\u00e9dio p\u00fablico einscritos no Cad\u00danico. Funciona como uma poupan\u00e7a para promover a perman\u00eancia e a conclus\u00e3o escolar de estudantes nessa etapa de ensino. O objetivo \u00e9 democratizar o acesso e reduzir a desigualdade social entre os jovens, al\u00e9m de fomentar a inclus\u00e3o educacional e estimular a mobilidade social.<\/p>\n<p>O P\u00e9-de-Meia foi institu\u00eddo pela<strong>Lei<\/strong><strong> n\u00ba 14.818\/2024<\/strong>, que estabeleceu o incentivo financeiro-educacional na modalidade de poupan\u00e7a, e regulamentado pelo<strong>Decreto<\/strong><strong> n\u00ba 11.901\/2024<\/strong>, que definiu as diretrizes operacionais do programa.<\/p>\n<p>\u00a0<\/p>\n<p>\u00a0<\/p>\n<p><em><strong>Fonte:<\/strong>\u00a0Secretaria de Comunica\u00e7\u00e3o Social da Presid\u00eancia da Rep\u00fablica<\/em>\u00a0<\/p>\n<\/p><\/div>\n<p><script async defer crossorigin=\"anonymous\" src=\"https:\/\/connect.facebook.net\/pt_BR\/sdk.js#xfbml=1&#038;version=v12.0&#038;appId=&#038;autoLogAppEvents=1\" nonce=\"ou0fI1lo\"><\/script><br \/>\n<br \/><br \/>\n<br \/>Fonte: <a href=\"https:\/\/www.bs9.com.br\/brasil\/calendario-de-pagamentos-do-pe-de-meia-de-2026-e-adaptado-aos\/37869\/\">BS9<\/a><\/p>\n","protected":false},"excerpt":{"rendered":"<p>O Governo do Brasil, por meio do Minist\u00e9rio da Educa\u00e7\u00e3o (MEC), publicou nesta quinta-feira, 19 de fevereiro, a\u00a0Portaria n\u00ba 169\/2026, que estabelece o calend\u00e1rio de 2026 do\u00a0P\u00e9-de-Meia. A portaria traz mudan\u00e7as para adaptar o funcionamento do programa de incentivo financeiro-educacional aos diversos calend\u00e1rios das redes de ensino de todo o pa\u00eds.&#13; \u00a0 O cronograma estabelece [&hellip;]<\/p>\n","protected":false},"author":5,"featured_media":64706,"comment_status":"open","ping_status":"open","sticky":false,"template":"","format":"standard","meta":{"_seopress_robots_primary_cat":"","_seopress_titles_title":"","_seopress_titles_desc":"","_seopress_robots_index":"","footnotes":""},"categories":[52],"tags":[],"class_list":["post-64705","post","type-post","status-publish","format-standard","has-post-thumbnail","hentry","category-santoseregiao"],"_links":{"self":[{"href":"https:\/\/mussicom.com\/noticias\/wp-json\/wp\/v2\/posts\/64705","targetHints":{"allow":["GET"]}}],"collection":[{"href":"https:\/\/mussicom.com\/noticias\/wp-json\/wp\/v2\/posts"}],"about":[{"href":"https:\/\/mussicom.com\/noticias\/wp-json\/wp\/v2\/types\/post"}],"author":[{"embeddable":true,"href":"https:\/\/mussicom.com\/noticias\/wp-json\/wp\/v2\/users\/5"}],"replies":[{"embeddable":true,"href":"https:\/\/mussicom.com\/noticias\/wp-json\/wp\/v2\/comments?post=64705"}],"version-history":[{"count":0,"href":"https:\/\/mussicom.com\/noticias\/wp-json\/wp\/v2\/posts\/64705\/revisions"}],"wp:featuredmedia":[{"embeddable":true,"href":"https:\/\/mussicom.com\/noticias\/wp-json\/wp\/v2\/media\/64706"}],"wp:attachment":[{"href":"https:\/\/mussicom.com\/noticias\/wp-json\/wp\/v2\/media?parent=64705"}],"wp:term":[{"taxonomy":"category","embeddable":true,"href":"https:\/\/mussicom.com\/noticias\/wp-json\/wp\/v2\/categories?post=64705"},{"taxonomy":"post_tag","embeddable":true,"href":"https:\/\/mussicom.com\/noticias\/wp-json\/wp\/v2\/tags?post=64705"}],"curies":[{"name":"wp","href":"https:\/\/api.w.org\/{rel}","templated":true}]}}