{"id":64631,"date":"2026-02-25T06:47:14","date_gmt":"2026-02-25T09:47:14","guid":{"rendered":"https:\/\/mussicom.com\/safra-de-uva-mantem-ritmo-de-vendas\/"},"modified":"2026-02-25T06:47:14","modified_gmt":"2026-02-25T09:47:14","slug":"safra-de-uva-mantem-ritmo-de-vendas","status":"publish","type":"post","link":"https:\/\/mussicom.com\/noticias\/safra-de-uva-mantem-ritmo-de-vendas\/","title":{"rendered":"Safra de uva mant\u00e9m ritmo de vendas"},"content":{"rendered":"<p> <br \/>\n<\/p>\n<div>\n<p style=\"text-align:justify\">Produtores de uva na regi\u00e3o administrativa de Bag\u00e9 mant\u00eam tratamentos fitossanit\u00e1rios preventivos, conforme o Informativo Conjuntural divulgado na quinta-feira (19) pela Emater\/RS-Ascar. Segundo o \u00f3rg\u00e3o, as condi\u00e7\u00f5es clim\u00e1ticas t\u00eam contribu\u00eddo para a sanidade dos parreirais, que se encontram majoritariamente em fase de matura\u00e7\u00e3o. A produ\u00e7\u00e3o \u00e9 destinada, em sua maior parte, \u00e0s vin\u00edcolas da Serra Ga\u00facha, com fluxo regular de comercializa\u00e7\u00e3o. Em Hulha Negra, iniciou a colheita para consumo in natura e processamento. As principais variedades cultivadas s\u00e3o Isabel, Ni\u00e1gara, Bord\u00f4, Violeta e Concord, comercializadas nas feiras de Bag\u00e9 e Hulha Negra por cerca de R$ 8,00\/kg. Em Quara\u00ed, aproximadamente 20% dos 96 hectares implantados j\u00e1 foram colhidos, principalmente com variedades de mesa e brancas vin\u00edferas.&#13;\n<\/p>\n<p style=\"text-align:justify\">Na regi\u00e3o de Caxias do Sul, o tempo seco favoreceu a sanidade dos vinhedos e o avan\u00e7o da matura\u00e7\u00e3o, com eleva\u00e7\u00e3o dos teores de a\u00e7\u00facar. Apesar disso, foram registrados casos pontuais de podrid\u00e3o-da-uva-madura, exigindo aten\u00e7\u00e3o no manejo e na defini\u00e7\u00e3o do ponto de colheita. Na Ceasa\/Serra, o pre\u00e7o da uva Ni\u00e1gara recuou de R$ 4,30 para R$ 4,00\/kg na \u00faltima semana. Na venda direta na propriedade, as variedades americanas, como as Ni\u00e1garas, s\u00e3o negociadas entre R$ 2,00 e R$ 3,00\/kg, enquanto as vin\u00edferas e cultivares BRS para consumo in natura variam de R$ 5,00 a R$ 8,00\/kg, conforme qualidade e destino.<\/p>\n<p style=\"text-align:justify\">Na regi\u00e3o de Erechim, a safra apresenta desempenho satisfat\u00f3rio, com pre\u00e7os entre R$ 3,00 e R$ 6,00\/kg, a depender da cultivar e do canal de comercializa\u00e7\u00e3o. Para uvas de mesa com melhor calibre e apar\u00eancia, os valores podem chegar a R$ 15,00\/kg. A produtividade m\u00e9dia superou 20 toneladas por hectare neste ciclo.&#13;\n<\/p>\n<p style=\"text-align:justify\">Em Frederico Westphalen, a aus\u00eancia de precipita\u00e7\u00f5es significativas e a elevada insola\u00e7\u00e3o favoreceram a sanidade e o incremento do grau Brix. As cultivares Bord\u00f4, Ni\u00e1gara Rosada, Ni\u00e1gara Branca e Lorena est\u00e3o em fase final de colheita. Seyve Villard e Carmem seguem em colheita, enquanto a BRS Magna j\u00e1 teve a colheita conclu\u00edda. Entre as variedades destinadas ao consumo in natura, 95,46% da produ\u00e7\u00e3o foi colhida e comercializada, com produtividade m\u00e9dia de 19.586 kg\/ha. Nas cultivares para processamento, 76% da produ\u00e7\u00e3o foi comercializada, com m\u00e9dia de 19.536 kg\/ha. Considerando a \u00e1rea total prevista para a safra 2025\/2026, 87,95% j\u00e1 foram comercializados.<\/p>\n<p style=\"text-align:justify\">Na regi\u00e3o de Iju\u00ed, a colheita das uvas de mesa de cultivares americanas est\u00e1 em fase de encerramento. Os produtores concentram esfor\u00e7os em pr\u00e1ticas de recupera\u00e7\u00e3o fisiol\u00f3gica, reposi\u00e7\u00e3o nutricional e manuten\u00e7\u00e3o fitossanit\u00e1ria das plantas.<\/p>\n<p style=\"text-align:justify\">Em Passo Fundo, a colheita segue em andamento, com padr\u00e3o de qualidade adequado tanto para consumo in natura quanto para processamento. A uva de mesa \u00e9 comercializada ao pre\u00e7o m\u00e9dio de R$ 6,00\/kg, enquanto as vin\u00edferas est\u00e3o em torno de R$ 3,00\/kg. De forma geral, o cen\u00e1rio produtivo \u00e9 considerado dentro dos par\u00e2metros esperados para o per\u00edodo de safra.&#13;\n<\/p>\n<p style=\"text-align:justify\">Na regi\u00e3o de Pelotas, a colheita est\u00e1 na fase final, com produtividades de at\u00e9 30 toneladas por hectare. Segundo a Emater\/RS-Ascar, a qualidade das uvas foi favorecida pelo predom\u00ednio de tempo seco, com redu\u00e7\u00e3o na incid\u00eancia de doen\u00e7as. A comercializa\u00e7\u00e3o ocorre majoritariamente na pr\u00f3pria regi\u00e3o, com pre\u00e7os entre R$ 2,80 e R$ 4,00\/kg, conforme qualidade e canal de venda. A expectativa final de produ\u00e7\u00e3o pode se consolidar pr\u00f3xima a 30 t\/ha.<\/p>\n<\/p><\/div>\n<p><script data-cfasync=\"false\">\n    !function (f, b, e, v, n, t, s) {\n        if (f.fbq) return; n = f.fbq = function () {\n            n.callMethod ?\n                n.callMethod.apply(n, arguments) : n.queue.push(arguments)\n        };\n        if (!f._fbq) f._fbq = n; n.push = n; n.loaded = !0; n.version = '2.0';\n        n.queue = []; t = b.createElement(e); t.async = !0;\n        t.src = v; s = b.getElementsByTagName(e)[0];\n        s.parentNode.insertBefore(t, s)\n    }(window, document, 'script',\n        'https:\/\/connect.facebook.net\/en_US\/fbevents.js');\n    fbq('init', '522546078623747');\n    fbq('track', 'PageView');\n<\/script><br \/>\n<br \/><br \/>\n<br \/>Fonte: <a href=\"https:\/\/www.agrolink.com.br\/noticias\/safra-de-uva-mantem-ritmo-de-vendas_511303.html\">AGROLINK<\/a><\/p>\n","protected":false},"excerpt":{"rendered":"<p>Produtores de uva na regi\u00e3o administrativa de Bag\u00e9 mant\u00eam tratamentos fitossanit\u00e1rios preventivos, conforme o Informativo Conjuntural divulgado na quinta-feira (19) pela Emater\/RS-Ascar. Segundo o \u00f3rg\u00e3o, as condi\u00e7\u00f5es clim\u00e1ticas t\u00eam contribu\u00eddo para a sanidade dos parreirais, que se encontram majoritariamente em fase de matura\u00e7\u00e3o. A produ\u00e7\u00e3o \u00e9 destinada, em sua maior parte, \u00e0s vin\u00edcolas da Serra [&hellip;]<\/p>\n","protected":false},"author":5,"featured_media":38850,"comment_status":"open","ping_status":"open","sticky":false,"template":"","format":"standard","meta":{"_seopress_robots_primary_cat":"","_seopress_titles_title":"","_seopress_titles_desc":"","_seopress_robots_index":"","footnotes":""},"categories":[53],"tags":[],"class_list":["post-64631","post","type-post","status-publish","format-standard","has-post-thumbnail","hentry","category-agronegocio"],"_links":{"self":[{"href":"https:\/\/mussicom.com\/noticias\/wp-json\/wp\/v2\/posts\/64631","targetHints":{"allow":["GET"]}}],"collection":[{"href":"https:\/\/mussicom.com\/noticias\/wp-json\/wp\/v2\/posts"}],"about":[{"href":"https:\/\/mussicom.com\/noticias\/wp-json\/wp\/v2\/types\/post"}],"author":[{"embeddable":true,"href":"https:\/\/mussicom.com\/noticias\/wp-json\/wp\/v2\/users\/5"}],"replies":[{"embeddable":true,"href":"https:\/\/mussicom.com\/noticias\/wp-json\/wp\/v2\/comments?post=64631"}],"version-history":[{"count":0,"href":"https:\/\/mussicom.com\/noticias\/wp-json\/wp\/v2\/posts\/64631\/revisions"}],"wp:featuredmedia":[{"embeddable":true,"href":"https:\/\/mussicom.com\/noticias\/wp-json\/wp\/v2\/media\/38850"}],"wp:attachment":[{"href":"https:\/\/mussicom.com\/noticias\/wp-json\/wp\/v2\/media?parent=64631"}],"wp:term":[{"taxonomy":"category","embeddable":true,"href":"https:\/\/mussicom.com\/noticias\/wp-json\/wp\/v2\/categories?post=64631"},{"taxonomy":"post_tag","embeddable":true,"href":"https:\/\/mussicom.com\/noticias\/wp-json\/wp\/v2\/tags?post=64631"}],"curies":[{"name":"wp","href":"https:\/\/api.w.org\/{rel}","templated":true}]}}