{"id":64568,"date":"2026-02-24T20:34:17","date_gmt":"2026-02-24T23:34:17","guid":{"rendered":"https:\/\/mussicom.com\/caecs-de-guaruja-tem-vagas-para-cursos-profissionalizantes\/"},"modified":"2026-02-24T20:34:17","modified_gmt":"2026-02-24T23:34:17","slug":"caecs-de-guaruja-tem-vagas-para-cursos-profissionalizantes","status":"publish","type":"post","link":"https:\/\/mussicom.com\/noticias\/caecs-de-guaruja-tem-vagas-para-cursos-profissionalizantes\/","title":{"rendered":"Caecs de Guaruj\u00e1 t\u00eam vagas para cursos profissionalizantes"},"content":{"rendered":"<p> <br \/>\n<\/p>\n<div>\n<p>A Prefeitura de Guaruj\u00e1 abriu inscri\u00e7\u00f5es para cursos gratuitos de Ajudante de Cozinha e de Confeitaria B\u00e1sica.<\/p>\n<p>Para o primeiro curso as inscri\u00e7\u00f5es est\u00e3o abertas at\u00e9 sexta-feira (27). Para participar, \u00e9 necess\u00e1rio ter 18 anos ou mais e apresentar c\u00f3pias do RG e do comprovante de resid\u00eancia, no Caec Capit\u00e3o Dante Sin\u00f3poli (Alameda Dracena, 513 \u2013 Vila \u00c1urea).<\/p>\n<p>A capacita\u00e7\u00e3o \u00e9 fruto de uma parceria com entre o Fundo Social de Solidariedade de Guaruj\u00e1 (FSS) e o Sindicato de Hot\u00e9is, Restaurantes, Bares e Similares da Baixada Santista e Vale do Ribeira (Sinhores), com apoio da Secretaria Municipal de Educa\u00e7\u00e3o (Seduc).<\/p>\n<p>O curso ser\u00e1 ministrado de 17 a 20 de mar\u00e7o, das 13 \u00e0s 16h30. As vagas s\u00e3o destinadas exclusivamente a pessoas interessadas em ingressar no mercado de trabalho.<\/p>\n<p><strong>CONFEITARIA B\u00c1SICA<\/strong><\/p>\n<p>As inscri\u00e7\u00f5es para o curso gratuito de Confeitaria B\u00e1sica seguem at\u00e9 o dia 8 de mar\u00e7o, exclusivamente pelo site www.cultsppro.org.br.<\/p>\n<p>O curso ser\u00e1 realizado no Caec Prof\u00aa M\u00e1rcia Regina (Avenida M\u00e1rio Daige, 1440 \u2013 Jardim Boa Esperan\u00e7a), no per\u00edodo de 9 de abril a 28 de maio, sempre \u00e0s quintas-feiras, das 14 \u00e0s 18 horas.<\/p>\n<\/div>\n<p><br \/>\n<br \/>Fonte: <a href=\"https:\/\/jornaldaorla.com.br\/noticias\/caecs-de-guaruja-tem-vagas-para-cursos-profissionalizantes\/\">Jornal Da Orla<\/a><\/p>\n","protected":false},"excerpt":{"rendered":"<p>A Prefeitura de Guaruj\u00e1 abriu inscri\u00e7\u00f5es para cursos gratuitos de Ajudante de Cozinha e de Confeitaria B\u00e1sica. Para o primeiro curso as inscri\u00e7\u00f5es est\u00e3o abertas at\u00e9 sexta-feira (27). Para participar, \u00e9 necess\u00e1rio ter 18 anos ou mais e apresentar c\u00f3pias do RG e do comprovante de resid\u00eancia, no Caec Capit\u00e3o Dante Sin\u00f3poli (Alameda Dracena, 513 [&hellip;]<\/p>\n","protected":false},"author":5,"featured_media":64569,"comment_status":"open","ping_status":"open","sticky":false,"template":"","format":"standard","meta":{"_seopress_robots_primary_cat":"","_seopress_titles_title":"","_seopress_titles_desc":"","_seopress_robots_index":"","footnotes":""},"categories":[52],"tags":[],"class_list":["post-64568","post","type-post","status-publish","format-standard","has-post-thumbnail","hentry","category-santoseregiao"],"_links":{"self":[{"href":"https:\/\/mussicom.com\/noticias\/wp-json\/wp\/v2\/posts\/64568","targetHints":{"allow":["GET"]}}],"collection":[{"href":"https:\/\/mussicom.com\/noticias\/wp-json\/wp\/v2\/posts"}],"about":[{"href":"https:\/\/mussicom.com\/noticias\/wp-json\/wp\/v2\/types\/post"}],"author":[{"embeddable":true,"href":"https:\/\/mussicom.com\/noticias\/wp-json\/wp\/v2\/users\/5"}],"replies":[{"embeddable":true,"href":"https:\/\/mussicom.com\/noticias\/wp-json\/wp\/v2\/comments?post=64568"}],"version-history":[{"count":0,"href":"https:\/\/mussicom.com\/noticias\/wp-json\/wp\/v2\/posts\/64568\/revisions"}],"wp:featuredmedia":[{"embeddable":true,"href":"https:\/\/mussicom.com\/noticias\/wp-json\/wp\/v2\/media\/64569"}],"wp:attachment":[{"href":"https:\/\/mussicom.com\/noticias\/wp-json\/wp\/v2\/media?parent=64568"}],"wp:term":[{"taxonomy":"category","embeddable":true,"href":"https:\/\/mussicom.com\/noticias\/wp-json\/wp\/v2\/categories?post=64568"},{"taxonomy":"post_tag","embeddable":true,"href":"https:\/\/mussicom.com\/noticias\/wp-json\/wp\/v2\/tags?post=64568"}],"curies":[{"name":"wp","href":"https:\/\/api.w.org\/{rel}","templated":true}]}}