{"id":6452,"date":"2025-03-17T19:21:41","date_gmt":"2025-03-17T22:21:41","guid":{"rendered":"https:\/\/www.mussicom.com\/zambelli-aciona-tcu-contra-contrato-milionario-do-porto-de-santos\/"},"modified":"2025-03-17T19:21:41","modified_gmt":"2025-03-17T22:21:41","slug":"zambelli-aciona-tcu-contra-contrato-milionario-do-porto-de-santos","status":"publish","type":"post","link":"https:\/\/mussicom.com\/noticias\/zambelli-aciona-tcu-contra-contrato-milionario-do-porto-de-santos\/","title":{"rendered":"Zambelli aciona TCU contra contrato milion\u00e1rio do Porto de Santos"},"content":{"rendered":"<p> <br \/>\n<\/p>\n<div id=\"hd80s9wa1h892edh8192\">\n<p>A deputada federal Carla Zambelli (PL-SP) solicitou ao Tribunal de Contas da Uni\u00e3o (TCU) a abertura de uma investiga\u00e7\u00e3o sobre a contrata\u00e7\u00e3o de servi\u00e7os de loca\u00e7\u00e3o de ve\u00edculos blindados pela Autoridade Portu\u00e1ria de Santos S.A. nesta segunda-feira, 17.<\/p>\n<p>O contrato, firmado com a empresa S\u00e3o Paulo Turismo &amp; Receptivo Ltda, tem valor geral de R$ 4,9 milh\u00f5es e vig\u00eancia de 30 meses. No documento, a deputada questiona a transpar\u00eancia e a legalidade do processo de contrata\u00e7\u00e3o, ao destacar a aus\u00eancia de informa\u00e7\u00f5es detalhadas sobre a modalidade licitat\u00f3ria utilizada e os crit\u00e9rios de sele\u00e7\u00e3o da empresa.<\/p>\n<p><strong>+ Leia mais not\u00edcias de\u00a0Pol\u00edtica\u00a0em Oeste<\/strong><\/p>\n<p>\u201c\u00c9 inadmiss\u00edvel que quase R$ 5 milh\u00f5es do dinheiro do contribuinte sejam jogados em um contrato nebuloso como esse\u201d, diz Zambelli. \u201cO Brasil n\u00e3o aguenta mais esses conchavos milion\u00e1rios \u00e0s custas do trabalhador!\u201d<\/p>\n<p>A <strong>Autoridade Portu\u00e1ria de Santos<\/strong> \u00e9 uma empresa p\u00fablica, com controle majorit\u00e1rio do Governo Federal, e vinculada \u00e0 Secretaria Nacional de Portos e Transportes Aquavi\u00e1rios do Minist\u00e9rio de Portos e Aeroportos.<\/p>\n<figure class=\"wp-block-image aligncenter size-full is-resized\"><picture><source data-srcset=\"https:\/\/medias.revistaoeste.com\/wp-content\/uploads\/2024\/10\/Porto-de-Santos.jpg.webp 1200w, https:\/\/medias.revistaoeste.com\/wp-content\/uploads\/2024\/10\/Porto-de-Santos-300x274.jpg.webp 300w, https:\/\/medias.revistaoeste.com\/wp-content\/uploads\/2024\/10\/Porto-de-Santos-150x137.jpg.webp 150w\" data-sizes=\"(max-width: 1200px) 100vw, 1200px\" type=\"image\/webp\"><img fetchpriority=\"high\" decoding=\"async\" width=\"1200\" height=\"1094\" src=\"https:\/\/medias.revistaoeste.com\/wp-content\/uploads\/2024\/10\/Porto-de-Santos.jpg\" alt=\"Porto de Santos est\u00e1 entre os portos comprados por multinacionais\" class=\"wp-image-1711339\" style=\"width:768px;height:auto\" srcset=\"https:\/\/medias.revistaoeste.com\/wp-content\/uploads\/2024\/10\/Porto-de-Santos.jpg 1200w, https:\/\/medias.revistaoeste.com\/wp-content\/uploads\/2024\/10\/Porto-de-Santos-300x274.jpg 300w, https:\/\/medias.revistaoeste.com\/wp-content\/uploads\/2024\/10\/Porto-de-Santos-150x137.jpg 150w\" sizes=\"(max-width: 1200px) 100vw, 1200px\" data-eio=\"p\"\/><\/source><\/picture><figcaption class=\"wp-element-caption\">Porto de Santos \u00e9 o maior da Am\u00e9rica Latina | Foto: Divulga\u00e7\u00e3o\/Porto de Santos<\/figcaption><\/figure>\n<h2 class=\"wp-block-heading\">Zambelli pede investiga\u00e7\u00e3o contra \u201cChavoso da USP\u201d<\/h2>\n<p>Na \u00faltima segunda-feira, 10, Zambelli encaminhou uma not\u00edcia-crime \u00e0 Procuradoria-Geral da Rep\u00fablica onde solicita a abertura de inqu\u00e9rito policial contra o professor Thiago Torres, conhecido como \u201cChavoso da USP\u201d.<\/p>\n<p>O professor administra os perfis \u201cchavosodausp.02\u201d e \u201cchavosodausp_reserva\u201d no Instagram. Em 6 de mar\u00e7o, ele publicou um texto, acompanhado de imagens, <strong>em que confessa o roubo e a destrui\u00e7\u00e3o de uma bandeira de Israel<\/strong> durante o Carnaval em Salvador.<\/p>\n<p>No documento, Zambelli argumenta que o antissemitismo se equipara ao racismo, conforme a defini\u00e7\u00e3o da Alian\u00e7a Internacional para a Mem\u00f3ria do Holocausto. \u201cClaramente se trata de incita\u00e7\u00e3o deliberada ao \u00f3dio contra os judeus.\u201d<\/p>\n<p>O C\u00f3digo Penal classifica a conduta como incita\u00e7\u00e3o ao crime. \u201cAo confessar o roubo em uma rede social com mais de 400 mil seguidores, ele incita publicamente a pr\u00e1tica\u201d, diz a deputada. Zambelli solicita a apura\u00e7\u00e3o para garantir a prote\u00e7\u00e3o da ordem p\u00fablica e dos direitos da comunidade judaica, al\u00e9m de eventual a\u00e7\u00e3o penal contra o professor.<\/p>\n<p><related-posts class=\"border-y border-gray-300 py-5\"><\/p>\n<h2 class=\"!text-2xl text-black font-primary font-semibold leading-none mb-3\">\n    Leia mais:<br \/>\n  <\/h2>\n<p><\/related-posts><\/p>\n<p><strong>Leia tamb\u00e9m: \u201cO Porto de Santos desencalha\u201d, artigo de Bruno Freitas publicado na Edi\u00e7\u00e3o 127 da Revista Oeste<\/strong><\/p>\n<\/p><\/div>\n<p><br \/>\n<br \/>Fonte: <a href=\"https:\/\/revistaoeste.com\/politica\/zambelli-aciona-tcu-contra-contrato-milionario-do-porto-de-santos\/\">Ag\u00eancia Brasil<\/a><\/p>\n","protected":false},"excerpt":{"rendered":"<p>A deputada federal Carla Zambelli (PL-SP) solicitou ao Tribunal de Contas da Uni\u00e3o (TCU) a abertura de uma investiga\u00e7\u00e3o sobre a contrata\u00e7\u00e3o de servi\u00e7os de loca\u00e7\u00e3o de ve\u00edculos blindados pela Autoridade Portu\u00e1ria de Santos S.A. nesta segunda-feira, 17. O contrato, firmado com a empresa S\u00e3o Paulo Turismo &amp; Receptivo Ltda, tem valor geral de R$ [&hellip;]<\/p>\n","protected":false},"author":5,"featured_media":6453,"comment_status":"open","ping_status":"open","sticky":false,"template":"","format":"standard","meta":{"_seopress_robots_primary_cat":"","_seopress_titles_title":"","_seopress_titles_desc":"","_seopress_robots_index":"","footnotes":""},"categories":[47,1],"tags":[],"class_list":["post-6452","post","type-post","status-publish","format-standard","has-post-thumbnail","hentry","category-politica","category-ultimas-noticias"],"_links":{"self":[{"href":"https:\/\/mussicom.com\/noticias\/wp-json\/wp\/v2\/posts\/6452","targetHints":{"allow":["GET"]}}],"collection":[{"href":"https:\/\/mussicom.com\/noticias\/wp-json\/wp\/v2\/posts"}],"about":[{"href":"https:\/\/mussicom.com\/noticias\/wp-json\/wp\/v2\/types\/post"}],"author":[{"embeddable":true,"href":"https:\/\/mussicom.com\/noticias\/wp-json\/wp\/v2\/users\/5"}],"replies":[{"embeddable":true,"href":"https:\/\/mussicom.com\/noticias\/wp-json\/wp\/v2\/comments?post=6452"}],"version-history":[{"count":0,"href":"https:\/\/mussicom.com\/noticias\/wp-json\/wp\/v2\/posts\/6452\/revisions"}],"wp:featuredmedia":[{"embeddable":true,"href":"https:\/\/mussicom.com\/noticias\/wp-json\/wp\/v2\/media\/6453"}],"wp:attachment":[{"href":"https:\/\/mussicom.com\/noticias\/wp-json\/wp\/v2\/media?parent=6452"}],"wp:term":[{"taxonomy":"category","embeddable":true,"href":"https:\/\/mussicom.com\/noticias\/wp-json\/wp\/v2\/categories?post=6452"},{"taxonomy":"post_tag","embeddable":true,"href":"https:\/\/mussicom.com\/noticias\/wp-json\/wp\/v2\/tags?post=6452"}],"curies":[{"name":"wp","href":"https:\/\/api.w.org\/{rel}","templated":true}]}}