{"id":64469,"date":"2026-02-24T11:19:19","date_gmt":"2026-02-24T14:19:19","guid":{"rendered":"https:\/\/mussicom.com\/alckmin-defende-debate-sem-corridas-sobre-fim-da-escala-6x1\/"},"modified":"2026-02-24T11:19:19","modified_gmt":"2026-02-24T14:19:19","slug":"alckmin-defende-debate-sem-corridas-sobre-fim-da-escala-6x1","status":"publish","type":"post","link":"https:\/\/mussicom.com\/noticias\/alckmin-defende-debate-sem-corridas-sobre-fim-da-escala-6x1\/","title":{"rendered":"Alckmin defende debate &#8220;sem corridas&#8221; sobre fim da escala 6&#215;1"},"content":{"rendered":"<p> <br \/>\n<\/p>\n<div id=\"tp-post-content\">\n<p class=\"postParagraph_post-paragraph__juWZN postParagraph_post-paragraph-innerHtml__Q5vwc\">O vice-presidente Geraldo Alckmin (PSB) defendeu um debate &#8220;aprofundado&#8221; e sem &#8220;corridas&#8221; em torno da redu\u00e7\u00e3o da jornada de trabalho, o que, para ele, \u00e9 uma &#8220;tend\u00eancia mundial&#8221;. A fala ocorreu ap\u00f3s o presidente da Federa\u00e7\u00e3o das Ind\u00fastrias do Estado de S\u00e3o Paulo (Fiesp), Paulo Skaf, defender o adiamento do fim da escala 6&#215;1 para 2027, por conta do ano eleitoral.<\/p>\n<p class=\"postParagraph_post-paragraph__juWZN postParagraph_post-paragraph-innerHtml__Q5vwc\">&#8220;A gente precisa que essa discuss\u00e3o v\u00e1 para 2027. N\u00f3s estamos abertos sempre a debater tudo. S\u00f3 que em ano eleitoral as emo\u00e7\u00f5es, os sentimentos, as motiva\u00e7\u00f5es, muitas vezes se conflituam com os interesses do pa\u00eds&#8221;, defendeu Skaf. Alckmin respondeu apontando que &#8220;esse \u00e9 um debate que n\u00e3o deve fazer corridas e deve ser aprofundado, j\u00e1 que voc\u00ea tem situa\u00e7\u00f5es muito distintas dentro do pr\u00f3prio setor produtivo&#8221;.<\/p>\n<p class=\"postParagraph_post-paragraph__juWZN postParagraph_post-paragraph-innerHtml__Q5vwc\">A discuss\u00e3o, fruto do movimento &#8220;Vida Al\u00e9m do Trabalho&#8221;, projetou como sua protagonista, na esquerda, a deputada federal Erika Hilton (PSOL-SP). A pauta tem gerado apoio de trabalhadores que atuam no regime, mas \u00e9 alvo de cr\u00edticas do setor produtivo. A an\u00e1lise cr\u00edtica aponta que os pa\u00edses que reduziram suas jornadas de trabalho tiveram, primeiro, que se desenvolver.<\/p>\n<p class=\"postParagraph_post-paragraph__juWZN postParagraph_post-paragraph-innerHtml__Q5vwc\">A Confedera\u00e7\u00e3o Nacional da Ind\u00fastria (CNI) estima em R$ 267 bilh\u00f5es o impacto de uma redu\u00e7\u00e3o na carga hor\u00e1ria semanal de 44 para 40 horas. H\u00e1, com isso, a previs\u00e3o de que o aumento na folha de pagamentos seja repassado ao consumidor.<\/p>\n<p class=\"postParagraph_post-paragraph__juWZN postParagraph_post-paragraph-innerHtml__Q5vwc\">O evento ocorreu para a assinatura de um acordo entre o governo brasileiro e a Fiesp, com foco no combate \u00e0 concorr\u00eancia desleal no com\u00e9rcio exterior. Para Alckmin, &#8220;a coopera\u00e7\u00e3o com o setor produtivo na defesa comercial vai contribuir para fortalecer o com\u00e9rcio justo e promover um ambiente concorrencial mais equilibrado&#8221;.<\/p>\n<\/div>\n<p><br \/>\n<br \/>Fonte: <a href=\"https:\/\/www.gazetadopovo.com.br\/economia\/alckmin-defende-debate-sem-corridas-sobre-fim-da-escala-6-1\/\">Gazeta do Povo<\/a><\/p>\n","protected":false},"excerpt":{"rendered":"<p>O vice-presidente Geraldo Alckmin (PSB) defendeu um debate &#8220;aprofundado&#8221; e sem &#8220;corridas&#8221; em torno da redu\u00e7\u00e3o da jornada de trabalho, o que, para ele, \u00e9 uma &#8220;tend\u00eancia mundial&#8221;. A fala ocorreu ap\u00f3s o presidente da Federa\u00e7\u00e3o das Ind\u00fastrias do Estado de S\u00e3o Paulo (Fiesp), Paulo Skaf, defender o adiamento do fim da escala 6&#215;1 para [&hellip;]<\/p>\n","protected":false},"author":5,"featured_media":64470,"comment_status":"open","ping_status":"open","sticky":false,"template":"","format":"standard","meta":{"_seopress_robots_primary_cat":"","_seopress_titles_title":"","_seopress_titles_desc":"","_seopress_robots_index":"","footnotes":""},"categories":[45],"tags":[],"class_list":["post-64469","post","type-post","status-publish","format-standard","has-post-thumbnail","hentry","category-economia"],"_links":{"self":[{"href":"https:\/\/mussicom.com\/noticias\/wp-json\/wp\/v2\/posts\/64469","targetHints":{"allow":["GET"]}}],"collection":[{"href":"https:\/\/mussicom.com\/noticias\/wp-json\/wp\/v2\/posts"}],"about":[{"href":"https:\/\/mussicom.com\/noticias\/wp-json\/wp\/v2\/types\/post"}],"author":[{"embeddable":true,"href":"https:\/\/mussicom.com\/noticias\/wp-json\/wp\/v2\/users\/5"}],"replies":[{"embeddable":true,"href":"https:\/\/mussicom.com\/noticias\/wp-json\/wp\/v2\/comments?post=64469"}],"version-history":[{"count":0,"href":"https:\/\/mussicom.com\/noticias\/wp-json\/wp\/v2\/posts\/64469\/revisions"}],"wp:featuredmedia":[{"embeddable":true,"href":"https:\/\/mussicom.com\/noticias\/wp-json\/wp\/v2\/media\/64470"}],"wp:attachment":[{"href":"https:\/\/mussicom.com\/noticias\/wp-json\/wp\/v2\/media?parent=64469"}],"wp:term":[{"taxonomy":"category","embeddable":true,"href":"https:\/\/mussicom.com\/noticias\/wp-json\/wp\/v2\/categories?post=64469"},{"taxonomy":"post_tag","embeddable":true,"href":"https:\/\/mussicom.com\/noticias\/wp-json\/wp\/v2\/tags?post=64469"}],"curies":[{"name":"wp","href":"https:\/\/api.w.org\/{rel}","templated":true}]}}