{"id":64429,"date":"2026-02-24T06:22:17","date_gmt":"2026-02-24T09:22:17","guid":{"rendered":"https:\/\/mussicom.com\/arte-no-dique-inaugura-espaco-estetico-beleza-pura-com-foco-em-autoestima-e-formacao-profissional\/"},"modified":"2026-02-24T06:22:17","modified_gmt":"2026-02-24T09:22:17","slug":"arte-no-dique-inaugura-espaco-estetico-beleza-pura-com-foco-em-autoestima-e-formacao-profissional","status":"publish","type":"post","link":"https:\/\/mussicom.com\/noticias\/arte-no-dique-inaugura-espaco-estetico-beleza-pura-com-foco-em-autoestima-e-formacao-profissional\/","title":{"rendered":"Arte no Dique inaugura Espa\u00e7o Est\u00e9tico Beleza Pura com foco em autoestima e forma\u00e7\u00e3o profissional"},"content":{"rendered":"<p> <br \/>\n<\/p>\n<div id=\"texto\">\n<p>O Instituto Arte no Dique inaugura no pr\u00f3ximo dia 27 de fevereiro, \u00e0s 10h30, um novo cap\u00edtulo em sua trajet\u00f3ria de inclus\u00e3o social. Em parceria com o Rotary Club de Santos, ser\u00e1 oficialmente aberto o Espa\u00e7o Est\u00e9tico Beleza Pura, iniciativa dedicada ao cuidado, \u00e0 valoriza\u00e7\u00e3o da autoestima e \u00e0 amplia\u00e7\u00e3o das oportunidades para moradores da regi\u00e3o.<\/p>\n<p>\u00a0<\/p>\n<p>Localizado na sede do Instituto, na Av. Brigadeiro Faria Lima, 1349, em Santos, o espa\u00e7o nasce como uma ferramenta de transforma\u00e7\u00e3o coletiva. A proposta \u00e9 oferecer um ambiente acolhedor, voltado tanto ao bem-estar quanto \u00e0 capacita\u00e7\u00e3o profissional, estimulando autonomia e inser\u00e7\u00e3o no mercado de trabalho.<\/p>\n<p>\u00a0<\/p>\n<p>O Beleza Pura j\u00e1 inicia suas atividades com uma grade de cursos estruturada para atender diferentes faixas et\u00e1rias. As aulas de barbearia acontecem todas as segundas-feiras, das 14h \u00e0s 19h para adolescentes de 16 a 18 anos, e das 19h \u00e0s 21h30 para maiores de idade.<\/p>\n<p>\u00a0<\/p>\n<p>Para quem busca forma\u00e7\u00e3o em cuidados das m\u00e3os e p\u00e9s, os cursos de manicure e pedicure ser\u00e3o realizados \u00e0s ter\u00e7as e quintas, das 19h30 \u00e0s 21h30, abertos a participantes com idade m\u00ednima de 16 anos.<\/p>\n<p>\u00a0<\/p>\n<p>Na segunda fase do projeto, o Instituto ampliar\u00e1 o leque de atividades com cursos de tran\u00e7as, penteados afro, automaquiagem e design de sobrancelhas, fortalecendo ainda mais a conex\u00e3o entre identidade, cultura e gera\u00e7\u00e3o de renda.<\/p>\n<p>\u00a0<\/p>\n<p>A inaugura\u00e7\u00e3o promete ser um momento simb\u00f3lico para a comunidade, celebrando n\u00e3o apenas um novo espa\u00e7o f\u00edsico, mas um compromisso cont\u00ednuo com oportunidades reais de desenvolvimento. A presen\u00e7a do p\u00fablico \u00e9 vista como fundamental para marcar essa conquista coletiva.<\/p>\n<p>\u00a0<\/p>\n<p>Com o Espa\u00e7o Est\u00e9tico Beleza Pura, o Arte no Dique reafirma sua voca\u00e7\u00e3o de transformar vidas por meio da cultura, da educa\u00e7\u00e3o e do cuidado \u2014 fortalecendo os v\u00ednculos que, h\u00e1 anos, sustentam sua atua\u00e7\u00e3o como um dos projetos sociais mais importantes da Baixada Santista.<\/p>\n<\/p><\/div>\n<p><script async defer crossorigin=\"anonymous\" src=\"https:\/\/connect.facebook.net\/pt_BR\/sdk.js#xfbml=1&#038;version=v12.0&#038;appId=&#038;autoLogAppEvents=1\" nonce=\"ou0fI1lo\"><\/script><br \/>\n<br \/><br \/>\n<br \/>Fonte: <a href=\"https:\/\/www.bs9.com.br\/litoral\/arte-no-dique-inaugura-espaco-estetico-beleza-pura-com-foco-em\/37845\/\">BS9<\/a><\/p>\n","protected":false},"excerpt":{"rendered":"<p>O Instituto Arte no Dique inaugura no pr\u00f3ximo dia 27 de fevereiro, \u00e0s 10h30, um novo cap\u00edtulo em sua trajet\u00f3ria de inclus\u00e3o social. Em parceria com o Rotary Club de Santos, ser\u00e1 oficialmente aberto o Espa\u00e7o Est\u00e9tico Beleza Pura, iniciativa dedicada ao cuidado, \u00e0 valoriza\u00e7\u00e3o da autoestima e \u00e0 amplia\u00e7\u00e3o das oportunidades para moradores da [&hellip;]<\/p>\n","protected":false},"author":5,"featured_media":64430,"comment_status":"open","ping_status":"open","sticky":false,"template":"","format":"standard","meta":{"_seopress_robots_primary_cat":"","_seopress_titles_title":"","_seopress_titles_desc":"","_seopress_robots_index":"","footnotes":""},"categories":[52],"tags":[],"class_list":["post-64429","post","type-post","status-publish","format-standard","has-post-thumbnail","hentry","category-santoseregiao"],"_links":{"self":[{"href":"https:\/\/mussicom.com\/noticias\/wp-json\/wp\/v2\/posts\/64429","targetHints":{"allow":["GET"]}}],"collection":[{"href":"https:\/\/mussicom.com\/noticias\/wp-json\/wp\/v2\/posts"}],"about":[{"href":"https:\/\/mussicom.com\/noticias\/wp-json\/wp\/v2\/types\/post"}],"author":[{"embeddable":true,"href":"https:\/\/mussicom.com\/noticias\/wp-json\/wp\/v2\/users\/5"}],"replies":[{"embeddable":true,"href":"https:\/\/mussicom.com\/noticias\/wp-json\/wp\/v2\/comments?post=64429"}],"version-history":[{"count":0,"href":"https:\/\/mussicom.com\/noticias\/wp-json\/wp\/v2\/posts\/64429\/revisions"}],"wp:featuredmedia":[{"embeddable":true,"href":"https:\/\/mussicom.com\/noticias\/wp-json\/wp\/v2\/media\/64430"}],"wp:attachment":[{"href":"https:\/\/mussicom.com\/noticias\/wp-json\/wp\/v2\/media?parent=64429"}],"wp:term":[{"taxonomy":"category","embeddable":true,"href":"https:\/\/mussicom.com\/noticias\/wp-json\/wp\/v2\/categories?post=64429"},{"taxonomy":"post_tag","embeddable":true,"href":"https:\/\/mussicom.com\/noticias\/wp-json\/wp\/v2\/tags?post=64429"}],"curies":[{"name":"wp","href":"https:\/\/api.w.org\/{rel}","templated":true}]}}