{"id":6440,"date":"2025-03-17T18:20:43","date_gmt":"2025-03-17T21:20:43","guid":{"rendered":"https:\/\/www.mussicom.com\/beto-simonetti-e-diretoria-da-oab-tomam-posse-em-brasilia\/"},"modified":"2025-03-17T18:20:43","modified_gmt":"2025-03-17T21:20:43","slug":"beto-simonetti-e-diretoria-da-oab-tomam-posse-em-brasilia","status":"publish","type":"post","link":"https:\/\/mussicom.com\/noticias\/beto-simonetti-e-diretoria-da-oab-tomam-posse-em-brasilia\/","title":{"rendered":"Beto Simonetti e diretoria da OAB tomam posse em Bras\u00edlia"},"content":{"rendered":"<p> <br \/>\n<\/p>\n<div id=\"hd80s9wa1h892edh8192\">\n<p>O presidente da <strong>Ordem dos Advogados do Brasil (OAB),<\/strong> Beto Simonetti, vai tomar posse no cargo, nesta segunda-feira, 17, no Centro de Conven\u00e7\u00f5es Ulysses Guimar\u00e3es, em Bras\u00edlia, a partir das 19 horas.<\/p>\n<p>Al\u00e9m de Simonetti, ser\u00e3o empossados os membros da diretoria da OAB e outros 162 conselheiros da Ordem.<\/p>\n<h2 class=\"wp-block-heading\">Reelei\u00e7\u00e3o de Beto Simonetti<\/h2>\n<figure class=\"wp-block-image size-full\"><picture><source data-srcset=\"https:\/\/medias.revistaoeste.com\/wp-content\/uploads\/2023\/03\/sede-oab-nacional-reproducao-848x477-1.jpg.webp 848w, https:\/\/medias.revistaoeste.com\/wp-content\/uploads\/2023\/03\/sede-oab-nacional-reproducao-848x477-1-300x169.jpg.webp 300w, https:\/\/medias.revistaoeste.com\/wp-content\/uploads\/2023\/03\/sede-oab-nacional-reproducao-848x477-1-768x432.jpg.webp 768w, https:\/\/medias.revistaoeste.com\/wp-content\/uploads\/2023\/03\/sede-oab-nacional-reproducao-848x477-1-60x34.jpg.webp 60w, https:\/\/medias.revistaoeste.com\/wp-content\/uploads\/2023\/03\/sede-oab-nacional-reproducao-848x477-1-240x135.jpg.webp 240w, https:\/\/medias.revistaoeste.com\/wp-content\/uploads\/2023\/03\/sede-oab-nacional-reproducao-848x477-1-600x338.jpg.webp 600w, https:\/\/medias.revistaoeste.com\/wp-content\/uploads\/2023\/03\/sede-oab-nacional-reproducao-848x477-1-373x210.jpg.webp 373w\" data-sizes=\"(max-width: 848px) 100vw, 848px\" type=\"image\/webp\"><img fetchpriority=\"high\" decoding=\"async\" width=\"848\" height=\"477\" src=\"https:\/\/medias.revistaoeste.com\/wp-content\/uploads\/2023\/03\/sede-oab-nacional-reproducao-848x477-1.jpg\" alt=\"oab mudar de nome\" class=\"wp-image-728525\" srcset=\"https:\/\/medias.revistaoeste.com\/wp-content\/uploads\/2023\/03\/sede-oab-nacional-reproducao-848x477-1.jpg 848w, https:\/\/medias.revistaoeste.com\/wp-content\/uploads\/2023\/03\/sede-oab-nacional-reproducao-848x477-1-300x169.jpg 300w, https:\/\/medias.revistaoeste.com\/wp-content\/uploads\/2023\/03\/sede-oab-nacional-reproducao-848x477-1-768x432.jpg 768w, https:\/\/medias.revistaoeste.com\/wp-content\/uploads\/2023\/03\/sede-oab-nacional-reproducao-848x477-1-60x34.jpg 60w, https:\/\/medias.revistaoeste.com\/wp-content\/uploads\/2023\/03\/sede-oab-nacional-reproducao-848x477-1-240x135.jpg 240w, https:\/\/medias.revistaoeste.com\/wp-content\/uploads\/2023\/03\/sede-oab-nacional-reproducao-848x477-1-600x338.jpg 600w, https:\/\/medias.revistaoeste.com\/wp-content\/uploads\/2023\/03\/sede-oab-nacional-reproducao-848x477-1-373x210.jpg 373w\" sizes=\"(max-width: 848px) 100vw, 848px\" data-eio=\"p\"\/><\/source><\/picture><figcaption class=\"wp-element-caption\">Sede da OAB nacional, em Bras\u00edlia | Foto: Divulga\u00e7\u00e3o<\/figcaption><\/figure>\n<p>Reeleito em 31 de janeiro, Simonetti est\u00e1 em seu segundo mandato como presidente da OAB Nacional.<\/p>\n<p>A chapa \u201cOAB de Portas Abertas\u201d, que d\u00e1 continuidade \u00e0 gest\u00e3o anterior, recebeu 100% dos 81 votos v\u00e1lidos e comandar\u00e1 a entidade at\u00e9 2028.<\/p>\n<p>Simonetti \u00e9 o primeiro presidente reeleito da Ordem desde a redemocratiza\u00e7\u00e3o do Brasil.<\/p>\n<h3 class=\"wp-block-heading\">Autoridades convidadas<\/h3>\n<ul>\n<li>Lu\u00eds Roberto Barroso, presidente do STF;<\/li>\n<li>Dias Toffoli, ministro do STF;<\/li>\n<li>Ibaneis Rocha, governador do Distrito Federal;<\/li>\n<li>Ronaldo Caiado, governador de Goi\u00e1s;<\/li>\n<li>Wilson Lima, governador do Amazonas;<\/li>\n<li>Hugo Motta, presidente da C\u00e2mara dos Deputados;<\/li>\n<li>Herman Benjamim, presidente do STJ;<\/li>\n<li>Sebasti\u00e3o Reis J\u00fanior, ministro do STJ;<\/li>\n<li>Luiz Alberto Gurgel de Faria, ministro do STJ;<\/li>\n<li>Fabr\u00edcio Gon\u00e7alves, ministro do TST;<\/li>\n<li>Douglas Alencar Rodrigues, ministro do TST;<\/li>\n<li>Dela\u00edde Alves Miranda Arantes, ministra do TST;<\/li>\n<li>Augusto C\u00e9sar Leite de Carvalho, ministro do TST;<\/li>\n<li>Jorge Oliveira, ministro do TCU;<\/li>\n<li>Jorge Messias, advogado-geral da Uni\u00e3o;<\/li>\n<li>\u00c2ngelo Fabiano Farias da Costa, corregedor Nacional do Minist\u00e9rio P\u00fablico;<\/li>\n<li>Leonardo Cardoso de Magalh\u00e3es, defensor P\u00fablico-Geral Federal;<\/li>\n<li>Andrei Augusto Passos Rodrigues, diretor-geral da Pol\u00edcia Federal.<\/li>\n<\/ul>\n<p><strong>Leia tamb\u00e9m: \u201cCelso Vilardi: \u2018Houve cerceamento do direito de defesa de Jair Bolsonaro&#8217;\u201d, entrevista publicada na Edi\u00e7\u00e3o 260 da Revista Oeste<\/strong><\/p>\n<\/p><\/div>\n<p><br \/>\n<br \/>Fonte: <a href=\"https:\/\/revistaoeste.com\/politica\/beto-simonetti-e-diretoria-da-oab-tomam-posse-em-brasilia\/\">Ag\u00eancia Brasil<\/a><\/p>\n","protected":false},"excerpt":{"rendered":"<p>O presidente da Ordem dos Advogados do Brasil (OAB), Beto Simonetti, vai tomar posse no cargo, nesta segunda-feira, 17, no Centro de Conven\u00e7\u00f5es Ulysses Guimar\u00e3es, em Bras\u00edlia, a partir das 19 horas. Al\u00e9m de Simonetti, ser\u00e3o empossados os membros da diretoria da OAB e outros 162 conselheiros da Ordem. Reelei\u00e7\u00e3o de Beto Simonetti Sede da [&hellip;]<\/p>\n","protected":false},"author":5,"featured_media":6441,"comment_status":"open","ping_status":"open","sticky":false,"template":"","format":"standard","meta":{"_seopress_robots_primary_cat":"","_seopress_titles_title":"","_seopress_titles_desc":"","_seopress_robots_index":"","footnotes":""},"categories":[47,1],"tags":[],"class_list":["post-6440","post","type-post","status-publish","format-standard","has-post-thumbnail","hentry","category-politica","category-ultimas-noticias"],"_links":{"self":[{"href":"https:\/\/mussicom.com\/noticias\/wp-json\/wp\/v2\/posts\/6440","targetHints":{"allow":["GET"]}}],"collection":[{"href":"https:\/\/mussicom.com\/noticias\/wp-json\/wp\/v2\/posts"}],"about":[{"href":"https:\/\/mussicom.com\/noticias\/wp-json\/wp\/v2\/types\/post"}],"author":[{"embeddable":true,"href":"https:\/\/mussicom.com\/noticias\/wp-json\/wp\/v2\/users\/5"}],"replies":[{"embeddable":true,"href":"https:\/\/mussicom.com\/noticias\/wp-json\/wp\/v2\/comments?post=6440"}],"version-history":[{"count":0,"href":"https:\/\/mussicom.com\/noticias\/wp-json\/wp\/v2\/posts\/6440\/revisions"}],"wp:featuredmedia":[{"embeddable":true,"href":"https:\/\/mussicom.com\/noticias\/wp-json\/wp\/v2\/media\/6441"}],"wp:attachment":[{"href":"https:\/\/mussicom.com\/noticias\/wp-json\/wp\/v2\/media?parent=6440"}],"wp:term":[{"taxonomy":"category","embeddable":true,"href":"https:\/\/mussicom.com\/noticias\/wp-json\/wp\/v2\/categories?post=6440"},{"taxonomy":"post_tag","embeddable":true,"href":"https:\/\/mussicom.com\/noticias\/wp-json\/wp\/v2\/tags?post=6440"}],"curies":[{"name":"wp","href":"https:\/\/api.w.org\/{rel}","templated":true}]}}