{"id":64377,"date":"2026-02-23T22:05:18","date_gmt":"2026-02-24T01:05:18","guid":{"rendered":"https:\/\/mussicom.com\/boulos-elogia-stf-mas-diz-nao-estar-acima-do-bem-e-do-mal\/"},"modified":"2026-02-23T22:05:18","modified_gmt":"2026-02-24T01:05:18","slug":"boulos-elogia-stf-mas-diz-nao-estar-acima-do-bem-e-do-mal","status":"publish","type":"post","link":"https:\/\/mussicom.com\/noticias\/boulos-elogia-stf-mas-diz-nao-estar-acima-do-bem-e-do-mal\/","title":{"rendered":"Boulos elogia STF, mas diz n\u00e3o estar &#8220;acima do bem e do mal&#8221;"},"content":{"rendered":"<p> <br \/>\n<\/p>\n<div id=\"tp-post-content\">\n<p class=\"postParagraph_post-paragraph__juWZN postParagraph_post-paragraph-innerHtml__Q5vwc\">O ministro da Secretaria-Geral da Presid\u00eancia da Rep\u00fablica, Guilherme Boulos (PSOL-SP), reconheceu nesta segunda-feira (23) o papel Supremo Tribunal Federal (STF) no que chamou de \u201cpreservar a democracia\u201d. No entanto, Boulos afirmou que isso n\u00e3o tornaria a Corte infal\u00edvel.<\/p>\n<p class=\"postParagraph_post-paragraph__juWZN postParagraph_post-paragraph-innerHtml__Q5vwc\">\u201cO Xand\u00e3o tomou Magnitsky, mas teve coragem. Isso n\u00e3o quer dizer que o Supremo, ou qualquer outra institui\u00e7\u00e3o, esteja acima do bem e do mal\u201d, disse ele em entrevista ao programa <em>Al\u00f4 Al\u00f4 Brasil<\/em>, da R\u00e1dio Nacional, apresentado pelo jornalista Jos\u00e9 Luiz Datena.<\/p>\n<p class=\"postParagraph_post-paragraph__juWZN postParagraph_post-paragraph-innerHtml__Q5vwc\">Em tom descontra\u00eddo, o jornalista conhecido por apresentar por d\u00e9cadas o programa &#8220;Brasil Urgente&#8221;, da Rede Band, disse que seu programa de estreia na r\u00e1dio estatal n\u00e3o poderia ter outro convidado al\u00e9m de Boulos, uma vez que Boulos \u00e9 seu \u201camigo mais pr\u00f3ximo\u201d no meio pol\u00edtico.<\/p>\n<p class=\"postParagraph_post-paragraph__juWZN postParagraph_post-paragraph-innerHtml__Q5vwc\">Logo no in\u00edcio do programa, Boulos lembrou do epis\u00f3dio em que o \u201camigo\u201d deu uma cadeirada no influenciador Pablo Mar\u00e7al, tamb\u00e9m candidato como eles \u00e0 prefeitura de S\u00e3o Paulo naquele ano de 2024, dizendo que ele \u00e9 que \u201cgostaria\u201d de ter praticado aquela viol\u00eancia contra o rival pol\u00edtico.<\/p>\n<p class=\"postParagraph_post-paragraph__juWZN postParagraph_post-paragraph-innerHtml__Q5vwc\">\u201cSe me permite, Datena, independente de qualquer vota\u00e7\u00e3o, voc\u00ea fez uma coisa que eu gostaria de fazer, lavou a alma do povo brasileiro\u201d, disse Boulos. Datena ficou constrangido e prop\u00f4s esquecer do epis\u00f3dio.<\/p>\n<p class=\"postParagraph_post-paragraph__juWZN postParagraph_post-paragraph-innerHtml__Q5vwc\">L\u00edder do Movimento dos Trabalhadores Sem-Teto, o pol\u00edtico do PSOL ainda sinalizou que o discurso de soberania deve ser explorado como tom de campanha de Lula nas elei\u00e7\u00f5es de 2026. Em agosto de 2025, o governo federal mudou de slogan: se o anterior falava em &#8220;uni\u00e3o e reconstru\u00e7\u00e3o&#8221;, o atual trocou a palavra uni\u00e3o pela ideia de &#8220;lado&#8221;, com a frase &#8220;do lado do povo brasileiro&#8221;. \u00a0<\/p>\n<\/div>\n<p><br \/>\n<br \/>Fonte: <a href=\"https:\/\/www.gazetadopovo.com.br\/republica\/boulos-elogia-stf-por-preservar-democracia-mas-diz-que-corte-nao-esta-acima-do-bem-e-do-mal\/\">Revista Oeste<\/a><\/p>\n","protected":false},"excerpt":{"rendered":"<p>O ministro da Secretaria-Geral da Presid\u00eancia da Rep\u00fablica, Guilherme Boulos (PSOL-SP), reconheceu nesta segunda-feira (23) o papel Supremo Tribunal Federal (STF) no que chamou de \u201cpreservar a democracia\u201d. No entanto, Boulos afirmou que isso n\u00e3o tornaria a Corte infal\u00edvel. \u201cO Xand\u00e3o tomou Magnitsky, mas teve coragem. Isso n\u00e3o quer dizer que o Supremo, ou qualquer [&hellip;]<\/p>\n","protected":false},"author":5,"featured_media":64378,"comment_status":"open","ping_status":"open","sticky":false,"template":"","format":"standard","meta":{"_seopress_robots_primary_cat":"","_seopress_titles_title":"","_seopress_titles_desc":"","_seopress_robots_index":"","footnotes":""},"categories":[1],"tags":[],"class_list":["post-64377","post","type-post","status-publish","format-standard","has-post-thumbnail","hentry","category-ultimas-noticias"],"_links":{"self":[{"href":"https:\/\/mussicom.com\/noticias\/wp-json\/wp\/v2\/posts\/64377","targetHints":{"allow":["GET"]}}],"collection":[{"href":"https:\/\/mussicom.com\/noticias\/wp-json\/wp\/v2\/posts"}],"about":[{"href":"https:\/\/mussicom.com\/noticias\/wp-json\/wp\/v2\/types\/post"}],"author":[{"embeddable":true,"href":"https:\/\/mussicom.com\/noticias\/wp-json\/wp\/v2\/users\/5"}],"replies":[{"embeddable":true,"href":"https:\/\/mussicom.com\/noticias\/wp-json\/wp\/v2\/comments?post=64377"}],"version-history":[{"count":0,"href":"https:\/\/mussicom.com\/noticias\/wp-json\/wp\/v2\/posts\/64377\/revisions"}],"wp:featuredmedia":[{"embeddable":true,"href":"https:\/\/mussicom.com\/noticias\/wp-json\/wp\/v2\/media\/64378"}],"wp:attachment":[{"href":"https:\/\/mussicom.com\/noticias\/wp-json\/wp\/v2\/media?parent=64377"}],"wp:term":[{"taxonomy":"category","embeddable":true,"href":"https:\/\/mussicom.com\/noticias\/wp-json\/wp\/v2\/categories?post=64377"},{"taxonomy":"post_tag","embeddable":true,"href":"https:\/\/mussicom.com\/noticias\/wp-json\/wp\/v2\/tags?post=64377"}],"curies":[{"name":"wp","href":"https:\/\/api.w.org\/{rel}","templated":true}]}}