{"id":64368,"date":"2026-02-23T21:06:23","date_gmt":"2026-02-24T00:06:23","guid":{"rendered":"https:\/\/mussicom.com\/presidente-da-coreia-do-sul-publica-video-com-lula-feito-por-ia\/"},"modified":"2026-02-23T21:06:23","modified_gmt":"2026-02-24T00:06:23","slug":"presidente-da-coreia-do-sul-publica-video-com-lula-feito-por-ia","status":"publish","type":"post","link":"https:\/\/mussicom.com\/noticias\/presidente-da-coreia-do-sul-publica-video-com-lula-feito-por-ia\/","title":{"rendered":"Presidente da Coreia do Sul publica v\u00eddeo com Lula feito por IA"},"content":{"rendered":"<p> <br \/>\n<\/p>\n<div id=\"tp-post-content\">\n<p class=\"postParagraph_post-paragraph__juWZN postParagraph_post-paragraph-innerHtml__Q5vwc\">O presidente da Coreia do Sul, Lee Jae-myung, publicou nesta segunda-feira (23) um v\u00eddeo produzido com uso de intelig\u00eancia artificial (IA) em que aparece ao lado do presidente Luiz In\u00e1cio Lula da Silva (PT). No v\u00eddeo, ele mostra imagens dos dois enquanto eram crian\u00e7as humildes. A sequ\u00eancia evolui das fotos de inf\u00e2ncia para registros atuais do encontro entre os dois chefes de Estado durante a visita oficial do brasileiro a Seul.<\/p>\n<p class=\"postParagraph_post-paragraph__juWZN postParagraph_post-paragraph-innerHtml__Q5vwc\">No post em que compartilhou o v\u00eddeo, o l\u00edder sul-coreano escreveu que \u201cdois meninos oper\u00e1rios se tornaram presidentes e se encontraram\u201d. Ele acrescentou que ambos tiveram \u201cferidas, mas n\u00e3o cicatrizes\u201d, que aprenderam \u201csabedoria no trabalho\u201d e que, apesar das adversidades, foram \u201csalvos pelo povo\u201d.<\/p>\n<p class=\"postParagraph_post-paragraph__juWZN postParagraph_post-paragraph-innerHtml__Q5vwc\">\u201cPor isso somos irm\u00e3os. Ao presidente irm\u00e3o Lula, ofere\u00e7o este v\u00eddeo\u201d, afirmou Lee, marcando o perfil oficial do l\u00edder brasileiro na rede X.<\/p>\n<p class=\"postParagraph_post-paragraph__juWZN postParagraph_post-paragraph-innerHtml__Q5vwc\">Antes do encontro, Lee j\u00e1 havia publicado outra mensagem exaltando Lula. Na ocasi\u00e3o, afirmou que o presidente brasileiro \u201cprovou com todo o seu corpo que a democracia \u00e9 a ferramenta mais \u00fatil para o desenvolvimento social e econ\u00f4mico\u201d e declarou que o caminho pol\u00edtico de Lula \u201cse assemelha muito\u201d \u00e0 sua pr\u00f3pria trajet\u00f3ria.<\/p>\n<p class=\"postParagraph_post-paragraph__juWZN postParagraph_post-paragraph-innerHtml__Q5vwc\">Lee Jae-myung assumiu a presid\u00eancia sul-coreana no ano passado ap\u00f3s o impeachment de Yoon Suk-yeol, presidente que tentou dar um golpe de Estado. Quando jovem, Lee trabalhou em f\u00e1bricas e cresceu em uma fam\u00edlia de baixa renda, trajet\u00f3ria que costuma mencionar como parte de sua forma\u00e7\u00e3o pessoal e pol\u00edtica.<\/p>\n<p class=\"postParagraph_post-paragraph__juWZN postParagraph_post-paragraph-innerHtml__Q5vwc\">Lula se encontrou com Lee nesta segunda, em Seul. O presidente brasileiro realiza visita de Estado \u00e0 Coreia do Sul, com agenda voltada \u00e0 amplia\u00e7\u00e3o do com\u00e9rcio bilateral e \u00e0 assinatura de acordos nas \u00e1reas de minerais cr\u00edticos, tecnologia e coopera\u00e7\u00e3o econ\u00f4mica.<\/p>\n<p class=\"postParagraph_post-paragraph__juWZN postParagraph_post-paragraph-innerHtml__Q5vwc\">Durante agenda em Seul, Lula defendeu a amplia\u00e7\u00e3o do com\u00e9rcio agropecu\u00e1rio brasileiro com a Coreia do Sul e criticou o protecionismo comercial.<\/p>\n<\/div>\n<p><br \/>\n<br \/>Fonte: <a href=\"https:\/\/www.gazetadopovo.com.br\/mundo\/presidente-da-coreia-do-sul-publica-video-com-lula-feito-em-ia-e-fala-em-irmandade\/\">Revista Oeste<\/a><\/p>\n","protected":false},"excerpt":{"rendered":"<p>O presidente da Coreia do Sul, Lee Jae-myung, publicou nesta segunda-feira (23) um v\u00eddeo produzido com uso de intelig\u00eancia artificial (IA) em que aparece ao lado do presidente Luiz In\u00e1cio Lula da Silva (PT). No v\u00eddeo, ele mostra imagens dos dois enquanto eram crian\u00e7as humildes. A sequ\u00eancia evolui das fotos de inf\u00e2ncia para registros atuais [&hellip;]<\/p>\n","protected":false},"author":5,"featured_media":64369,"comment_status":"open","ping_status":"open","sticky":false,"template":"","format":"standard","meta":{"_seopress_robots_primary_cat":"","_seopress_titles_title":"","_seopress_titles_desc":"","_seopress_robots_index":"","footnotes":""},"categories":[48],"tags":[],"class_list":["post-64368","post","type-post","status-publish","format-standard","has-post-thumbnail","hentry","category-internacional"],"_links":{"self":[{"href":"https:\/\/mussicom.com\/noticias\/wp-json\/wp\/v2\/posts\/64368","targetHints":{"allow":["GET"]}}],"collection":[{"href":"https:\/\/mussicom.com\/noticias\/wp-json\/wp\/v2\/posts"}],"about":[{"href":"https:\/\/mussicom.com\/noticias\/wp-json\/wp\/v2\/types\/post"}],"author":[{"embeddable":true,"href":"https:\/\/mussicom.com\/noticias\/wp-json\/wp\/v2\/users\/5"}],"replies":[{"embeddable":true,"href":"https:\/\/mussicom.com\/noticias\/wp-json\/wp\/v2\/comments?post=64368"}],"version-history":[{"count":0,"href":"https:\/\/mussicom.com\/noticias\/wp-json\/wp\/v2\/posts\/64368\/revisions"}],"wp:featuredmedia":[{"embeddable":true,"href":"https:\/\/mussicom.com\/noticias\/wp-json\/wp\/v2\/media\/64369"}],"wp:attachment":[{"href":"https:\/\/mussicom.com\/noticias\/wp-json\/wp\/v2\/media?parent=64368"}],"wp:term":[{"taxonomy":"category","embeddable":true,"href":"https:\/\/mussicom.com\/noticias\/wp-json\/wp\/v2\/categories?post=64368"},{"taxonomy":"post_tag","embeddable":true,"href":"https:\/\/mussicom.com\/noticias\/wp-json\/wp\/v2\/tags?post=64368"}],"curies":[{"name":"wp","href":"https:\/\/api.w.org\/{rel}","templated":true}]}}