{"id":64318,"date":"2026-02-23T16:08:14","date_gmt":"2026-02-23T19:08:14","guid":{"rendered":"https:\/\/mussicom.com\/de-sao-vicente-a-nasa-a-trajetoria-de-raphael-e-o-sonho-que-virou-realidade\/"},"modified":"2026-02-23T16:08:14","modified_gmt":"2026-02-23T19:08:14","slug":"de-sao-vicente-a-nasa-a-trajetoria-de-raphael-e-o-sonho-que-virou-realidade","status":"publish","type":"post","link":"https:\/\/mussicom.com\/noticias\/de-sao-vicente-a-nasa-a-trajetoria-de-raphael-e-o-sonho-que-virou-realidade\/","title":{"rendered":"De S\u00e3o Vicente \u00e0 NASA: a trajet\u00f3ria de Raphael e o sonho que virou realidade"},"content":{"rendered":"<p> <br \/>\n<\/p>\n<div id=\"texto\">\n<p>&#8220;O espa\u00e7o, a fronteira final&#8230; audaciosamente indo onde nenhum homem jamais esteve.&#8221; A frase ic\u00f4nica criada pelo roteirista Gene Roddenberry para a s\u00e9rie Star Trek deixou de ser apenas fic\u00e7\u00e3o cient\u00edfica na vida do vicentino Raphael Alves Hailer.<br \/>&#13;<br \/>\n\u00a0<\/p>\n<p>O que come\u00e7ou como curiosidade no ensino m\u00e9dio transformou-se em uma carreira internacional no setor espacial. Engenheiro mec\u00e2nico formado pela Universidade Estadual de Campinas (Unicamp), Raphael \u00e9 atualmente pesquisador visitante no Jet Propulsion Laboratory (JPL), da NASA, e doutorando nos Estados Unidos. Sua trajet\u00f3ria \u00e9 marcada por coragem, excel\u00eancia acad\u00eamica e o orgulho de representar S\u00e3o Vicente no cen\u00e1rio cient\u00edfico internacional.<\/p>\n<p>\u00a0<\/p>\n<p>Raphael iniciou sua jornada acad\u00eamica em 2018, ao ingressar no curso de F\u00edsica da Unicamp, com o objetivo de se tornar professor. Ainda no primeiro semestre, conheceu as equipes extracurriculares da universidade \u2014 entre elas, a Antares, dedicada ao desenvolvimento de foguetes e nanossat\u00e9lites, sat\u00e9lites artificiais com massa inferior a 10 kg.<br \/>&#13;<br \/>\n\u00a0<\/p>\n<p>Foi ali que um antigo sonho ganhou for\u00e7a.<br \/>&#13;<br \/>\n\u00a0<\/p>\n<p>Apesar do interesse pelo setor espacial, Raphael n\u00e3o acreditava ser capaz de seguir esse caminho. A conviv\u00eancia com estudantes de engenharia e a participa\u00e7\u00e3o em projetos aeroespaciais mudaram sua perspectiva. Em uma decis\u00e3o ousada, deixou o curso de F\u00edsica, prestou novamente o vestibular e, em 2019, ingressou em Engenharia Mec\u00e2nica na Unicamp. Na Antares, assumiu a lideran\u00e7a do departamento de estruturas e aerodin\u00e2mica. Sob sua gest\u00e3o, a equipe conquistou o segundo e o terceiro lugares na Latin American Space Challenge, em 2020 e 2021 \u2014 a segunda maior competi\u00e7\u00e3o universit\u00e1ria de foguetes do mundo.<br \/>&#13;<br \/>\n\u00a0<\/p>\n<p>Determinando-se a buscar oportunidades no exterior, Raphael dedicou-se a obter as melhores notas da turma para concorrer aos programas de duplo diploma na Fran\u00e7a. Foi aceito por tr\u00eas institui\u00e7\u00f5es de prest\u00edgio: ENSTA Paris, ENSAM e INSA Rouen. Optou pela ENSTA Paris, onde aprofundou seus estudos em engenharia e participou de projetos de pesquisa em colabora\u00e7\u00e3o com a Agenzia Spaziale Italiana (ASI) e a ArianeGroup.<br \/>&#13;<br \/>\n\u00a0<\/p>\n<p>O percurso, no entanto, n\u00e3o foi simples. Raphael precisou aprender franc\u00eas do zero e alcan\u00e7ar profici\u00eancia em poucos meses para garantir a matr\u00edcula. Ap\u00f3s n\u00e3o ser selecionado para a bolsa Eiffel, enfrentou incertezas financeiras at\u00e9 conquistar a bolsa BRAFITEC, da Coordena\u00e7\u00e3o de Aperfei\u00e7oamento de Pessoal de N\u00edvel Superior (CAPES), que viabilizou sua perman\u00eancia na Fran\u00e7a. Durante o interc\u00e2mbio, foi selecionado como aluno visitante na \u00c9cole Polytechnique, onde aprofundou seus estudos em ci\u00eancia espacial. Foi ali que surgiu a conex\u00e3o que mudaria sua trajet\u00f3ria.<br \/>&#13;<br \/>\n\u00a0<\/p>\n<p>Por meio de um contato acad\u00eamico, Raphael foi indicado ao Jet Propulsion Laboratory, laborat\u00f3rio da NASA gerido pelo California Institute of Technology (Caltech), e selecionado para o Visiting Student Research Program. Para viabilizar sua ida aos Estados Unidos, conquistou uma das bolsas mais concorridas do pa\u00eds: tornou-se fellow da Funda\u00e7\u00e3o Estudar, que financiou sua estadia.<br \/>&#13;<br \/>\n\u00a0<\/p>\n<p>Entre setembro e novembro de 2024, trabalhou em um projeto de alta relev\u00e2ncia cient\u00edfica: desenvolveu um c\u00f3digo de simula\u00e7\u00e3o para estimar o transporte e a deposi\u00e7\u00e3o de contaminantes moleculares em corpos celestes sem atmosfera, como a Lua. O estudo permite diferenciar o que \u00e9 material origin\u00e1rio do pr\u00f3prio corpo celeste e o que resulta da atividade humana \u2014 quest\u00e3o crucial para miss\u00f5es como o programa Artemis, que pretende levar astronautas ao polo sul lunar.<br \/>&#13;<br \/>\n\u00a0<\/p>\n<p>Seu trabalho foi apresentado na Lunar and Planetary Science Conference 2025 e chegou ao headquarters da NASA, em Washington. &#8220;Foi a realiza\u00e7\u00e3o de um sonho de inf\u00e2ncia&#8221;, afirma.<br \/>&#13;<br \/>\n\u00a0<\/p>\n<p>A trajet\u00f3ria foi marcada por decis\u00f5es dif\u00edceis: abandonar um curso j\u00e1 conquistado, aprender franc\u00eas em tempo recorde, enfrentar reprova\u00e7\u00f5es em bolsas internacionais e passar por processos seletivos altamente competitivos. Para Raphael, o maior desafio foi acreditar em si mesmo. &#8220;No ensino m\u00e9dio, eu tinha dificuldade em matem\u00e1tica. Descobri que meu problema n\u00e3o era a mat\u00e9ria, mas a autoconfian\u00e7a.&#8221;<br \/>&#13;<br \/>\n\u00a0<\/p>\n<p>Ele refor\u00e7a que a educa\u00e7\u00e3o vai muito al\u00e9m do conte\u00fado t\u00e9cnico: &#8220;Aprender \u00e9 questionar, \u00e9 desenvolver pensamento cr\u00edtico. A educa\u00e7\u00e3o transformou completamente minha vida.&#8221;<br \/>&#13;<br \/>\n\u00a0<\/p>\n<p>Filho de uma fam\u00edlia trabalhadora, Raphael foi o primeiro a sair do pa\u00eds. Ele faz quest\u00e3o de destacar suas origens. &#8220;Venho de uma fam\u00edlia comum. Se eu consegui, qualquer jovem de S\u00e3o Vicente pode conseguir.&#8221;<\/p>\n<p>\u00a0<\/p>\n<p>Raphael acredita que a cidade tem potencial, mas precisa ampliar incentivos cient\u00edficos, como feiras, olimp\u00edadas e competi\u00e7\u00f5es estudantis. Destaca como positiva a chegada do Instituto Federal e valoriza institui\u00e7\u00f5es p\u00fablicas que promovem educa\u00e7\u00e3o gratuita e de qualidade. Sempre que pode, retorna \u00e0 escola onde estudou para conversar com alunos e compartilhar sua trajet\u00f3ria. &#8220;Quero ser inspira\u00e7\u00e3o para que outros jovens possam representar o Brasil na NASA como eu representei.&#8221;<br \/>&#13;<br \/>\n\u00a0<\/p>\n<p>Atualmente trabalhando como engenheiro mec\u00e2nico em S\u00e3o Paulo, Raphael foi recentemente aprovado no doutorado em Engenharia Mec\u00e2nica na University of California, Santa Barbara. Em breve, retornar\u00e1 aos Estados Unidos para continuar pesquisando nas \u00e1reas que mais o fascinam: simula\u00e7\u00e3o num\u00e9rica, din\u00e2mica de fluidos e miss\u00f5es espaciais.<br \/>&#13;<br \/>\n\u00a0<\/p>\n<p>Seu objetivo \u00e9 contribuir para o avan\u00e7o cient\u00edfico e tecnol\u00f3gico \u2014 e, acima de tudo, mostrar que sonhos considerados imposs\u00edveis podem se tornar realidade. A principal li\u00e7\u00e3o que deixa \u00e9 simples, mas poderosa: &#8220;Nenhum sonho \u00e9 grande demais. Tenham um plano, trabalhem duro e, acima de tudo, fa\u00e7am aquilo que voc\u00eas amam. N\u00e3o fa\u00e7am por dinheiro. Fa\u00e7am por paix\u00e3o.&#8221;<br \/>&#13;<br \/>\n\u00a0<\/p>\n<p>De S\u00e3o Vicente ao laborat\u00f3rio mais prestigiado da NASA, Raphael prova que talento, disciplina e coragem podem atravessar oceanos \u2014 e at\u00e9 alcan\u00e7ar a Lua.<\/p>\n<\/p><\/div>\n<p><script async defer crossorigin=\"anonymous\" src=\"https:\/\/connect.facebook.net\/pt_BR\/sdk.js#xfbml=1&#038;version=v12.0&#038;appId=&#038;autoLogAppEvents=1\" nonce=\"ou0fI1lo\"><\/script><br \/>\n<br \/><br \/>\n<br \/>Fonte: <a href=\"https:\/\/www.bs9.com.br\/brasil\/de-sao-vicente-a-nasa-a-trajetoria-de-raphael-e-o-sonho-que-virou\/37827\/\">BS9<\/a><\/p>\n","protected":false},"excerpt":{"rendered":"<p>&#8220;O espa\u00e7o, a fronteira final&#8230; audaciosamente indo onde nenhum homem jamais esteve.&#8221; A frase ic\u00f4nica criada pelo roteirista Gene Roddenberry para a s\u00e9rie Star Trek deixou de ser apenas fic\u00e7\u00e3o cient\u00edfica na vida do vicentino Raphael Alves Hailer.&#13; \u00a0 O que come\u00e7ou como curiosidade no ensino m\u00e9dio transformou-se em uma carreira internacional no setor espacial. [&hellip;]<\/p>\n","protected":false},"author":5,"featured_media":64319,"comment_status":"open","ping_status":"open","sticky":false,"template":"","format":"standard","meta":{"_seopress_robots_primary_cat":"","_seopress_titles_title":"","_seopress_titles_desc":"","_seopress_robots_index":"","footnotes":""},"categories":[52],"tags":[],"class_list":["post-64318","post","type-post","status-publish","format-standard","has-post-thumbnail","hentry","category-santoseregiao"],"_links":{"self":[{"href":"https:\/\/mussicom.com\/noticias\/wp-json\/wp\/v2\/posts\/64318","targetHints":{"allow":["GET"]}}],"collection":[{"href":"https:\/\/mussicom.com\/noticias\/wp-json\/wp\/v2\/posts"}],"about":[{"href":"https:\/\/mussicom.com\/noticias\/wp-json\/wp\/v2\/types\/post"}],"author":[{"embeddable":true,"href":"https:\/\/mussicom.com\/noticias\/wp-json\/wp\/v2\/users\/5"}],"replies":[{"embeddable":true,"href":"https:\/\/mussicom.com\/noticias\/wp-json\/wp\/v2\/comments?post=64318"}],"version-history":[{"count":0,"href":"https:\/\/mussicom.com\/noticias\/wp-json\/wp\/v2\/posts\/64318\/revisions"}],"wp:featuredmedia":[{"embeddable":true,"href":"https:\/\/mussicom.com\/noticias\/wp-json\/wp\/v2\/media\/64319"}],"wp:attachment":[{"href":"https:\/\/mussicom.com\/noticias\/wp-json\/wp\/v2\/media?parent=64318"}],"wp:term":[{"taxonomy":"category","embeddable":true,"href":"https:\/\/mussicom.com\/noticias\/wp-json\/wp\/v2\/categories?post=64318"},{"taxonomy":"post_tag","embeddable":true,"href":"https:\/\/mussicom.com\/noticias\/wp-json\/wp\/v2\/tags?post=64318"}],"curies":[{"name":"wp","href":"https:\/\/api.w.org\/{rel}","templated":true}]}}