{"id":64290,"date":"2026-02-23T13:59:15","date_gmt":"2026-02-23T16:59:15","guid":{"rendered":"https:\/\/mussicom.com\/ue-congela-votacao-de-acordo-comercial-com-eua\/"},"modified":"2026-02-23T13:59:15","modified_gmt":"2026-02-23T16:59:15","slug":"ue-congela-votacao-de-acordo-comercial-com-eua","status":"publish","type":"post","link":"https:\/\/mussicom.com\/noticias\/ue-congela-votacao-de-acordo-comercial-com-eua\/","title":{"rendered":"UE congela vota\u00e7\u00e3o de acordo comercial com EUA"},"content":{"rendered":"<p> <br \/>\n<\/p>\n<div id=\"tp-post-content\">\n<p class=\"postParagraph_post-paragraph__juWZN postParagraph_post-paragraph-innerHtml__Q5vwc\">O Parlamento Europeu decidiu nesta segunda-feira (23) suspender a ratifica\u00e7\u00e3o do acordo comercial assinado em agosto entre a Uni\u00e3o Europeia (UE) e os EUA, devido \u00e0 incerteza gerada pela decis\u00e3o da Suprema Corte americana que declarou ilegal parte das tarifas impostas pelo presidente Donald Trump.<\/p>\n<p class=\"postParagraph_post-paragraph__juWZN postParagraph_post-paragraph-innerHtml__Q5vwc\">A Comiss\u00e3o de Com\u00e9rcio do Parlamento Europeu planejava votar o acordo na pr\u00f3xima quarta-feira (25) para avan\u00e7ar com o processo de ratifica\u00e7\u00e3o, mas o Partido Popular Europeu, os Social-Democratas, os Liberais e os Verdes concordaram nesta segunda em suspender o processo at\u00e9 que Washington esclare\u00e7a as implica\u00e7\u00f5es da decis\u00e3o da \u00faltima sexta-feira para o bloco.<\/p>\n<p class=\"postParagraph_post-paragraph__juWZN postParagraph_post-paragraph-innerHtml__Q5vwc\">&#8220;H\u00e1 muita incerteza sobre o que est\u00e1 acontecendo&#8221;, disse o presidente da Comiss\u00e3o de Com\u00e9rcio, o social-democrata Bernd Lange, em um comunicado \u00e0 imprensa, acrescentando que &#8220;clareza e seguran\u00e7a jur\u00eddica&#8221; s\u00e3o necess\u00e1rias antes que o acordo possa ser ratificado.<\/p>\n<p class=\"postParagraph_post-paragraph__juWZN postParagraph_post-paragraph-innerHtml__Q5vwc\">Desde o ano passado, quando Trump e a presidente da Comiss\u00e3o Europeia, Ursula von der Leyen, assinaram o acordo, a grande maioria dos produtos europeus est\u00e1 sujeita a uma tarifa de 15%. No entanto, a UE n\u00e3o importou bens industriais dos EUA a 0% \u2014 como prometido \u2014 porque o Parlamento Europeu n\u00e3o ratificou o pacto.<\/p>\n<p class=\"postParagraph_post-paragraph__juWZN postParagraph_post-paragraph-innerHtml__Q5vwc\">Agora, a UE quer saber se o governo dos EUA continuar\u00e1 a cumprir a sua parte do acordo ou se as tarifas de 15% anunciadas por Trump neste fim de semana alteram o que foi acordado.<\/p>\n<p class=\"postParagraph_post-paragraph__juWZN postParagraph_post-paragraph-innerHtml__Q5vwc\">Lange afirmou que os grupos pol\u00edticos se reunir\u00e3o novamente na pr\u00f3xima semana, na esperan\u00e7a de que Washington tenha esclarecido se continuar\u00e1 a cumprir o acordo. Caso isso aconte\u00e7a, ela sugeriu que o Parlamento Europeu poderia ratificar o pacto em sua sess\u00e3o plen\u00e1ria de mar\u00e7o.<\/p>\n<p class=\"postParagraph_post-paragraph__juWZN postParagraph_post-paragraph-innerHtml__Q5vwc\">O Comiss\u00e1rio Europeu para o Com\u00e9rcio, Maro\u0161 \u0160ef\u010dovi\u010d, tamb\u00e9m foi ao Parlamento Europeu para discutir a situa\u00e7\u00e3o com os eurodeputados, ap\u00f3s a videoconfer\u00eancia que realizou com os ministros do Com\u00e9rcio do G7 e os contatos que teve no s\u00e1bado com o Representante Comercial dos EUA, Jamieson Greer, e o Secret\u00e1rio de Com\u00e9rcio, Howard Lutnick.<\/p>\n<p class=\"postParagraph_post-paragraph__juWZN postParagraph_post-paragraph-innerHtml__Q5vwc\">&#8220;Estabilidade e previsibilidade s\u00e3o prioridades para as nossas empresas. Reiterei que o pleno respeito pelo acordo UE-EUA \u00e9 fundamental&#8221;, escreveu \u0160ef\u010dovi\u010d nas redes sociais, enfatizando a mensagem que Bruxelas vem repetindo desde o an\u00fancio da decis\u00e3o.<\/p>\n<p class=\"postParagraph_post-paragraph__juWZN postParagraph_post-paragraph-innerHtml__Q5vwc\">O Comiss\u00e1rio realizar\u00e1 outra reuni\u00e3o com os pa\u00edses da UE esta tarde para analisar a quest\u00e3o.<\/p>\n<\/div>\n<p><br \/>\n<br \/>Fonte: <a href=\"https:\/\/www.gazetadopovo.com.br\/mundo\/ue-congela-ratificacao-de-acordo-comercial-com-eua-em-meio-a-impasse-de-tarifas\/\">Revista Oeste<\/a><\/p>\n","protected":false},"excerpt":{"rendered":"<p>O Parlamento Europeu decidiu nesta segunda-feira (23) suspender a ratifica\u00e7\u00e3o do acordo comercial assinado em agosto entre a Uni\u00e3o Europeia (UE) e os EUA, devido \u00e0 incerteza gerada pela decis\u00e3o da Suprema Corte americana que declarou ilegal parte das tarifas impostas pelo presidente Donald Trump. A Comiss\u00e3o de Com\u00e9rcio do Parlamento Europeu planejava votar o [&hellip;]<\/p>\n","protected":false},"author":5,"featured_media":64291,"comment_status":"open","ping_status":"open","sticky":false,"template":"","format":"standard","meta":{"_seopress_robots_primary_cat":"","_seopress_titles_title":"","_seopress_titles_desc":"","_seopress_robots_index":"","footnotes":""},"categories":[48],"tags":[],"class_list":["post-64290","post","type-post","status-publish","format-standard","has-post-thumbnail","hentry","category-internacional"],"_links":{"self":[{"href":"https:\/\/mussicom.com\/noticias\/wp-json\/wp\/v2\/posts\/64290","targetHints":{"allow":["GET"]}}],"collection":[{"href":"https:\/\/mussicom.com\/noticias\/wp-json\/wp\/v2\/posts"}],"about":[{"href":"https:\/\/mussicom.com\/noticias\/wp-json\/wp\/v2\/types\/post"}],"author":[{"embeddable":true,"href":"https:\/\/mussicom.com\/noticias\/wp-json\/wp\/v2\/users\/5"}],"replies":[{"embeddable":true,"href":"https:\/\/mussicom.com\/noticias\/wp-json\/wp\/v2\/comments?post=64290"}],"version-history":[{"count":0,"href":"https:\/\/mussicom.com\/noticias\/wp-json\/wp\/v2\/posts\/64290\/revisions"}],"wp:featuredmedia":[{"embeddable":true,"href":"https:\/\/mussicom.com\/noticias\/wp-json\/wp\/v2\/media\/64291"}],"wp:attachment":[{"href":"https:\/\/mussicom.com\/noticias\/wp-json\/wp\/v2\/media?parent=64290"}],"wp:term":[{"taxonomy":"category","embeddable":true,"href":"https:\/\/mussicom.com\/noticias\/wp-json\/wp\/v2\/categories?post=64290"},{"taxonomy":"post_tag","embeddable":true,"href":"https:\/\/mussicom.com\/noticias\/wp-json\/wp\/v2\/tags?post=64290"}],"curies":[{"name":"wp","href":"https:\/\/api.w.org\/{rel}","templated":true}]}}