{"id":6429,"date":"2025-03-17T17:02:27","date_gmt":"2025-03-17T20:02:27","guid":{"rendered":"https:\/\/www.mussicom.com\/conheca-andorra-o-pais-onde-o-presidente-frances-e-um-rei\/"},"modified":"2025-03-17T17:02:27","modified_gmt":"2025-03-17T20:02:27","slug":"conheca-andorra-o-pais-onde-o-presidente-frances-e-um-rei","status":"publish","type":"post","link":"https:\/\/mussicom.com\/noticias\/conheca-andorra-o-pais-onde-o-presidente-frances-e-um-rei\/","title":{"rendered":"Conhe\u00e7a Andorra, o pa\u00eds onde o presidente franc\u00eas \u00e9 um &#8216;rei&#8217;"},"content":{"rendered":"<p> <br \/>\n<\/p>\n<div id=\"hd80s9wa1h892edh8192\">\n<p>Um dos pa\u00edses mais antigos do mundo \u00e9 governado por dois \u201creis\u201d. Trata-se de Andorra, um caso \u00fanico de diarquia: o trono \u00e9 dividido por dois soberanos. Oficialmente, eles recebem o t\u00edtulo de pr\u00edncipes \u2014 curiosamente, nenhum deles chega ao cargo por fazer parte da nobreza.<\/p>\n<p><strong>+ Leia mais not\u00edcias de Mundo em Oeste<\/strong><\/p>\n<p>Andorra fica nos Pirineus, uma cadeia de montanhas entre a Fran\u00e7a e a Espanha. O trono local pertence a representantes desses dois pa\u00edses. Um deles \u00e9 o bispo da diocese de Urgel \u2014 na regi\u00e3o espanhola da Catalunha. O outro \u00e9 um republicano: o presidente da Fran\u00e7a, seja quem for que estiver no cargo. E essa peculiaridade j\u00e1 fez com que socialistas se tornassem \u201creis\u201d \u2014 um deles, inclusive, recentemente.<\/p>\n<h2 class=\"wp-block-heading\">Os \u201creis\u201d socialistas<\/h2>\n<p>Membro do Partido Socialista, Fran\u00e7ois Hollande, por exemplo, presidiu a Fran\u00e7a de 2012 a 2017. Ou seja: nesse mesmo per\u00edodo, ele era um dos pr\u00edncipes de Andorra. E esse n\u00e3o \u00e9 um caso isolado. Fran\u00e7ois Mitterrand, que governou os franceses de 1981 a 1995, era do mesmo partido de Hollande.<\/p>\n<h2 class=\"wp-block-heading\">Por que houve a divis\u00e3o do trono com a Fran\u00e7a?<\/h2>\n<p>O acordo que define a divis\u00e3o do trono data de 1278, quando houve a cria\u00e7\u00e3o do principado de Andorra. Os termos estabeleciam o nascimento do pa\u00eds com o poder dividido entre dois soberanos: o bispo de Urgel e o conde de Foix \u2014 uma regi\u00e3o da Fran\u00e7a. <\/p>\n<p>Em 1589, Henrique IV herdou tanto o trono franc\u00eas quanto o t\u00edtulo pelo condado. Desde ent\u00e3o, todo chefe de Estado franc\u00eas tamb\u00e9m \u00e9 copr\u00edncipe em Andorra. Nem a Revolu\u00e7\u00e3o Francesa aboliu o cargo, mesmo movimento que dep\u00f4s a monarquia na Fran\u00e7a, em 1789.<\/p>\n<h2 class=\"wp-block-heading\">O tamanho de Andorra<\/h2>\n<p>Apesar de ser um pa\u00eds com autonomia administrativa e uma Constitui\u00e7\u00e3o, Andorra \u00e9 menor que muitas cidades ao redor do mundo \u2014 ao menos em territ\u00f3rio e popula\u00e7\u00e3o. Com \u00e1rea de 467 km\u00b2, essa na\u00e7\u00e3o abriga cerca de 80 mil moradores. \u00c9 menos terra e gente que em Boa Vista, a capital de Roraima, que tem 413 mil habitantes e 5,6 mil km\u00b2. Contudo, quando o assunto \u00e9 riqueza, o pequeno pa\u00eds nos Pirineus leva a melhor.<\/p>\n<p>De acordo com o Banco Mundial, o Produto Interno Bruto (PIB) de Andorra em 2022 fechou em US$ 3,4 bilh\u00f5es. A cifra equivale a quase toda a riqueza gerada em todo o territ\u00f3rio de Roraima no mesmo ano.<\/p>\n<\/p><\/div>\n<p><br \/>\n<br \/>Fonte: <a href=\"https:\/\/revistaoeste.com\/mundo\/conheca-o-pais-onde-o-presidente-frances-e-um-rei\/\">Revista Oeste<\/a><\/p>\n","protected":false},"excerpt":{"rendered":"<p>Um dos pa\u00edses mais antigos do mundo \u00e9 governado por dois \u201creis\u201d. Trata-se de Andorra, um caso \u00fanico de diarquia: o trono \u00e9 dividido por dois soberanos. Oficialmente, eles recebem o t\u00edtulo de pr\u00edncipes \u2014 curiosamente, nenhum deles chega ao cargo por fazer parte da nobreza. + Leia mais not\u00edcias de Mundo em Oeste Andorra [&hellip;]<\/p>\n","protected":false},"author":5,"featured_media":6430,"comment_status":"open","ping_status":"open","sticky":false,"template":"","format":"standard","meta":{"_seopress_robots_primary_cat":"","_seopress_titles_title":"","_seopress_titles_desc":"","_seopress_robots_index":"","footnotes":""},"categories":[48],"tags":[],"class_list":["post-6429","post","type-post","status-publish","format-standard","has-post-thumbnail","hentry","category-internacional"],"_links":{"self":[{"href":"https:\/\/mussicom.com\/noticias\/wp-json\/wp\/v2\/posts\/6429","targetHints":{"allow":["GET"]}}],"collection":[{"href":"https:\/\/mussicom.com\/noticias\/wp-json\/wp\/v2\/posts"}],"about":[{"href":"https:\/\/mussicom.com\/noticias\/wp-json\/wp\/v2\/types\/post"}],"author":[{"embeddable":true,"href":"https:\/\/mussicom.com\/noticias\/wp-json\/wp\/v2\/users\/5"}],"replies":[{"embeddable":true,"href":"https:\/\/mussicom.com\/noticias\/wp-json\/wp\/v2\/comments?post=6429"}],"version-history":[{"count":0,"href":"https:\/\/mussicom.com\/noticias\/wp-json\/wp\/v2\/posts\/6429\/revisions"}],"wp:featuredmedia":[{"embeddable":true,"href":"https:\/\/mussicom.com\/noticias\/wp-json\/wp\/v2\/media\/6430"}],"wp:attachment":[{"href":"https:\/\/mussicom.com\/noticias\/wp-json\/wp\/v2\/media?parent=6429"}],"wp:term":[{"taxonomy":"category","embeddable":true,"href":"https:\/\/mussicom.com\/noticias\/wp-json\/wp\/v2\/categories?post=6429"},{"taxonomy":"post_tag","embeddable":true,"href":"https:\/\/mussicom.com\/noticias\/wp-json\/wp\/v2\/tags?post=6429"}],"curies":[{"name":"wp","href":"https:\/\/api.w.org\/{rel}","templated":true}]}}