{"id":64262,"date":"2026-02-23T11:53:16","date_gmt":"2026-02-23T14:53:16","guid":{"rendered":"https:\/\/mussicom.com\/servidora-da-receita-alvo-do-stf-recebeu-tornozeleira-com-4-de-bateria-diz-defesa\/"},"modified":"2026-02-23T11:53:16","modified_gmt":"2026-02-23T14:53:16","slug":"servidora-da-receita-alvo-do-stf-recebeu-tornozeleira-com-4-de-bateria-diz-defesa","status":"publish","type":"post","link":"https:\/\/mussicom.com\/noticias\/servidora-da-receita-alvo-do-stf-recebeu-tornozeleira-com-4-de-bateria-diz-defesa\/","title":{"rendered":"Servidora da Receita alvo do STF recebeu tornozeleira com 4% de bateria, diz defesa"},"content":{"rendered":"<p> <br \/>\n<\/p>\n<div id=\"tp-post-content\">\n<p class=\"postParagraph_post-paragraph__juWZN postParagraph_post-paragraph-innerHtml__Q5vwc\">A servidora da Receita Federal Ruth Machado dos Santos, acusada de acessar indevidamente dados da advogada Viviane Barci, esposa do ministro do Supremo Tribunal Federal (STF) Alexandre de Moraes, foi ao Centro de Progress\u00e3o Penitenci\u00e1ria (CPP) de S\u00e3o Vicente (SP) na \u00faltima ter\u00e7a-feira (17), para instala\u00e7\u00e3o de uma tornozeleira eletr\u00f4nica, por ordem do mesmo ministro. De acordo com a defesa de Ruth, a Secretaria de Administra\u00e7\u00e3o Penitenci\u00e1ria (SAP) <strong>forneceu uma tornozeleira eletr\u00f4nica com 4% de bateria. <\/strong>A defesa precisou aguardar por quatro horas at\u00e9 o carregamento do equipamento na pr\u00f3pria unidade, para evitar que, durante o caminho, houvesse um desligamento<strong>, o que poderia  fazer com que a auxiliar administrativa acabasse presa. <\/strong><\/p>\n<p class=\"postParagraph_post-paragraph__juWZN postParagraph_post-paragraph-innerHtml__Q5vwc\">&#8220;Ela ficou aproximadamente umas quatro horas no CPP de S\u00e3o Vicente, entre instala\u00e7\u00e3o de tornozeleira e carregamento, que a SAP  forneceu uma tornozeleira com 4% para ela. Ela correria o risco at\u00e9 de ser presa se ela regressasse \u00e0 casa com esses 4%&#8221;, disse o advogado Diego Scarpa \u00e0 <strong>Gazeta do Povo<\/strong>. A reportagem tamb\u00e9m entrou em contato com a SAP e o espa\u00e7o segue aberto para manifesta\u00e7\u00e3o.<\/p>\n<p class=\"postParagraph_post-paragraph__juWZN postParagraph_post-paragraph-innerHtml__Q5vwc\">O an\u00fancio das investiga\u00e7\u00f5es pelo STF chamou a aten\u00e7\u00e3o por citar nominalmente os suspeitos, o que n\u00e3o costuma ocorrer em divulga\u00e7\u00f5es do tipo. A Corte ressaltou o fato de que o pedido partiu da Procuradoria-Geral da Rep\u00fablica no inqu\u00e9rito das fake news, aberto de of\u00edcio (diretamente pelo Supremo, sem pedido). O inqu\u00e9rito j\u00e1 tramita h\u00e1 sete anos e a Ordem dos Advogados do Brasil (OAB) pede seu encerramento.<\/p>\n<p class=\"postParagraph_post-paragraph__juWZN postParagraph_post-paragraph-innerHtml__Q5vwc\">Ap\u00f3s a investida, o presidente da \u00a0Associa\u00e7\u00e3o Nacional dos Auditores Fiscais da Receita Federal do Brasil (Unafisco) criticou publicamente o Supremo, apontando os riscos aos auditores em investigar os ministros. O risco acabou se confirmando: Moraes mandou Kleber Cabral prestar depoimento \u00e0 Pol\u00edcia Federal (PF).<\/p>\n<div class=\"postViewMore_post-view-more-container___5wai\" data-mrf-recirculation=\"Post - Veja tamb\u00e9m\">\n<p class=\"gp-styles-module-size-small-afeYRa gp-styles-module-font-family2-afeYRa gp-styles-module-color-secondary-afeYRa gp-styles-module-weight-bold-afeYRa\">VEJA TAMB\u00c9M:<\/p>\n<ul class=\"postViewMore_post-view-more-list__CU_CE\">\n<li class=\"postViewMore_post-view-more-item__2MzRb\"><span class=\"postViewMore_post-view-more-link-icon___stPC\"><svg xmlns=\"http:\/\/www.w3.org\/2000\/svg\" width=\"16\" height=\"16\" viewbox=\"0 0 16 16\"><rect width=\"16\" height=\"16\" fill=\"none\"\/><g transform=\"translate(3 3)\"><path d=\"M22.5,15l3.4,3.4-3.4,3.4\" transform=\"translate(-15.896 -11.793)\" fill=\"none\" stroke=\"#717171\" stroke-linecap=\"round\" stroke-width=\"1.4\"\/><path d=\"M6,6v4.2a2.452,2.452,0,0,0,2.5,2.4H16\" transform=\"translate(-6 -6)\" fill=\"none\" stroke=\"#717171\" stroke-linecap=\"round\" stroke-width=\"1.4\"\/><\/g><\/svg><\/span><span class=\"postViewMore_post-view-more-link-text__hO_kM\">Presidente da Unafisco dep\u00f5e \u00e0 PF como investigado ap\u00f3s cr\u00edticas a Moraes, diz entidade<\/span><\/li>\n<li class=\"postViewMore_post-view-more-item__2MzRb\"><span class=\"postViewMore_post-view-more-link-icon___stPC\"><svg xmlns=\"http:\/\/www.w3.org\/2000\/svg\" width=\"16\" height=\"16\" viewbox=\"0 0 16 16\"><rect width=\"16\" height=\"16\" fill=\"none\"\/><g transform=\"translate(3 3)\"><path d=\"M22.5,15l3.4,3.4-3.4,3.4\" transform=\"translate(-15.896 -11.793)\" fill=\"none\" stroke=\"#717171\" stroke-linecap=\"round\" stroke-width=\"1.4\"\/><path d=\"M6,6v4.2a2.452,2.452,0,0,0,2.5,2.4H16\" transform=\"translate(-6 -6)\" fill=\"none\" stroke=\"#717171\" stroke-linecap=\"round\" stroke-width=\"1.4\"\/><\/g><\/svg><\/span><span class=\"postViewMore_post-view-more-link-text__hO_kM\">MPTCU pede fiscaliza\u00e7\u00e3o sobre vazamento de dados de ministros na Receita<\/span><\/li>\n<\/ul>\n<\/div>\n<h2 class=\"postParagraph_post-paragraph__juWZN postParagraph_post-paragraph-innerHtml__Q5vwc postParagraph_type-tag-h2__TtFkT\">O que diz a defesa<\/h2>\n<p class=\"postParagraph_post-paragraph__juWZN postParagraph_post-paragraph-innerHtml__Q5vwc\">O advogado Diego Scarpa, que defende Ruth, emitiu nota na \u00faltima quarta-feira (18) sobre as acusa\u00e7\u00f5es:<\/p>\n<p class=\"postParagraph_post-paragraph__juWZN postParagraph_post-paragraph-innerHtml__Q5vwc\"><em>&#8220;Diante das not\u00edcias recentemente veiculadas acerca de supostos vazamentos envolvendo dados fiscais de familiares do doutor Alexandre de Moares, Ministro do Supremo Tribunal Federal, a defesa de Ruth Machado dos Satos manifesta-se publicamente para esclarecer os fatos.<\/em><\/p>\n<p class=\"postParagraph_post-paragraph__juWZN postParagraph_post-paragraph-innerHtml__Q5vwc\"><em>Trata-se de profissional com quase 32 anos de servi\u00e7o p\u00fablico, cuja trajet\u00f3ria funcional \u00e9 marcada pela corre\u00e7\u00e3o, discri\u00e7\u00e3o e absoluto respeito \u00e0s normas que regem a Administra\u00e7\u00e3o P\u00fablica, com estrita observ\u00e2ncia aos deveres legais, especialmente aqueles relacionados ao sigilo funcional, \u00e0 prote\u00e7\u00e3o de dados e \u00e0 responsabilidade inerente ao cargo. Ao longo de mais de tr\u00eas d\u00e9cadas de exerc\u00edcio, jamais respondeu a qualquer procedimento disciplinar, sindic\u00e2ncia ou investiga\u00e7\u00e3o, mantendo reputa\u00e7\u00e3o ilibada e reconhecida por colegas e superiores hier\u00e1rquicos.<\/em><\/p>\n<p class=\"postParagraph_post-paragraph__juWZN postParagraph_post-paragraph-innerHtml__Q5vwc\"><em>Cumpre-nos ressaltar que a profissional n\u00e3o possui qualquer v\u00ednculo pol\u00edtico-partid\u00e1rio, hist\u00f3rico de milit\u00e2ncia ou engajamento ideol\u00f3gico que pudesse, ainda que em tese, sugerir motiva\u00e7\u00e3o de natureza pol\u00edtica. Trata-se de atua\u00e7\u00e3o t\u00e9cnica, apartid\u00e1ria, e de uma vida funcional distante de disputas ou alinhamentos dessa natureza.<\/em><\/p>\n<p class=\"postParagraph_post-paragraph__juWZN postParagraph_post-paragraph-innerHtml__Q5vwc\"><em>Por fim, a defesa est\u00e1 confiante que a apura\u00e7\u00e3o dos fatos ocorrer\u00e1 com serenidade, responsabilidade e respeito \u00e0s garantias constitucionais do devido processo legal, assegurando-se a ampla defesa e o contradit\u00f3rio. Tem-se convic\u00e7\u00e3o de que, ao final, restar\u00e1 demonstrado que a servidora n\u00e3o concorreu para a infra\u00e7\u00e3o penal.<\/em>&#8220;<\/p>\n<\/div>\n<p><br \/>\n<br \/>Fonte: <a href=\"https:\/\/www.gazetadopovo.com.br\/republica\/servidora-da-receita-alvo-do-stf-recebeu-tornozeleira-com-bateria-fraca-diz-defesa\/\">Revista Oeste<\/a><\/p>\n","protected":false},"excerpt":{"rendered":"<p>A servidora da Receita Federal Ruth Machado dos Santos, acusada de acessar indevidamente dados da advogada Viviane Barci, esposa do ministro do Supremo Tribunal Federal (STF) Alexandre de Moraes, foi ao Centro de Progress\u00e3o Penitenci\u00e1ria (CPP) de S\u00e3o Vicente (SP) na \u00faltima ter\u00e7a-feira (17), para instala\u00e7\u00e3o de uma tornozeleira eletr\u00f4nica, por ordem do mesmo ministro. [&hellip;]<\/p>\n","protected":false},"author":5,"featured_media":64263,"comment_status":"open","ping_status":"open","sticky":false,"template":"","format":"standard","meta":{"_seopress_robots_primary_cat":"","_seopress_titles_title":"","_seopress_titles_desc":"","_seopress_robots_index":"","footnotes":""},"categories":[1],"tags":[],"class_list":["post-64262","post","type-post","status-publish","format-standard","has-post-thumbnail","hentry","category-ultimas-noticias"],"_links":{"self":[{"href":"https:\/\/mussicom.com\/noticias\/wp-json\/wp\/v2\/posts\/64262","targetHints":{"allow":["GET"]}}],"collection":[{"href":"https:\/\/mussicom.com\/noticias\/wp-json\/wp\/v2\/posts"}],"about":[{"href":"https:\/\/mussicom.com\/noticias\/wp-json\/wp\/v2\/types\/post"}],"author":[{"embeddable":true,"href":"https:\/\/mussicom.com\/noticias\/wp-json\/wp\/v2\/users\/5"}],"replies":[{"embeddable":true,"href":"https:\/\/mussicom.com\/noticias\/wp-json\/wp\/v2\/comments?post=64262"}],"version-history":[{"count":0,"href":"https:\/\/mussicom.com\/noticias\/wp-json\/wp\/v2\/posts\/64262\/revisions"}],"wp:featuredmedia":[{"embeddable":true,"href":"https:\/\/mussicom.com\/noticias\/wp-json\/wp\/v2\/media\/64263"}],"wp:attachment":[{"href":"https:\/\/mussicom.com\/noticias\/wp-json\/wp\/v2\/media?parent=64262"}],"wp:term":[{"taxonomy":"category","embeddable":true,"href":"https:\/\/mussicom.com\/noticias\/wp-json\/wp\/v2\/categories?post=64262"},{"taxonomy":"post_tag","embeddable":true,"href":"https:\/\/mussicom.com\/noticias\/wp-json\/wp\/v2\/tags?post=64262"}],"curies":[{"name":"wp","href":"https:\/\/api.w.org\/{rel}","templated":true}]}}