{"id":64200,"date":"2026-02-22T23:41:14","date_gmt":"2026-02-23T02:41:14","guid":{"rendered":"https:\/\/mussicom.com\/entenda-as-brigas-dos-ministros-no-caso-master\/"},"modified":"2026-02-22T23:41:14","modified_gmt":"2026-02-23T02:41:14","slug":"entenda-as-brigas-dos-ministros-no-caso-master","status":"publish","type":"post","link":"https:\/\/mussicom.com\/noticias\/entenda-as-brigas-dos-ministros-no-caso-master\/","title":{"rendered":"Entenda as brigas dos ministros no Caso Master"},"content":{"rendered":"<p> <br \/>\n<\/p>\n<div id=\"tp-post-content\">\n<p class=\"postParagraph_post-paragraph__juWZN postParagraph_post-paragraph-innerHtml__Q5vwc\">A rela\u00e7\u00e3o entre os ministros do Supremo Tribunal Federal (STF) enfrenta um forte desgaste ap\u00f3s revela\u00e7\u00f5es de liga\u00e7\u00f5es suspeitas com o Banco Master. O cen\u00e1rio em Bras\u00edlia, neste in\u00edcio de 2026, \u00e9 de antagonismo e troca de recados an\u00f4nimos pela imprensa, abalando a uni\u00e3o interna da Corte.<\/p>\n<h2 class=\"postParagraph_post-paragraph__juWZN postParagraph_post-paragraph-innerHtml__Q5vwc postParagraph_type-tag-h2__TtFkT\">Quais s\u00e3o as principais suspeitas envolvendo os ministros no caso Master?<\/h2>\n<p class=\"postParagraph_post-paragraph__juWZN postParagraph_post-paragraph-innerHtml__Q5vwc\">As investiga\u00e7\u00f5es apontam liga\u00e7\u00f5es entre os ministros Dias Toffoli e Alexandre de Moraes com o banqueiro Daniel Vorcaro. No caso de Toffoli, surgiram men\u00e7\u00f5es a pagamentos de R$ 35 milh\u00f5es para uma empresa de sua fam\u00edlia. J\u00e1 Moraes virou alvo de questionamentos ap\u00f3s vir a p\u00fablico um contrato de R$ 129 milh\u00f5es do escrit\u00f3rio de advocacia de sua esposa, Viviane Barci de Moraes, com o banco. Ambos negam irregularidades.<\/p>\n<h2 class=\"postParagraph_post-paragraph__juWZN postParagraph_post-paragraph-innerHtml__Q5vwc postParagraph_type-tag-h2__TtFkT\">Como os outros ministros reagiram \u00e0s decis\u00f5es de Toffoli e Moraes?<\/h2>\n<p class=\"postParagraph_post-paragraph__juWZN postParagraph_post-paragraph-innerHtml__Q5vwc\">Houve um inc\u00f4modo generalizado com o que colegas chamam de decis\u00f5es heterodoxas, ou seja, fora do padr\u00e3o comum. Toffoli foi afastado da relatoria do inqu\u00e9rito por decis\u00e3o dos demais ministros em uma reuni\u00e3o secreta. Moraes tamb\u00e9m foi criticado por realizar opera\u00e7\u00f5es de busca e apreens\u00e3o contra servidores da Receita Federal sem avisar os colegas, gerando o temor de que ele estivesse coletando dados sigilosos para montar dossi\u00eas contra outros magistrados.<\/p>\n<h2 class=\"postParagraph_post-paragraph__juWZN postParagraph_post-paragraph-innerHtml__Q5vwc postParagraph_type-tag-h2__TtFkT\">O que \u00e9 o c\u00f3digo de \u00e9tica proposto pelo ministro Edson Fachin?<\/h2>\n<p class=\"postParagraph_post-paragraph__juWZN postParagraph_post-paragraph-innerHtml__Q5vwc\">Diante da crise de imagem, o atual presidente do STF, Edson Fachin, prometeu criar um c\u00f3digo de \u00e9tica interno para a Corte. O objetivo \u00e9 estabelecer regras de conduta mais claras para os ministros. No entanto, a proposta sofre forte resist\u00eancia de um grupo interno que usa a imprensa para atacar Fachin, apelidando-o ironicamente de &#8216;Frachin&#8217; para sugerir fraqueza na lideran\u00e7a.<\/p>\n<h2 class=\"postParagraph_post-paragraph__juWZN postParagraph_post-paragraph-innerHtml__Q5vwc postParagraph_type-tag-h2__TtFkT\">Por que a uni\u00e3o demonstrada pelo STF nos \u00faltimos anos acabou?<\/h2>\n<p class=\"postParagraph_post-paragraph__juWZN postParagraph_post-paragraph-innerHtml__Q5vwc\">Entre 2019 e 2023, os ministros mantiveram uma frente unida para enfrentar o que consideravam amea\u00e7as externas \u00e0 institui\u00e7\u00e3o. Ap\u00f3s a condena\u00e7\u00e3o de Jair Bolsonaro e sua sa\u00edda da cena p\u00fablica, as diverg\u00eancias internas voltaram a aparecer. Diferente do passado, em que as brigas eram por teses jur\u00eddicas, o racha atual \u00e9 motivado por suspeitas de envolvimento direto em esc\u00e2ndalos financeiros e o medo de novos vazamentos.<\/p>\n<h2 class=\"postParagraph_post-paragraph__juWZN postParagraph_post-paragraph-innerHtml__Q5vwc postParagraph_type-tag-h2__TtFkT\">Qual \u00e9 o impacto desse conflito para a popula\u00e7\u00e3o brasileira?<\/h2>\n<p class=\"postParagraph_post-paragraph__juWZN postParagraph_post-paragraph-innerHtml__Q5vwc\">O resultado direto \u00e9 a queda na credibilidade do tribunal. Uma pesquisa recente indica que 82% dos brasileiros defendem a necessidade de um c\u00f3digo de \u00e9tica para os ministros do Supremo. O sentimento de desconfian\u00e7a que domina os bastidores da Corte em Bras\u00edlia parece refletir a opini\u00e3o p\u00fablica, que cobra mais transpar\u00eancia e rigor no comportamento dos magistrados da inst\u00e2ncia m\u00e1xima da Justi\u00e7a.<\/p>\n<p class=\"postParagraph_post-paragraph__juWZN postParagraph_post-paragraph-innerHtml__Q5vwc\"><i>Conte\u00fado produzido a partir de informa\u00e7\u00f5es apuradas pela equipe de rep\u00f3rteres da Gazeta do Povo. Para acessar a informa\u00e7\u00e3o na \u00edntegra e se aprofundar sobre o tema leia a reportagem abaixo.<\/i><\/p>\n<div class=\"postViewMore_post-view-more-container___5wai\" data-mrf-recirculation=\"Post - Veja tamb\u00e9m\">\n<p class=\"gp-styles-module-size-small-afeYRa gp-styles-module-font-family2-afeYRa gp-styles-module-color-secondary-afeYRa gp-styles-module-weight-bold-afeYRa\">VEJA TAMB\u00c9M:<\/p>\n<ul class=\"postViewMore_post-view-more-list__CU_CE\">\n<li class=\"postViewMore_post-view-more-item__2MzRb\"><span class=\"postViewMore_post-view-more-link-icon___stPC\"><svg xmlns=\"http:\/\/www.w3.org\/2000\/svg\" width=\"16\" height=\"16\" viewbox=\"0 0 16 16\"><rect width=\"16\" height=\"16\" fill=\"none\"\/><g transform=\"translate(3 3)\"><path d=\"M22.5,15l3.4,3.4-3.4,3.4\" transform=\"translate(-15.896 -11.793)\" fill=\"none\" stroke=\"#717171\" stroke-linecap=\"round\" stroke-width=\"1.4\"\/><path d=\"M6,6v4.2a2.452,2.452,0,0,0,2.5,2.4H16\" transform=\"translate(-6 -6)\" fill=\"none\" stroke=\"#717171\" stroke-linecap=\"round\" stroke-width=\"1.4\"\/><\/g><\/svg><\/span><span class=\"postViewMore_post-view-more-link-text__hO_kM\">Desconfian\u00e7a toma conta do STF com caso Master e desgasta rela\u00e7\u00e3o dos ministros<\/span><\/li>\n<\/ul>\n<\/div>\n<\/div>\n<p><br \/>\n<br \/>Fonte: <a href=\"https:\/\/www.gazetadopovo.com.br\/republica\/por-que-o-caso-banco-master-gerou-uma-crise-de-desconfianca-no-stf\/\">Revista Oeste<\/a><\/p>\n","protected":false},"excerpt":{"rendered":"<p>A rela\u00e7\u00e3o entre os ministros do Supremo Tribunal Federal (STF) enfrenta um forte desgaste ap\u00f3s revela\u00e7\u00f5es de liga\u00e7\u00f5es suspeitas com o Banco Master. O cen\u00e1rio em Bras\u00edlia, neste in\u00edcio de 2026, \u00e9 de antagonismo e troca de recados an\u00f4nimos pela imprensa, abalando a uni\u00e3o interna da Corte. Quais s\u00e3o as principais suspeitas envolvendo os ministros [&hellip;]<\/p>\n","protected":false},"author":5,"featured_media":64201,"comment_status":"open","ping_status":"open","sticky":false,"template":"","format":"standard","meta":{"_seopress_robots_primary_cat":"","_seopress_titles_title":"","_seopress_titles_desc":"","_seopress_robots_index":"","footnotes":""},"categories":[1],"tags":[],"class_list":["post-64200","post","type-post","status-publish","format-standard","has-post-thumbnail","hentry","category-ultimas-noticias"],"_links":{"self":[{"href":"https:\/\/mussicom.com\/noticias\/wp-json\/wp\/v2\/posts\/64200","targetHints":{"allow":["GET"]}}],"collection":[{"href":"https:\/\/mussicom.com\/noticias\/wp-json\/wp\/v2\/posts"}],"about":[{"href":"https:\/\/mussicom.com\/noticias\/wp-json\/wp\/v2\/types\/post"}],"author":[{"embeddable":true,"href":"https:\/\/mussicom.com\/noticias\/wp-json\/wp\/v2\/users\/5"}],"replies":[{"embeddable":true,"href":"https:\/\/mussicom.com\/noticias\/wp-json\/wp\/v2\/comments?post=64200"}],"version-history":[{"count":0,"href":"https:\/\/mussicom.com\/noticias\/wp-json\/wp\/v2\/posts\/64200\/revisions"}],"wp:featuredmedia":[{"embeddable":true,"href":"https:\/\/mussicom.com\/noticias\/wp-json\/wp\/v2\/media\/64201"}],"wp:attachment":[{"href":"https:\/\/mussicom.com\/noticias\/wp-json\/wp\/v2\/media?parent=64200"}],"wp:term":[{"taxonomy":"category","embeddable":true,"href":"https:\/\/mussicom.com\/noticias\/wp-json\/wp\/v2\/categories?post=64200"},{"taxonomy":"post_tag","embeddable":true,"href":"https:\/\/mussicom.com\/noticias\/wp-json\/wp\/v2\/tags?post=64200"}],"curies":[{"name":"wp","href":"https:\/\/api.w.org\/{rel}","templated":true}]}}