{"id":64196,"date":"2026-02-22T22:15:13","date_gmt":"2026-02-23T01:15:13","guid":{"rendered":"https:\/\/mussicom.com\/jogador-do-bragantino-pede-desculpas-apos-fala-machista-contra-arbitra\/"},"modified":"2026-02-22T22:15:13","modified_gmt":"2026-02-23T01:15:13","slug":"jogador-do-bragantino-pede-desculpas-apos-fala-machista-contra-arbitra","status":"publish","type":"post","link":"https:\/\/mussicom.com\/noticias\/jogador-do-bragantino-pede-desculpas-apos-fala-machista-contra-arbitra\/","title":{"rendered":"Jogador do Bragantino pede desculpas ap\u00f3s fala machista contra \u00e1rbitra"},"content":{"rendered":"<p> <br \/>\n<\/p>\n<div>\n<p>O zagueiro Gustavo Marques, do Bragantino, pediu desculpas ap\u00f3s questionar e criticar a escala\u00e7\u00e3o da \u00e1rbitra Daiane Muniz para o jogo no qual a sua equipe foi derrotada pelo S\u00e3o Paulo, na noite do \u00faltimo s\u00e1bado (21), pelo Campeonato Paulista.<img decoding=\"async\" src=\"https:\/\/agenciabrasil.ebc.com.br\/ebc.gif?id=1678939&amp;o=node\" style=\"width:1px; height:1px; display:inline;\"\/><\/p>\n<p>\u201cPrimeiramente, quero falar da arbitragem porque n\u00e3o adianta jogar contra S\u00e3o Paulo, Palmeiras, Corinthians e eles colocarem uma mulher para apitar um jogo desse tamanho. Era nosso sonho chegar \u00e0 semifinal, ou at\u00e9 a final, mas ela acabou com nosso jogo. Acho que a Federa\u00e7\u00e3o Paulista tem que olhar para os jogos desse tamanho e n\u00e3o colocar uma mulher. Todo respeito \u00e0s mulheres do mundo, sou casado, tenho minha m\u00e3e, ent\u00e3o desculpa se estou falando alguma coisa para as mulheres\u201d, declarou o zagueiro em entrevista ap\u00f3s a partida para uma equipe de reportagem da emissora TNT.<\/p>\n<p>Em postagem nas redes sociais, o jogador pediu desculpas pelas declara\u00e7\u00f5es dadas ap\u00f3s a derrota de 2 a 1 do Bragantino para o S\u00e3o Paulo pelas quartas de final da competi\u00e7\u00e3o: \u201cEstava de cabe\u00e7a quente e muito frustrado pelo resultado da nossa equipe e acabei falando o que n\u00e3o deveria e poderia. Isso n\u00e3o justifica minha atitude e pe\u00e7o desculpas a todas mulheres e em especial a Daiane [\u2026]. Espero sair desse epis\u00f3dio uma pessoa melhor. Prometo aprender com esse erro\u201d.<\/p>\n<p>Ap\u00f3s a partida o Bragantino emitiu uma nota na qual lamentou o epis\u00f3dio e afirmou que estudar\u00e1 uma puni\u00e7\u00e3o ao jogador: \u201cO Red Bull Bragantino vem a p\u00fablico refor\u00e7ar o pedido de desculpas a todas as mulheres e, principalmente, \u00e0 \u00e1rbitra Daiane Muniz. O clube n\u00e3o compactua e repudia a fala machista do zagueiro Gustavo Marques, dita ap\u00f3s a partida [\u2026]. Sabemos que o peso de uma elimina\u00e7\u00e3o \u00e9 frustrante, mas nada justifica o que foi dito. Seja no futebol ou em qualquer meio da sociedade. O clube vai estudar nos pr\u00f3ximos dias a puni\u00e7\u00e3o que ser\u00e1 aplicada ao atleta\u201d.<\/p>\n<p>Quem tamb\u00e9m se pronunciou foi a Federa\u00e7\u00e3o Paulista de Futebol (FPF), que afirmou que encaminhar\u00e1 a declara\u00e7\u00e3o de Gustavo Marques \u00e0 Justi\u00e7a Desportiva: \u201c\u00c9 com profunda indigna\u00e7\u00e3o e revolta que a Federa\u00e7\u00e3o Paulista de Futebol recebeu a entrevista do atleta Gustavo Marques, do Red Bull Bragantino, ap\u00f3s a partida contra o S\u00e3o Paulo [\u2026]. Uma declara\u00e7\u00e3o em rela\u00e7\u00e3o \u00e0 \u00e1rbitra Daiane Muniz que reflete uma vis\u00e3o primitiva, machista, preconceituosa e mis\u00f3gina, incompat\u00edvel com os valores que regem a sociedade e o futebol. \u00c9 absolutamente estarrecedor que um atleta, em qualquer circunst\u00e2ncia, questione a capacidade de um \u00e1rbitro com base em seu g\u00eanero. A FPF tem orgulho de contar em seu quadro com 36 \u00e1rbitras e assistentes e continua trabalhando ativamente para que este n\u00famero cres\u00e7a [\u2026]. A FPF encaminhar\u00e1 tais declara\u00e7\u00f5es \u00e0 Justi\u00e7a Desportiva, para que esta tome todas as provid\u00eancias cab\u00edveis\u201d.<\/p>\n<p>      <!-- Relacionada --><\/p>\n<p>            <!-- Relacionada -->\n    <\/div>\n<p><br \/>\n<br \/>Fonte: <a href=\"https:\/\/agenciabrasil.ebc.com.br\/esportes\/noticia\/2026-02\/jogador-do-bragantino-pede-desculpas-apos-fala-machista-contra-arbitra\">Ag\u00eancia Brasil<\/a><\/p>\n","protected":false},"excerpt":{"rendered":"<p>O zagueiro Gustavo Marques, do Bragantino, pediu desculpas ap\u00f3s questionar e criticar a escala\u00e7\u00e3o da \u00e1rbitra Daiane Muniz para o jogo no qual a sua equipe foi derrotada pelo S\u00e3o Paulo, na noite do \u00faltimo s\u00e1bado (21), pelo Campeonato Paulista. \u201cPrimeiramente, quero falar da arbitragem porque n\u00e3o adianta jogar contra S\u00e3o Paulo, Palmeiras, Corinthians e [&hellip;]<\/p>\n","protected":false},"author":5,"featured_media":64197,"comment_status":"open","ping_status":"open","sticky":false,"template":"","format":"standard","meta":{"_seopress_robots_primary_cat":"","_seopress_titles_title":"","_seopress_titles_desc":"","_seopress_robots_index":"","footnotes":""},"categories":[40],"tags":[],"class_list":["post-64196","post","type-post","status-publish","format-standard","has-post-thumbnail","hentry","category-esportes"],"_links":{"self":[{"href":"https:\/\/mussicom.com\/noticias\/wp-json\/wp\/v2\/posts\/64196","targetHints":{"allow":["GET"]}}],"collection":[{"href":"https:\/\/mussicom.com\/noticias\/wp-json\/wp\/v2\/posts"}],"about":[{"href":"https:\/\/mussicom.com\/noticias\/wp-json\/wp\/v2\/types\/post"}],"author":[{"embeddable":true,"href":"https:\/\/mussicom.com\/noticias\/wp-json\/wp\/v2\/users\/5"}],"replies":[{"embeddable":true,"href":"https:\/\/mussicom.com\/noticias\/wp-json\/wp\/v2\/comments?post=64196"}],"version-history":[{"count":0,"href":"https:\/\/mussicom.com\/noticias\/wp-json\/wp\/v2\/posts\/64196\/revisions"}],"wp:featuredmedia":[{"embeddable":true,"href":"https:\/\/mussicom.com\/noticias\/wp-json\/wp\/v2\/media\/64197"}],"wp:attachment":[{"href":"https:\/\/mussicom.com\/noticias\/wp-json\/wp\/v2\/media?parent=64196"}],"wp:term":[{"taxonomy":"category","embeddable":true,"href":"https:\/\/mussicom.com\/noticias\/wp-json\/wp\/v2\/categories?post=64196"},{"taxonomy":"post_tag","embeddable":true,"href":"https:\/\/mussicom.com\/noticias\/wp-json\/wp\/v2\/tags?post=64196"}],"curies":[{"name":"wp","href":"https:\/\/api.w.org\/{rel}","templated":true}]}}