{"id":64125,"date":"2026-02-22T05:32:46","date_gmt":"2026-02-22T08:32:46","guid":{"rendered":"https:\/\/mussicom.com\/prefeito-de-bertioga-cria-nova-secretaria-e-redefine-equipe-de-governo\/"},"modified":"2026-02-22T05:32:46","modified_gmt":"2026-02-22T08:32:46","slug":"prefeito-de-bertioga-cria-nova-secretaria-e-redefine-equipe-de-governo","status":"publish","type":"post","link":"https:\/\/mussicom.com\/noticias\/prefeito-de-bertioga-cria-nova-secretaria-e-redefine-equipe-de-governo\/","title":{"rendered":"Prefeito de Bertioga cria nova\u00a0secretaria e redefine equipe de governo"},"content":{"rendered":"<p> <br \/>\n<\/p>\n<div id=\"texto\">\n<p><strong>Mudan\u00e7as no Governo<\/strong><br \/>&#13;<br \/>\nNa \u00faltima sexta-feira, o prefeito de Bertioga, Marcelo Vilares (Uni\u00e3o), sancionou a Lei Complementar n\u00ba 215\/2026, que promove mudan\u00e7as na estrutura administrativa do Munic\u00edpio. De autoria do Executivo, a proposta cria uma nova secretaria e tr\u00eas cargos comissionados: um secret\u00e1rio municipal, uma chefia executiva de gabinete do titular da pasta e uma chefia de unidade.\u00a0<\/p>\n<p><strong>Desmembramento<\/strong><br \/>&#13;<br \/>\nA principal mudan\u00e7a \u00e9 o desmembramento da antiga Secretaria de Seguran\u00e7a e Mobilidade nas pastas de Seguran\u00e7a e de Tr\u00e2nsito e Mobilidade. Segundo o chefe do Executivo, a medida busca garantir \u201cmaior especializa\u00e7\u00e3o, foco administrativo e efici\u00eancia operacional\u201d, diante da complexidade crescente das pol\u00edticas p\u00fablicas nas duas \u00e1reas.<\/p>\n<p><strong>Fortalecimento do chefe de gabinete<\/strong><br \/>&#13;<br \/>\nOutro ponto relevante da nova lei \u00e9 o fortalecimento da chefia executiva de gabinete do prefeito, com delega\u00e7\u00e3o expressa de atribui\u00e7\u00f5es administrativas, or\u00e7ament\u00e1rias, contratuais e disciplinares. A altera\u00e7\u00e3o buscou descentralizar procedimentos e agilizar decis\u00f5es, sem afastar os princ\u00edpios da legalidade e do controle.<\/p>\n<p><strong>Dan\u00e7a das cadeiras<\/strong><br \/>&#13;<br \/>\nVilares tamb\u00e9m aproveitou o momento para promover mudan\u00e7as no secretariado. Na \u00faltima quinta-feira, Mirian Cajazeira deixou o comando da Secretaria da Fazenda. Ela integrava a Administra\u00e7\u00e3o Municipal desde 2021 e j\u00e1 havia exercido essa mesma fun\u00e7\u00e3o em Santos e S\u00e3o Vicente. O novo titular \u00e9 o servidor de carreira Roberto Cassiano Guedes, que estava \u00e0 frente da pasta de Administra\u00e7\u00e3o. Com isso, Fernando Moreira de Oliveira passa a responder interinamente pela secretaria.<\/p>\n<p><strong>Ajustes de gest\u00e3o<\/strong><br \/>&#13;<br \/>\nThalita Walperes deixou a extinta pasta de Seguran\u00e7a e Mobilidade e assumiu a nova pasta de Tr\u00e2nsito e Mobilidade. J\u00e1 Johnny Mascarenhas de Queir\u00f3s passou a liderar a \u00e1rea de Seguran\u00e7a. Sobre as mudan\u00e7as no primeiro escal\u00e3o do Governo, Vilares afirmou que as altera\u00e7\u00f5es \u201cfazem parte da din\u00e2mica natural de qualquer gest\u00e3o\u201d e visam ao aprimoramento cont\u00ednuo da administra\u00e7\u00e3o p\u00fablica. \u201cSeguimos trabalhando com uma equipe comprometida e alinhada \u00e0s prioridades da Cidade, para avan\u00e7ar nas entregas \u00e0 popula\u00e7\u00e3o\u201d, ressaltou.<\/p>\n<p><strong>Transtornos<\/strong><br \/>&#13;<br \/>\nO forte temporal que atingiu Peru\u00edbe na manh\u00e3 de ontem provocou muitos estragos, como alagamentos em alguns pontos da Cidade e a interdi\u00e7\u00e3o preventiva na Serra do Guara\u00fa, devido a deslizamentos de terra e ao comprometimento de trechos do asfalto da estrada. Em apenas tr\u00eas horas, choveu 167 mil\u00edmetros, o equivalente a 90% da m\u00e9dia do volume de \u00e1gua esperado para o m\u00eas, segundo dados da Defesa Civil de S\u00e3o Paulo.\u00a0<\/p>\n<p><strong>Alerta antigo<\/strong><br \/>&#13;<br \/>\nO vereador Cristen na Mira (MDB) entende que o Munic\u00edpio sofre com os impactos causados pelas mudan\u00e7as clim\u00e1ticas e reconheceu a intensidade da tempestade. No entanto, atribuiu parte dos transtornos ao que classificou como asfaltamento sem crit\u00e9rio e \u00e0 falta de manuten\u00e7\u00e3o urbana. \u201cPassei o ano passado falando sobre isso na C\u00e2mara. N\u00e3o querem fazer o enfrentamento do que se deve. A Administra\u00e7\u00e3o P\u00fablica precisa come\u00e7ar a pensar em mudar a vida das pessoas\u201d, declarou nas redes sociais.<\/p>\n<p><strong>M\u00e1-f\u00e9<\/strong><br \/>&#13;<br \/>\nSem citar o parlamentar, o ex-prefeito Luiz Maur\u00edcio (PSD) reagiu \u00e0s cr\u00edticas. &#8220;Ser oposi\u00e7\u00e3o e cr\u00edtico a um governo \u00e9 totalmente natural e aceit\u00e1vel. Faz parte da democracia. Respeito muito isso&#8221;, destacou. Na sequ\u00eancia, o ex-chefe do Executivo complementou: &#8220;Mas imputar ao governo a responsabilidade pelo deslizamento de barreiras ap\u00f3s uma chuva muito forte (quase 200mm em poucas horas) beira a m\u00e1-f\u00e9. Isso acontece em qualquer lugar do mundo, inclusive em Peru\u00edbe&#8221;.<\/p>\n<p><strong>Tarifa zero aos domingos<\/strong><br \/>&#13;<br \/>\nO vereador de Santos Bispo Maur\u00edcio Campos (Republicanos) apresentou, na sess\u00e3o da \u00faltima quinta-feira, requerimento solicitando que a Prefeitura realize estudo de viabilidade para implantar a gratuidade no transporte coletivo aos domingos.<\/p>\n<p><strong>Lazer e fortalecimento da economia<\/strong><br \/>&#13;<br \/>\nNa justificativa, o parlamentar argumenta que a medida pode ampliar o acesso da popula\u00e7\u00e3o a praias, parques, museus e centros culturais, fortalecendo o lazer e o turismo urbano. Campos tamb\u00e9m entende que a gratuidade pode estimular o com\u00e9rcio e os setores de servi\u00e7os, j\u00e1 que o custo da passagem deixaria de ser um obst\u00e1culo para o deslocamento.\u00a0<\/p>\n<p><strong>Patrim\u00f4nio reconhecido<\/strong><br \/>&#13;<br \/>\nO governador Tarc\u00edsio Gomes de Freitas (Republicanos) sancionou, na \u00faltima quarta-feira, a Lei 18.400\/2026, que reconhece oficialmente a m\u00fasica eletr\u00f4nica como patrim\u00f4nio cultural imaterial no Estado de S\u00e3o Paulo. A legisla\u00e7\u00e3o \u00e9 de autoria do deputado estadual Caio Fran\u00e7a (PSB).\u00a0<\/p>\n<p><strong>Valoriza\u00e7\u00e3o dos artistas<\/strong><br \/>&#13;<br \/>\n\u201cA m\u00fasica eletr\u00f4nica faz parte da identidade cultural contempor\u00e2nea de S\u00e3o Paulo. Reconhec\u00ea-la como patrim\u00f4nio imaterial \u00e9 reconhecer o trabalho de artistas, produtores, coletivos e profissionais que constroem essa cena h\u00e1 anos, muitas vezes \u00e0 margem das pol\u00edticas p\u00fablicas\u201d, destacou.\u00a0<\/p>\n<p><strong>Novas oportunidades<\/strong><br \/>&#13;<br \/>\nNa avalia\u00e7\u00e3o de Fran\u00e7a, a lei abre espa\u00e7o para a cria\u00e7\u00e3o de programas de forma\u00e7\u00e3o de DJs, incentivo \u00e0 pesquisa e \u00e0 preserva\u00e7\u00e3o da mem\u00f3ria do g\u00eanero, al\u00e9m de apoio a festivais e iniciativas ligadas \u00e0 tecnologia e \u00e0 economia criativa.<br \/>&#13;<br \/>\n\u00a0<\/p>\n<\/p><\/div>\n<p><script async defer crossorigin=\"anonymous\" src=\"https:\/\/connect.facebook.net\/pt_BR\/sdk.js#xfbml=1&#038;version=v12.0&#038;appId=&#038;autoLogAppEvents=1\" nonce=\"ou0fI1lo\"><\/script><br \/>\n<br \/><br \/>\n<br \/>Fonte: <a href=\"https:\/\/www.bs9.com.br\/politica\/prefeito-de-bertioga-cria-nova-secretaria-e-redefine-equipe\/37802\/\">BS9<\/a><\/p>\n","protected":false},"excerpt":{"rendered":"<p>Mudan\u00e7as no Governo&#13; Na \u00faltima sexta-feira, o prefeito de Bertioga, Marcelo Vilares (Uni\u00e3o), sancionou a Lei Complementar n\u00ba 215\/2026, que promove mudan\u00e7as na estrutura administrativa do Munic\u00edpio. De autoria do Executivo, a proposta cria uma nova secretaria e tr\u00eas cargos comissionados: um secret\u00e1rio municipal, uma chefia executiva de gabinete do titular da pasta e uma [&hellip;]<\/p>\n","protected":false},"author":5,"featured_media":13096,"comment_status":"open","ping_status":"open","sticky":false,"template":"","format":"standard","meta":{"_seopress_robots_primary_cat":"","_seopress_titles_title":"","_seopress_titles_desc":"","_seopress_robots_index":"","footnotes":""},"categories":[52],"tags":[],"class_list":["post-64125","post","type-post","status-publish","format-standard","has-post-thumbnail","hentry","category-santoseregiao"],"_links":{"self":[{"href":"https:\/\/mussicom.com\/noticias\/wp-json\/wp\/v2\/posts\/64125","targetHints":{"allow":["GET"]}}],"collection":[{"href":"https:\/\/mussicom.com\/noticias\/wp-json\/wp\/v2\/posts"}],"about":[{"href":"https:\/\/mussicom.com\/noticias\/wp-json\/wp\/v2\/types\/post"}],"author":[{"embeddable":true,"href":"https:\/\/mussicom.com\/noticias\/wp-json\/wp\/v2\/users\/5"}],"replies":[{"embeddable":true,"href":"https:\/\/mussicom.com\/noticias\/wp-json\/wp\/v2\/comments?post=64125"}],"version-history":[{"count":0,"href":"https:\/\/mussicom.com\/noticias\/wp-json\/wp\/v2\/posts\/64125\/revisions"}],"wp:featuredmedia":[{"embeddable":true,"href":"https:\/\/mussicom.com\/noticias\/wp-json\/wp\/v2\/media\/13096"}],"wp:attachment":[{"href":"https:\/\/mussicom.com\/noticias\/wp-json\/wp\/v2\/media?parent=64125"}],"wp:term":[{"taxonomy":"category","embeddable":true,"href":"https:\/\/mussicom.com\/noticias\/wp-json\/wp\/v2\/categories?post=64125"},{"taxonomy":"post_tag","embeddable":true,"href":"https:\/\/mussicom.com\/noticias\/wp-json\/wp\/v2\/tags?post=64125"}],"curies":[{"name":"wp","href":"https:\/\/api.w.org\/{rel}","templated":true}]}}