{"id":64117,"date":"2026-02-22T02:10:16","date_gmt":"2026-02-22T05:10:16","guid":{"rendered":"https:\/\/mussicom.com\/sao-paulo-e-palmeiras-se-garantem-nas-semis-do-campeonato-paulista\/"},"modified":"2026-02-22T02:10:16","modified_gmt":"2026-02-22T05:10:16","slug":"sao-paulo-e-palmeiras-se-garantem-nas-semis-do-campeonato-paulista","status":"publish","type":"post","link":"https:\/\/mussicom.com\/noticias\/sao-paulo-e-palmeiras-se-garantem-nas-semis-do-campeonato-paulista\/","title":{"rendered":"S\u00e3o Paulo e Palmeiras se garantem nas semis do Campeonato Paulista"},"content":{"rendered":"<p> <br \/>\n<\/p>\n<div>\n<p>Os dois primeiros semifinalistas do Campeonato Paulista foram definidos na noite deste s\u00e1bado (21). O primeiro classificado foi o S\u00e3o Paulo, que, jogando no Est\u00e1dio C\u00edcero de Souza Marques, em Bragan\u00e7a Paulista, derrotou o Bragantino pelo placar de 2 a 1.<img decoding=\"async\" src=\"https:\/\/agenciabrasil.ebc.com.br\/ebc.gif?id=1678918&amp;o=node\" style=\"width:1px; height:1px; display:inline;\"\/><\/p>\n<blockquote class=\"twitter-tweet\">\n<p dir=\"ltr\" lang=\"pt\" xml:lang=\"pt\">VIT\u00d3RIA!!! O TRICOLOR EST\u00c1 NAS SEMIFINAIS DO PAULIST\u00c3O! VAMOOOS!!!<\/p>\n<p>Red Bull Bragantino 1\ufe0f\u20e3 x 2\ufe0f\u20e3 S\u00e3o Paulo<\/p>\n<p>\u26bd\ufe0f D. Bobadilla<br \/>\u26bd\ufe0f Lucas<a href=\"https:\/\/twitter.com\/hashtag\/VamosS%C3%A3oPaulo?src=hash&amp;ref_src=twsrc%5Etfw\">#VamosS\u00e3oPaulo<\/a> \ud83c\uddfe\ud83c\uddea<\/p>\n<p>\ud83d\udcf8 Rubens Chiri \/ S\u00e3o Paulo FC <a href=\"https:\/\/t.co\/gkRoEZ1ZIi\">pic.twitter.com\/gkRoEZ1ZIi<\/a><\/p>\n<p>\u2014 S\u00e3o Paulo FC (@SaoPauloFC) <a href=\"https:\/\/twitter.com\/SaoPauloFC\/status\/2025356769388581292?ref_src=twsrc%5Etfw\">February 21, 2026<\/a><\/p><\/blockquote>\n<p>Jogando em casa, o Massa Bruta iniciou melhor na partida, mas o Tricolor do Morumbi assumiu o controle das a\u00e7\u00f5es com o decorrer do tempo e conseguiu abrir o marcador antes do intervalo, aos 39 minutos com o volante paraguaio Bobadilla.<\/p>\n<p>Logo no in\u00edcio da segunda etapa a equipe do t\u00e9cnico argentino Hern\u00e1n Crespo ampliou sua vantagem com o atacante Lucas Moura. Aos 27 o Bragantino chegou a ensaiar uma rea\u00e7\u00e3o com um gol de Gustavo Marques. Mas o placar n\u00e3o foi mais alterado at\u00e9 o apito final.<\/p>\n<h2>Porco semifinalista<\/h2>\n<p>Quem tamb\u00e9m avan\u00e7ou na competi\u00e7\u00e3o foi o Palmeiras, gra\u00e7as a uma vit\u00f3ria por 4\u00a0a 0, com\u00a0um gol do meio-campista Andreas Pereira, um do meia-atacante Ram\u00f3n Sosa\u00a0e dois do centroavante\u00a0Vitor Roque em partida disputada na Arena Barueri.<\/p>\n<blockquote class=\"twitter-tweet\">\n<p dir=\"ltr\" lang=\"pt\" xml:lang=\"pt\">ESTAMOS NA SEMIFINAL DO CAMPEONATO PAULISTA PELO 13\u00ba ANO CONSECUTIVO! SEGUIMOS JUNTOS EM BUSCA DE MAIS UMA DECIS\u00c3O! AVANTI, PALESTRA! \ud83d\udc9a<\/p>\n<p>\ud83c\udfc6 Palmeiras 4&#215;0 Capivariano<br \/>\u26bd Vitor Roque (2x), Andreas Pereira e Ram\u00f3n Sosa.<a href=\"https:\/\/twitter.com\/hashtag\/FimDeJogoSEP?src=hash&amp;ref_src=twsrc%5Etfw\">#FimDeJogoSEP<\/a> <a href=\"https:\/\/twitter.com\/hashtag\/PALxCAP?src=hash&amp;ref_src=twsrc%5Etfw\">#PALxCAP<\/a> <a href=\"https:\/\/t.co\/b85Gs0UUzX\">pic.twitter.com\/b85Gs0UUzX<\/a><\/p>\n<p>\u2014 SE Palmeiras (@Palmeiras) <a href=\"https:\/\/twitter.com\/Palmeiras\/status\/2025382414659252707?ref_src=twsrc%5Etfw\">February 22, 2026<\/a><\/p><\/blockquote>\n<h2>Agenda do Paulista<\/h2>\n<p>Os outros dois semifinalistas do Paulista ser\u00e3o conhecidos no pr\u00f3ximo domingo (22), quando Novorizontino recebe o Santos no est\u00e1dio Jorge Ismael de Biasi, a partir das 16h (hor\u00e1rio de Bras\u00edlia), e a Portuguesa mede for\u00e7as com o Corinthians no est\u00e1dio do Canind\u00e9, a partir das 20h30.<\/p>\n<p>      <!-- Relacionada --><\/p>\n<p>            <!-- Relacionada -->\n    <\/div>\n<p><script async src=\"\/\/platform.twitter.com\/widgets.js\" charset=\"utf-8\"><\/script><br \/>\n<br \/><br \/>\n<br \/>Fonte: <a href=\"https:\/\/agenciabrasil.ebc.com.br\/esportes\/noticia\/2026-02\/sao-paulo-e-palmeiras-se-garantem-nas-semis-do-campeonato-paulista\">Ag\u00eancia Brasil<\/a><\/p>\n","protected":false},"excerpt":{"rendered":"<p>Os dois primeiros semifinalistas do Campeonato Paulista foram definidos na noite deste s\u00e1bado (21). O primeiro classificado foi o S\u00e3o Paulo, que, jogando no Est\u00e1dio C\u00edcero de Souza Marques, em Bragan\u00e7a Paulista, derrotou o Bragantino pelo placar de 2 a 1. VIT\u00d3RIA!!! O TRICOLOR EST\u00c1 NAS SEMIFINAIS DO PAULIST\u00c3O! VAMOOOS!!! Red Bull Bragantino 1\ufe0f\u20e3 x [&hellip;]<\/p>\n","protected":false},"author":5,"featured_media":64118,"comment_status":"open","ping_status":"open","sticky":false,"template":"","format":"standard","meta":{"_seopress_robots_primary_cat":"","_seopress_titles_title":"","_seopress_titles_desc":"","_seopress_robots_index":"","footnotes":""},"categories":[40],"tags":[],"class_list":["post-64117","post","type-post","status-publish","format-standard","has-post-thumbnail","hentry","category-esportes"],"_links":{"self":[{"href":"https:\/\/mussicom.com\/noticias\/wp-json\/wp\/v2\/posts\/64117","targetHints":{"allow":["GET"]}}],"collection":[{"href":"https:\/\/mussicom.com\/noticias\/wp-json\/wp\/v2\/posts"}],"about":[{"href":"https:\/\/mussicom.com\/noticias\/wp-json\/wp\/v2\/types\/post"}],"author":[{"embeddable":true,"href":"https:\/\/mussicom.com\/noticias\/wp-json\/wp\/v2\/users\/5"}],"replies":[{"embeddable":true,"href":"https:\/\/mussicom.com\/noticias\/wp-json\/wp\/v2\/comments?post=64117"}],"version-history":[{"count":0,"href":"https:\/\/mussicom.com\/noticias\/wp-json\/wp\/v2\/posts\/64117\/revisions"}],"wp:featuredmedia":[{"embeddable":true,"href":"https:\/\/mussicom.com\/noticias\/wp-json\/wp\/v2\/media\/64118"}],"wp:attachment":[{"href":"https:\/\/mussicom.com\/noticias\/wp-json\/wp\/v2\/media?parent=64117"}],"wp:term":[{"taxonomy":"category","embeddable":true,"href":"https:\/\/mussicom.com\/noticias\/wp-json\/wp\/v2\/categories?post=64117"},{"taxonomy":"post_tag","embeddable":true,"href":"https:\/\/mussicom.com\/noticias\/wp-json\/wp\/v2\/tags?post=64117"}],"curies":[{"name":"wp","href":"https:\/\/api.w.org\/{rel}","templated":true}]}}