{"id":64103,"date":"2026-02-21T23:18:21","date_gmt":"2026-02-22T02:18:21","guid":{"rendered":"https:\/\/mussicom.com\/por-que-a-nestle-decidiu-abandonar-sua-linha-de-sorvetes\/"},"modified":"2026-02-21T23:18:21","modified_gmt":"2026-02-22T02:18:21","slug":"por-que-a-nestle-decidiu-abandonar-sua-linha-de-sorvetes","status":"publish","type":"post","link":"https:\/\/mussicom.com\/noticias\/por-que-a-nestle-decidiu-abandonar-sua-linha-de-sorvetes\/","title":{"rendered":"Por que a Nestl\u00e9 decidiu abandonar sua linha de sorvetes"},"content":{"rendered":"<p> <br \/>\n<\/p>\n<div id=\"tp-post-content\">\n<p class=\"postParagraph_post-paragraph__juWZN postParagraph_post-paragraph-innerHtml__Q5vwc\">Marcas como La Frutta, Mega e Mo\u00e7a habitam a mem\u00f3ria afetiva de gera\u00e7\u00f5es de brasileiros. Mas a linha de sorvetes da Nestl\u00e9 no pa\u00eds \u2014 e em diversos outros mercados \u2014 est\u00e1 com os dias contados.<\/p>\n<p class=\"postParagraph_post-paragraph__juWZN postParagraph_post-paragraph-innerHtml__Q5vwc\">A gigante su\u00ed\u00e7a anunciou o abandono total do segmento at\u00e9 2027. A decis\u00e3o faz parte de uma reestrutura\u00e7\u00e3o da Nestl\u00e9 em n\u00edvel global, liderada pelo presidente-executivo Philipp Navratil, no cargo desde setembro de 2025. O objetivo \u00e9 concentrar os recursos da companhia em quatro pilares centrais: caf\u00e9, produtos para animais de estima\u00e7\u00e3o, nutri\u00e7\u00e3o e alimentos.<\/p>\n<p class=\"postParagraph_post-paragraph__juWZN postParagraph_post-paragraph-innerHtml__Q5vwc\">Os ativos de sorvetes em pa\u00edses como Canad\u00e1, China e Brasil ser\u00e3o vendidos para a Froneri, parceria criada em 2016 com o fundo de investimento PAI Partners, que j\u00e1 administra marcas como a H\u00e4agen-Dazs, segundo o <em>Financial Times<\/em> e o <em>Wall Street Journal<\/em>.<\/p>\n<p class=\"postParagraph_post-paragraph__juWZN postParagraph_post-paragraph-innerHtml__Q5vwc\">A urg\u00eancia da reestrutura\u00e7\u00e3o tem endere\u00e7o nos balan\u00e7os. Em 2025, o lucro l\u00edquido caiu 17%, totalizando 9,03 bilh\u00f5es de francos su\u00ed\u00e7os, pressionado por infla\u00e7\u00e3o de custos e despesas elevadas com marketing, segundo dados da companhia reportados pelo <em>Wall Street Journal<\/em>. O fim dos sorvetes Nestl\u00e9 integra um plano de economia de 3 bilh\u00f5es de francos su\u00ed\u00e7os at\u00e9 2027.<\/p>\n<h2 class=\"postParagraph_post-paragraph__juWZN postParagraph_post-paragraph-innerHtml__Q5vwc postParagraph_type-tag-h2__TtFkT\"><em>Recall<\/em> abala a confian\u00e7a e agrava crise na Nestl\u00e9<\/h2>\n<p class=\"postParagraph_post-paragraph__juWZN postParagraph_post-paragraph-innerHtml__Q5vwc\">Se a press\u00e3o financeira j\u00e1 era suficiente para for\u00e7ar mudan\u00e7as, um segundo fronte agravou a situa\u00e7\u00e3o. A empresa enfrenta um <em>recall<\/em> da Nestl\u00e9 em escala global envolvendo f\u00f3rmulas infantis contaminadas pela toxina <em>cereulide<\/em>, que afetou produtos em mais de sessenta pa\u00edses, de acordo com informa\u00e7\u00f5es da empresa reportadas pelo <em>Financial Times<\/em>.<\/p>\n<p class=\"postParagraph_post-paragraph__juWZN postParagraph_post-paragraph-innerHtml__Q5vwc\">O impacto financeiro \u00e9 estimado em centenas de milh\u00f5es de francos su\u00ed\u00e7os apenas no primeiro trimestre de 2026, e o dano \u00e0 reputa\u00e7\u00e3o pode ser ainda mais duradouro.<\/p>\n<p class=\"postParagraph_post-paragraph__juWZN postParagraph_post-paragraph-innerHtml__Q5vwc\">A Nestl\u00e9 n\u00e3o est\u00e1 sozinha nessa dire\u00e7\u00e3o. Unilever e Keurig Dr Pepper tamb\u00e9m anunciaram a separa\u00e7\u00e3o de divis\u00f5es menos lucrativas para concentrar esfor\u00e7os nas opera\u00e7\u00f5es principais \u2014 sinal de que o modelo de grandes conglomerados de alimentos est\u00e1 sendo questionado em toda a ind\u00fastria.<\/p>\n<p class=\"postParagraph_post-paragraph__juWZN postParagraph_post-paragraph-innerHtml__Q5vwc\">O mercado reagiu de forma positiva, com as a\u00e7\u00f5es subindo em Zurique. Analistas, por\u00e9m, alertam que a confian\u00e7a de longo prazo depender\u00e1 da capacidade da Nestl\u00e9 de cumprir as metas de corte de custos \u2014 e de retomar o crescimento depois de um dos per\u00edodos mais turbulentos de sua hist\u00f3ria recente.<\/p>\n<\/div>\n<p><br \/>\n<br \/>Fonte: <a href=\"https:\/\/www.gazetadopovo.com.br\/economia\/nestle-abandona-sorvetes-reestruturacao-global-brasil\/\">Gazeta do Povo<\/a><\/p>\n","protected":false},"excerpt":{"rendered":"<p>Marcas como La Frutta, Mega e Mo\u00e7a habitam a mem\u00f3ria afetiva de gera\u00e7\u00f5es de brasileiros. Mas a linha de sorvetes da Nestl\u00e9 no pa\u00eds \u2014 e em diversos outros mercados \u2014 est\u00e1 com os dias contados. A gigante su\u00ed\u00e7a anunciou o abandono total do segmento at\u00e9 2027. A decis\u00e3o faz parte de uma reestrutura\u00e7\u00e3o da [&hellip;]<\/p>\n","protected":false},"author":5,"featured_media":64104,"comment_status":"open","ping_status":"open","sticky":false,"template":"","format":"standard","meta":{"_seopress_robots_primary_cat":"","_seopress_titles_title":"","_seopress_titles_desc":"","_seopress_robots_index":"","footnotes":""},"categories":[45],"tags":[],"class_list":["post-64103","post","type-post","status-publish","format-standard","has-post-thumbnail","hentry","category-economia"],"_links":{"self":[{"href":"https:\/\/mussicom.com\/noticias\/wp-json\/wp\/v2\/posts\/64103","targetHints":{"allow":["GET"]}}],"collection":[{"href":"https:\/\/mussicom.com\/noticias\/wp-json\/wp\/v2\/posts"}],"about":[{"href":"https:\/\/mussicom.com\/noticias\/wp-json\/wp\/v2\/types\/post"}],"author":[{"embeddable":true,"href":"https:\/\/mussicom.com\/noticias\/wp-json\/wp\/v2\/users\/5"}],"replies":[{"embeddable":true,"href":"https:\/\/mussicom.com\/noticias\/wp-json\/wp\/v2\/comments?post=64103"}],"version-history":[{"count":0,"href":"https:\/\/mussicom.com\/noticias\/wp-json\/wp\/v2\/posts\/64103\/revisions"}],"wp:featuredmedia":[{"embeddable":true,"href":"https:\/\/mussicom.com\/noticias\/wp-json\/wp\/v2\/media\/64104"}],"wp:attachment":[{"href":"https:\/\/mussicom.com\/noticias\/wp-json\/wp\/v2\/media?parent=64103"}],"wp:term":[{"taxonomy":"category","embeddable":true,"href":"https:\/\/mussicom.com\/noticias\/wp-json\/wp\/v2\/categories?post=64103"},{"taxonomy":"post_tag","embeddable":true,"href":"https:\/\/mussicom.com\/noticias\/wp-json\/wp\/v2\/tags?post=64103"}],"curies":[{"name":"wp","href":"https:\/\/api.w.org\/{rel}","templated":true}]}}