{"id":64080,"date":"2026-02-21T19:17:15","date_gmt":"2026-02-21T22:17:15","guid":{"rendered":"https:\/\/mussicom.com\/militares-e-medicos-cubanos-deixam-a-venezuela\/"},"modified":"2026-02-21T19:17:15","modified_gmt":"2026-02-21T22:17:15","slug":"militares-e-medicos-cubanos-deixam-a-venezuela","status":"publish","type":"post","link":"https:\/\/mussicom.com\/noticias\/militares-e-medicos-cubanos-deixam-a-venezuela\/","title":{"rendered":"militares e m\u00e9dicos cubanos deixam a Venezuela"},"content":{"rendered":"<p> <br \/>\n<\/p>\n<div id=\"tp-post-content\">\n<p class=\"postParagraph_post-paragraph__juWZN postParagraph_post-paragraph-innerHtml__Q5vwc\">Soldados, agentes de intelig\u00eancia e milhares de m\u00e9dicos cubanos est\u00e3o saindo da Venezuela. A retirada, acelerada nas \u00faltimas semanas, marca o encerramento de uma parceria estrat\u00e9gica que durou mais de 20 anos \u2014 e foi fundamental tanto para a sobreviv\u00eancia do chavismo quanto para a influ\u00eancia de Havana na Am\u00e9rica Latina.<\/p>\n<p class=\"postParagraph_post-paragraph__juWZN postParagraph_post-paragraph-innerHtml__Q5vwc\">O processo come\u00e7ou com a captura do ditador Nicol\u00e1s Maduro, no dia de 3 janeiro. Durante a opera\u00e7\u00e3o americana em Caracas, 32 guarda-costas cubanos morreram \u2014 o que confirmou a presen\u00e7a militar estrangeira no pa\u00eds.<\/p>\n<p class=\"postParagraph_post-paragraph__juWZN postParagraph_post-paragraph-innerHtml__Q5vwc\">Desde ent\u00e3o, o governo dos Estados Unidos vem pressionando a ditadora interina Delcy Rodr\u00edguez a romper definitivamente com Havana como condi\u00e7\u00e3o para qualquer reaproxima\u00e7\u00e3o com Washington. E Rodr\u00edguez, pelo menos neste primeiro momento, aceitou os termos.<\/p>\n<p class=\"postParagraph_post-paragraph__juWZN postParagraph_post-paragraph-innerHtml__Q5vwc\">Assessores cubanos foram removidos de postos na Dire\u00e7\u00e3o Geral de Contraintelig\u00eancia Militar, o temido servi\u00e7o secreto que durante anos funcionou com participa\u00e7\u00e3o direta de agentes de Havana. A guarda pessoal cubana, que protegia Ch\u00e1vez e Maduro, tamb\u00e9m foi dispensada.<\/p>\n<p class=\"postParagraph_post-paragraph__juWZN postParagraph_post-paragraph-innerHtml__Q5vwc\">Para os analistas, tratam-se de gestos simb\u00f3licos, mas de peso pol\u00edtico consider\u00e1vel.<\/p>\n<h2 class=\"postParagraph_post-paragraph__juWZN postParagraph_post-paragraph-innerHtml__Q5vwc postParagraph_type-tag-h2__TtFkT\">O \u201cMais M\u00e9dicos\u201d deles<\/h2>\n<p class=\"postParagraph_post-paragraph__juWZN postParagraph_post-paragraph-innerHtml__Q5vwc\">A sa\u00edda n\u00e3o se limita ao campo militar. Milhares de m\u00e9dicos e enfermeiros cubanos, que trabalhavam em programas sociais do chavismo em comunidades pobres do pa\u00eds, tamb\u00e9m est\u00e3o retornando \u00e0 ilha do Caribe.<\/p>\n<p class=\"postParagraph_post-paragraph__juWZN postParagraph_post-paragraph-innerHtml__Q5vwc\">Essa parceria m\u00e9dica era, na pr\u00e1tica, paga com petr\u00f3leo venezuelano, por meio um acordo que sustentou a economia cubana por d\u00e9cadas \u2014 qualquer semelhan\u00e7a com o Programa Mais M\u00e9dicos, criado nos governos do PT, n\u00e3o \u00e9 mera coincid\u00eancia hist\u00f3rica.<\/p>\n<h2 class=\"postParagraph_post-paragraph__juWZN postParagraph_post-paragraph-innerHtml__Q5vwc postParagraph_type-tag-h2__TtFkT\">\u201cMomento Muro de Berlim\u201d<\/h2>\n<p class=\"postParagraph_post-paragraph__juWZN postParagraph_post-paragraph-innerHtml__Q5vwc\">Enquanto Washington j\u00e1 classifica o regime cubano como \u201cfalido\u201d, a Venezuela ensaia um movimento de aproxima\u00e7\u00e3o com os americanos em \u00e1reas como narcotr\u00e1fico e migra\u00e7\u00e3o \u2014 temas priorit\u00e1rios para o governo Trump na regi\u00e3o.<\/p>\n<p class=\"postParagraph_post-paragraph__juWZN postParagraph_post-paragraph-innerHtml__Q5vwc\">No \u00faltimo dia 18, o general dos Fuzileiros Navais Francis L. Donovan, chefe do Comando Sul dos EUA, visitou Caracas em uma viagem surpresa. Ele se encontrou com autoridades venezuelanas e discutiu projetos de \u201cestabiliza\u00e7\u00e3o do pa\u00eds e seguran\u00e7a no Hemisf\u00e9rio Ocidental\u201d.<\/p>\n<p class=\"postParagraph_post-paragraph__juWZN postParagraph_post-paragraph-innerHtml__Q5vwc\">Em bom portugu\u00eas, as duas partes sentaram \u00e0 mesa para redesenhar sua rela\u00e7\u00e3o militar e mandar um recado pol\u00edtico a Havana e aos pr\u00f3prios herdeiros do chavismo. Afinal, o apoio cubano \u2014 espalhado pelas For\u00e7as Armadas, servi\u00e7os secretos e pol\u00edticas sociais \u2014 era o que garantia ao regime venezuelano sobreviver \u00e0s tentativas de derrubada.<\/p>\n<p class=\"postParagraph_post-paragraph__juWZN postParagraph_post-paragraph-innerHtml__Q5vwc\">No dia seguinte \u00e0 reuni\u00e3o do general Donovan com o governo interino, a l\u00edder da oposi\u00e7\u00e3o venezuelana, Maria Corina Machado, elogiou a estrat\u00e9gia americana de desmontar a alian\u00e7a entre chavistas e cubanos. Segundo ela, a redu\u00e7\u00e3o da influ\u00eancia de Havana no pa\u00eds \u00e9 \u201co momento Muro de Berlim das Am\u00e9ricas\u201d.<\/p>\n<div class=\"postViewMore_post-view-more-container___5wai\" data-mrf-recirculation=\"Post - Veja tamb\u00e9m\">\n<p class=\"gp-styles-module-size-small-afeYRa gp-styles-module-font-family2-afeYRa gp-styles-module-color-secondary-afeYRa gp-styles-module-weight-bold-afeYRa\">VEJA TAMB\u00c9M:<\/p>\n<ul class=\"postViewMore_post-view-more-list__CU_CE\">\n<li class=\"postViewMore_post-view-more-item__2MzRb\">\n<div class=\"postViewMore_post-view-more-image__5gUSe\"><picture class=\"imageDefault_image-container__XGd8_\"><\/picture><\/div>\n<p>Venezuela inicia liberta\u00e7\u00e3o de centenas de presos pol\u00edticos ap\u00f3s aprovar lei de anistia<\/li>\n<li class=\"postViewMore_post-view-more-item__2MzRb\">\n<div class=\"postViewMore_post-view-more-image__5gUSe\"><picture class=\"imageDefault_image-container__XGd8_\"><img decoding=\"async\" class=\"imageDefault_image-item__lU2Dk\" src=\"https:\/\/media.gazetadopovo.com.br\/2023\/05\/29203501\/lula-maduro-1-crop-20230529233440-380x214.jpg.webp\" alt=\"EUA Maduro\" width=\"72\" height=\"72\"\/><\/picture><\/div>\n<p>Lula critica pris\u00e3o de Maduro pelos EUA e pede para Justi\u00e7a da Venezuela julgar ditador<\/li>\n<\/ul>\n<\/div>\n<\/div>\n<p><br \/>\n<br \/>Fonte: <a href=\"https:\/\/www.gazetadopovo.com.br\/mundo\/militares-medicos-cubanos-deixam-venezuela\/\">Revista Oeste<\/a><\/p>\n","protected":false},"excerpt":{"rendered":"<p>Soldados, agentes de intelig\u00eancia e milhares de m\u00e9dicos cubanos est\u00e3o saindo da Venezuela. A retirada, acelerada nas \u00faltimas semanas, marca o encerramento de uma parceria estrat\u00e9gica que durou mais de 20 anos \u2014 e foi fundamental tanto para a sobreviv\u00eancia do chavismo quanto para a influ\u00eancia de Havana na Am\u00e9rica Latina. O processo come\u00e7ou com [&hellip;]<\/p>\n","protected":false},"author":5,"featured_media":64081,"comment_status":"open","ping_status":"open","sticky":false,"template":"","format":"standard","meta":{"_seopress_robots_primary_cat":"","_seopress_titles_title":"","_seopress_titles_desc":"","_seopress_robots_index":"","footnotes":""},"categories":[48],"tags":[],"class_list":["post-64080","post","type-post","status-publish","format-standard","has-post-thumbnail","hentry","category-internacional"],"_links":{"self":[{"href":"https:\/\/mussicom.com\/noticias\/wp-json\/wp\/v2\/posts\/64080","targetHints":{"allow":["GET"]}}],"collection":[{"href":"https:\/\/mussicom.com\/noticias\/wp-json\/wp\/v2\/posts"}],"about":[{"href":"https:\/\/mussicom.com\/noticias\/wp-json\/wp\/v2\/types\/post"}],"author":[{"embeddable":true,"href":"https:\/\/mussicom.com\/noticias\/wp-json\/wp\/v2\/users\/5"}],"replies":[{"embeddable":true,"href":"https:\/\/mussicom.com\/noticias\/wp-json\/wp\/v2\/comments?post=64080"}],"version-history":[{"count":0,"href":"https:\/\/mussicom.com\/noticias\/wp-json\/wp\/v2\/posts\/64080\/revisions"}],"wp:featuredmedia":[{"embeddable":true,"href":"https:\/\/mussicom.com\/noticias\/wp-json\/wp\/v2\/media\/64081"}],"wp:attachment":[{"href":"https:\/\/mussicom.com\/noticias\/wp-json\/wp\/v2\/media?parent=64080"}],"wp:term":[{"taxonomy":"category","embeddable":true,"href":"https:\/\/mussicom.com\/noticias\/wp-json\/wp\/v2\/categories?post=64080"},{"taxonomy":"post_tag","embeddable":true,"href":"https:\/\/mussicom.com\/noticias\/wp-json\/wp\/v2\/tags?post=64080"}],"curies":[{"name":"wp","href":"https:\/\/api.w.org\/{rel}","templated":true}]}}