{"id":6405,"date":"2025-03-17T15:24:05","date_gmt":"2025-03-17T18:24:05","guid":{"rendered":"https:\/\/www.mussicom.com\/chevrolet-pode-ter-que-pagar-indenizacao-a-mais-de-4-mil-clientes\/"},"modified":"2025-03-17T15:24:05","modified_gmt":"2025-03-17T18:24:05","slug":"chevrolet-pode-ter-que-pagar-indenizacao-a-mais-de-4-mil-clientes","status":"publish","type":"post","link":"https:\/\/mussicom.com\/noticias\/chevrolet-pode-ter-que-pagar-indenizacao-a-mais-de-4-mil-clientes\/","title":{"rendered":"Chevrolet pode ter que pagar indeniza\u00e7\u00e3o a mais de 4 mil clientes"},"content":{"rendered":"<p> <br \/>\n<\/p>\n<div id=\"hd80s9wa1h892edh8192\">\n<p>A Chevrolet, empresa do grupo General Motors do Brasil (GMB), pode ser obrigada a pagar uma indeniza\u00e7\u00e3o superior a R$ 92 milh\u00f5es a mais de 4 mil consumidores, em processo movido contra ela na Justi\u00e7a Federal. <\/p>\n<p>A a\u00e7\u00e3o foi movida pelo Minist\u00e9rio P\u00fablico Federal (MPF) e solicita que a empresa cubra danos morais coletivos em raz\u00e3o da produ\u00e7\u00e3o e venda de ve\u00edculos Chevrolet Onix envolvidos em acidentes. A Chevrolet \u00e9 a \u00fanica <strong>marca da GM<\/strong> em atua\u00e7\u00e3o no Brasil. As informa\u00e7\u00f5es s\u00e3o do portal Metr\u00f3poles.<\/p>\n<p><strong>+ Leia mais not\u00edcias de Economia em Oeste<\/strong><\/p>\n<p>O n\u00facleo do processo est\u00e1 nos carros fabricados entre 2012 e 14 de janeiro de 2018. O MPF argumenta que esses ve\u00edculos n\u00e3o oferecem \u201cseguran\u00e7a adequada contra impactos laterais\u201d. De acordo com informa\u00e7\u00f5es fornecidas pela Uni\u00e3o e anexadas ao processo, entre 2018 e 2024 ocorreram 4.189 acidentes com o modelo.<\/p>\n<blockquote class=\"instagram-media\" data-instgrm-captioned=\"\" data-instgrm-permalink=\"https:\/\/www.instagram.com\/p\/DGTOJq3RY2g\/?utm_source=ig_embed&amp;utm_campaign=loading\" data-instgrm-version=\"14\" style=\" background:#FFF; border:0; border-radius:3px; box-shadow:0 0 1px 0 rgba(0,0,0,0.5),0 1px 10px 0 rgba(0,0,0,0.15); margin: 1px; max-width:540px; min-width:326px; padding:0; width:99.375%; width:-webkit-calc(100% - 2px); width:calc(100% - 2px);\"\/>\n<p>Entre os sinistros, 1.546 resultaram em ferimentos leves, 290 em feridos graves e 48 em mortes. O MPF sugere que a indeniza\u00e7\u00e3o receba esse tipo de divis\u00e3o:<\/p>\n<ul>\n<li>R$ 100 mil para as fam\u00edlias de cada morte em acidentes causados por impacto lateral;<\/li>\n<li>R$ 50 mil para consumidores que comprovarem danos f\u00edsicos resultantes de tais acidentes;<\/li>\n<li>O valor restante, destinado ao dano moral coletivo, ser\u00e1 calculado com base no faturamento da GM com as vendas do Onix. Se n\u00e3o houver comprova\u00e7\u00e3o dos danos individuais, o montante ser\u00e1 destinado ao Fundo de Direitos Difusos.<\/li>\n<\/ul>\n<p>A an\u00e1lise do pedido est\u00e1 sob responsabilidade da 3\u00aa Vara Federal C\u00edvel do Distrito Federal.<\/p>\n<h2 class=\"wp-block-heading\">Modelo da Chevrolet foi o mais vendido<\/h2>\n<p>Em adi\u00e7\u00e3o, o MPF, conforme reportado pelo portal em fevereiro, tamb\u00e9m exige que a GM realize um <em>recall<\/em> para fazer as corre\u00e7\u00f5es necess\u00e1rias nos ve\u00edculos, de forma gratuita, para garantir que atendam \u00e0s normas de seguran\u00e7a vigentes. O \u00f3rg\u00e3o ainda pede que a Justi\u00e7a decida de forma antecipada sobre o caso, sem a necessidade de mais audi\u00eancias nem provas adicionais.<\/p>\n<p>A acusa\u00e7\u00e3o do<strong> MPF<\/strong> \u00e9 que, desde 2012, a GM tem comercializado um modelo inadequado, que contribui para o aumento de acidentes graves. Entre o lan\u00e7amento do Onix, no final de 2012, e outubro de 2018. Foram vendidos mais de 1 milh\u00e3o de unidades do ve\u00edculo, o modelo mais comercializado do Brasil em 2019. A GM teve um faturamento anual de cerca de R$ 8,3 bilh\u00f5es.<\/p>\n<p><strong>Leia mais: \u201cGeneral Motors demite mil funcion\u00e1rios para cortar custos\u201d<\/strong><\/p>\n<p>Em resposta \u00e0 a\u00e7\u00e3o, a GM declarou, por meio de nota, em fevereiro, que o Onix \u201catende integralmente \u00e0s especifica\u00e7\u00f5es t\u00e9cnicas exigidas pela legisla\u00e7\u00e3o brasileira\u201d. A nota ainda ressalta: <\/p>\n<p>\u201cA General Motors n\u00e3o comenta casos que est\u00e3o em andamento na Justi\u00e7a\u201d, acrescenta o comunicado. \u201cNo entanto, \u00e9 importante ressaltar que o ve\u00edculo em quest\u00e3o atende integralmente \u00e0s especifica\u00e7\u00f5es t\u00e9cnicas exigidas pela legisla\u00e7\u00e3o brasileira, incluindo todas as normas e as regulamenta\u00e7\u00f5es veiculares em vigor.\u201d<\/p>\n<\/p><\/div>\n<p><script async src=\"\/\/www.instagram.com\/embed.js\"><\/script><br \/>\n<br \/><br \/>\n<br \/>Fonte: <a href=\"https:\/\/revistaoeste.com\/economia\/chevrolet-pode-ter-que-pagar-indenizacao-a-mais-de-4-mil-clientes\/\">Revista oeste<\/a><\/p>\n","protected":false},"excerpt":{"rendered":"<p>A Chevrolet, empresa do grupo General Motors do Brasil (GMB), pode ser obrigada a pagar uma indeniza\u00e7\u00e3o superior a R$ 92 milh\u00f5es a mais de 4 mil consumidores, em processo movido contra ela na Justi\u00e7a Federal. A a\u00e7\u00e3o foi movida pelo Minist\u00e9rio P\u00fablico Federal (MPF) e solicita que a empresa cubra danos morais coletivos em [&hellip;]<\/p>\n","protected":false},"author":5,"featured_media":6406,"comment_status":"open","ping_status":"open","sticky":false,"template":"","format":"standard","meta":{"_seopress_robots_primary_cat":"","_seopress_titles_title":"","_seopress_titles_desc":"","_seopress_robots_index":"","footnotes":""},"categories":[45],"tags":[],"class_list":["post-6405","post","type-post","status-publish","format-standard","has-post-thumbnail","hentry","category-economia"],"_links":{"self":[{"href":"https:\/\/mussicom.com\/noticias\/wp-json\/wp\/v2\/posts\/6405","targetHints":{"allow":["GET"]}}],"collection":[{"href":"https:\/\/mussicom.com\/noticias\/wp-json\/wp\/v2\/posts"}],"about":[{"href":"https:\/\/mussicom.com\/noticias\/wp-json\/wp\/v2\/types\/post"}],"author":[{"embeddable":true,"href":"https:\/\/mussicom.com\/noticias\/wp-json\/wp\/v2\/users\/5"}],"replies":[{"embeddable":true,"href":"https:\/\/mussicom.com\/noticias\/wp-json\/wp\/v2\/comments?post=6405"}],"version-history":[{"count":0,"href":"https:\/\/mussicom.com\/noticias\/wp-json\/wp\/v2\/posts\/6405\/revisions"}],"wp:featuredmedia":[{"embeddable":true,"href":"https:\/\/mussicom.com\/noticias\/wp-json\/wp\/v2\/media\/6406"}],"wp:attachment":[{"href":"https:\/\/mussicom.com\/noticias\/wp-json\/wp\/v2\/media?parent=6405"}],"wp:term":[{"taxonomy":"category","embeddable":true,"href":"https:\/\/mussicom.com\/noticias\/wp-json\/wp\/v2\/categories?post=6405"},{"taxonomy":"post_tag","embeddable":true,"href":"https:\/\/mussicom.com\/noticias\/wp-json\/wp\/v2\/tags?post=6405"}],"curies":[{"name":"wp","href":"https:\/\/api.w.org\/{rel}","templated":true}]}}