{"id":64026,"date":"2026-02-21T11:05:15","date_gmt":"2026-02-21T14:05:15","guid":{"rendered":"https:\/\/mussicom.com\/lula-volta-a-condenar-prisao-de-maduro-pelos-eua\/"},"modified":"2026-02-21T11:05:15","modified_gmt":"2026-02-21T14:05:15","slug":"lula-volta-a-condenar-prisao-de-maduro-pelos-eua","status":"publish","type":"post","link":"https:\/\/mussicom.com\/noticias\/lula-volta-a-condenar-prisao-de-maduro-pelos-eua\/","title":{"rendered":"Lula volta a condenar pris\u00e3o de Maduro pelos EUA"},"content":{"rendered":"<p> <br \/>\n<\/p>\n<div id=\"tp-post-content\">\n<p class=\"postParagraph_post-paragraph__juWZN postParagraph_post-paragraph-innerHtml__Q5vwc\">O presidente Luiz In\u00e1cio Lula da Silva (PT) voltou a classificar como \u201cinaceit\u00e1vel\u201d a captura e pris\u00e3o do ditador venezuelano Nicol\u00e1s Maduro pelos Estados Unidos e reafirmou que n\u00e3o h\u00e1 justificativa plaus\u00edvel para a opera\u00e7\u00e3o. Em entrevista nesta sexta-feira (20) \u00e0 emissora India Today, Lula defendeu que, caso Maduro tenha de responder \u00e0 Justi\u00e7a, o julgamento deveria ocorrer em seu pr\u00f3prio pa\u00eds, e n\u00e3o no exterior, criticando a interfer\u00eancia de uma na\u00e7\u00e3o sobre outra.<\/p>\n<p class=\"postParagraph_post-paragraph__juWZN postParagraph_post-paragraph-innerHtml__Q5vwc\">A declara\u00e7\u00e3o do presidente brasileiro ocorre em meio \u00e0 visita oficial dele \u00e0 \u00cdndia, onde celebra acordos bilaterais, e \u00e0 continuidade da repercuss\u00e3o da interven\u00e7\u00e3o militar americana em Caracas, que resultou na captura de Maduro no in\u00edcio de janeiro e abriu novo cap\u00edtulo de tens\u00e3o na Am\u00e9rica do Sul.<\/p>\n<p class=\"postParagraph_post-paragraph__juWZN postParagraph_post-paragraph-innerHtml__Q5vwc\">Apesar das cr\u00edticas de Lula, a sucessora de Maduro, Delci Rodr\u00edguez, firmou acordos com o presidente dos Estados Unidos, Donald Trump, incluindo a explora\u00e7\u00e3o de petr\u00f3leo por companhias americanas e a liberta\u00e7\u00e3o de presos pol\u00edticos.<\/p>\n<div class=\"postViewMore_post-view-more-container___5wai\" data-mrf-recirculation=\"Post - Veja tamb\u00e9m\">\n<p class=\"gp-styles-module-size-small-afeYRa gp-styles-module-font-family2-afeYRa gp-styles-module-color-secondary-afeYRa gp-styles-module-weight-bold-afeYRa\">VEJA TAMB\u00c9M:<\/p>\n<ul class=\"postViewMore_post-view-more-list__CU_CE\">\n<li class=\"postViewMore_post-view-more-item__2MzRb\">\n<div class=\"postViewMore_post-view-more-image__5gUSe\"><picture class=\"imageDefault_image-container__XGd8_\"><\/picture><\/div>\n<p>Lula em Washington: como Trump vai receb\u00ea-lo?<\/li>\n<\/ul>\n<\/div>\n<p class=\"postParagraph_post-paragraph__juWZN postParagraph_post-paragraph-innerHtml__Q5vwc\">Lula tem sustentado que o epis\u00f3dio representa desrespeito \u00e0 integridade territorial venezuelana e um precedente perigoso para o direito internacional, al\u00e9m de insistir que a prioridade deve ser a consolida\u00e7\u00e3o do processo democr\u00e1tico no pa\u00eds vizinho. Desde a opera\u00e7\u00e3o, o governo brasileiro vem adotando uma linha cr\u00edtica \u00e0 a\u00e7\u00e3o dos EUA, alinhada ao tradicional discurso de defesa da soberania e da n\u00e3o interven\u00e7\u00e3o na regi\u00e3o.<\/p>\n<p class=\"postParagraph_post-paragraph__juWZN postParagraph_post-paragraph-innerHtml__Q5vwc\">O epis\u00f3dio tamb\u00e9m repercute no debate interno brasileiro, alimentando cr\u00edticas da oposi\u00e7\u00e3o e reacendendo o debate sobre o posicionamento do Brasil diante do regime chavista e das tens\u00f5es geopol\u00edticas no continente.<\/p>\n<p class=\"postParagraph_post-paragraph__juWZN postParagraph_post-paragraph-innerHtml__Q5vwc\">No plano internacional, a captura \u2014 realizada ap\u00f3s uma a\u00e7\u00e3o militar que levou Maduro para fora da Venezuela sob acusa\u00e7\u00f5es ligadas ao narcotr\u00e1fico \u2014 intensificou o debate sobre limites da jurisdi\u00e7\u00e3o extraterritorial e o papel das grandes pot\u00eancias na pol\u00edtica latino-americana, tema que Lula tem explorado ao dizer que a Am\u00e9rica do Sul deve seguir como \u201czona de paz\u201d.<\/p>\n<\/div>\n<p><br \/>\n<br \/>Fonte: <a href=\"https:\/\/www.gazetadopovo.com.br\/republica\/lula-critica-prisao-de-maduro-pelos-eua-e-pede-para-justica-da-venezuela-julgar-ditador\/\">Revista Oeste<\/a><\/p>\n","protected":false},"excerpt":{"rendered":"<p>O presidente Luiz In\u00e1cio Lula da Silva (PT) voltou a classificar como \u201cinaceit\u00e1vel\u201d a captura e pris\u00e3o do ditador venezuelano Nicol\u00e1s Maduro pelos Estados Unidos e reafirmou que n\u00e3o h\u00e1 justificativa plaus\u00edvel para a opera\u00e7\u00e3o. Em entrevista nesta sexta-feira (20) \u00e0 emissora India Today, Lula defendeu que, caso Maduro tenha de responder \u00e0 Justi\u00e7a, o [&hellip;]<\/p>\n","protected":false},"author":5,"featured_media":38599,"comment_status":"open","ping_status":"open","sticky":false,"template":"","format":"standard","meta":{"_seopress_robots_primary_cat":"","_seopress_titles_title":"","_seopress_titles_desc":"","_seopress_robots_index":"","footnotes":""},"categories":[1],"tags":[],"class_list":["post-64026","post","type-post","status-publish","format-standard","has-post-thumbnail","hentry","category-ultimas-noticias"],"_links":{"self":[{"href":"https:\/\/mussicom.com\/noticias\/wp-json\/wp\/v2\/posts\/64026","targetHints":{"allow":["GET"]}}],"collection":[{"href":"https:\/\/mussicom.com\/noticias\/wp-json\/wp\/v2\/posts"}],"about":[{"href":"https:\/\/mussicom.com\/noticias\/wp-json\/wp\/v2\/types\/post"}],"author":[{"embeddable":true,"href":"https:\/\/mussicom.com\/noticias\/wp-json\/wp\/v2\/users\/5"}],"replies":[{"embeddable":true,"href":"https:\/\/mussicom.com\/noticias\/wp-json\/wp\/v2\/comments?post=64026"}],"version-history":[{"count":0,"href":"https:\/\/mussicom.com\/noticias\/wp-json\/wp\/v2\/posts\/64026\/revisions"}],"wp:featuredmedia":[{"embeddable":true,"href":"https:\/\/mussicom.com\/noticias\/wp-json\/wp\/v2\/media\/38599"}],"wp:attachment":[{"href":"https:\/\/mussicom.com\/noticias\/wp-json\/wp\/v2\/media?parent=64026"}],"wp:term":[{"taxonomy":"category","embeddable":true,"href":"https:\/\/mussicom.com\/noticias\/wp-json\/wp\/v2\/categories?post=64026"},{"taxonomy":"post_tag","embeddable":true,"href":"https:\/\/mussicom.com\/noticias\/wp-json\/wp\/v2\/tags?post=64026"}],"curies":[{"name":"wp","href":"https:\/\/api.w.org\/{rel}","templated":true}]}}